{"id":80101,"date":"2025-12-19T15:24:10","date_gmt":"2025-12-19T15:24:10","guid":{"rendered":"https:\/\/www.europesays.com\/lv\/80101\/"},"modified":"2025-12-19T15:24:10","modified_gmt":"2025-12-19T15:24:10","slug":"lielbritanija-atgriezas-erasmus-programma-2027-gada-jaunas-iespejas-jaunatnei-lente-lv","status":"publish","type":"post","link":"https:\/\/www.europesays.com\/lv\/80101\/","title":{"rendered":"Lielbrit\u0101nija atgrie\u017eas Erasmus+ programm\u0101 2027. gad\u0101: jaunas iesp\u0113jas jaunatnei\u00a0\u2014\u00a0Lente.lv"},"content":{"rendered":"<p>Lielbrit\u0101nija pievienosies Erasmus+ programmai 2027. gad\u0101<\/p>\n<p>Lielbrit\u0101nija ir pan\u0101kusi vieno\u0161anos ar Eiropas Savien\u012bbu par atgrie\u0161anos presti\u017eaj\u0101 Erasmus+ studentu mobilit\u0101tes programm\u0101, kas notiks 2027. gad\u0101. \u0160is solis, kas tiek sagaid\u012bts k\u0101 noz\u012bm\u012bgs pav\u0113rsiens attiec\u012bbu normaliz\u0113\u0161an\u0101 starp Apvienoto Karalisti un ES p\u0113c septi\u0146iem gadiem, kop\u0161 Lielbrit\u0101nija ofici\u0101li izst\u0101j\u0101s no bloka. K\u0101 inform\u0113 telekan\u0101ls EuroNews, vieno\u0161an\u0101s paredz, ka Lielbrit\u0101nija atjaunos dal\u012bbu \u0161aj\u0101 noz\u012bm\u012bgaj\u0101 izgl\u012bt\u012bbas un jaunatnes apmai\u0146as programm\u0101.<\/p>\n<p>Finansi\u0101lais ieguld\u012bjums un ieguvumi<\/p>\n<p>Neskatoties uz iepriek\u0161\u0113jo vald\u012bbas vilcin\u0101\u0161anos, ko izrais\u012bja programmas popularit\u0101te Eirop\u0101 un sal\u012bdzino\u0161i zemais britu studentu interese, spiediens no universit\u0101\u0161u un studentu organiz\u0101cij\u0101m atmaks\u0101j\u0101s. Lielbrit\u0101nija ap\u0146\u0113musies ieguld\u012bt 570 miljonus sterli\u0146u m\u0101rci\u0146u (650 miljonus eiro) 2027.\/28. akad\u0113misko gadu, kas, p\u0113c vald\u012bbas apgalvojumiem, ir par 30% maz\u0101k nek\u0101 maks\u0101 ne-ES dal\u012bbvalst\u012bm. Paredzams, ka \u0161\u012b programma sniegs iesp\u0113jas vair\u0101k nek\u0101 100 000 Lielbrit\u0101nijas iedz\u012bvot\u0101ju, pied\u0101v\u0101jot pla\u0161as iesp\u0113jas izgl\u012bt\u012bb\u0101, apm\u0101c\u012bb\u0101s, jaunatnes, kult\u016bras un sporta jom\u0101s. K\u0101 nor\u0101d\u012bjis ES lietu ministrs Niks-Tomass Simonds: <\/p>\n<blockquote><p>&#8220;Dal\u012bba Erasmus+ ir milz\u012bgs ieguvums m\u016bsu jaunie\u0161iem, nojaucot barjeras un papla\u0161inot redzesloku, lai nodro\u0161in\u0101tu, ka ikviens, neatkar\u012bgi no izcelsmes, var stud\u0113t un apm\u0101c\u012bties \u0101rzem\u0113s&#8221;.<\/p><\/blockquote>\n<p>Pla\u0161\u0101ka sadarb\u012bba un kritika<\/p>\n<p>Erasmus+ atjauno\u0161ana ir viens no vair\u0101kiem so\u013ciem, ko abi partneri sper, lai uzlabotu sadarb\u012bbu. Tiek pl\u0101nots ar\u012b cie\u0161\u0101ks integr\u0113jums ES elektroener\u0123ijas tirg\u016b. \u0160is solis tiek raksturots k\u0101 izdev\u012bgs uz\u0146\u0113mumiem un pat\u0113r\u0113t\u0101jiem vis\u0101 Eirop\u0101, veicinot invest\u012bcijas un stiprinot ener\u0123ijas dro\u0161\u012bbu. Kop\u012bg\u0101 ES un Lielbrit\u0101nijas nost\u0101ja ir t\u0101da, ka cie\u0161\u0101kas ekonomisk\u0101s saites ir abu pu\u0161u interes\u0113s, \u012bpa\u0161i p\u0113c sare\u017e\u0123\u012bt\u0101 un emocion\u0101l\u0101 Breksita procesa. Tom\u0113r Brisel\u0113 valda zin\u0101ms skepse par Lielbrit\u0101nijas &#8220;k\u0101p\u0113c\u012b\u0161u&#8221; pieeju attiec\u012bbu veido\u0161an\u0101.<\/p>\n<p>Nesaska\u0146as aizsardz\u012bbas jom\u0101<\/p>\n<p>Neskatoties uz pan\u0101kumiem studentu mobilit\u0101tes un ener\u0123\u0113tikas jom\u0101, nesen\u0101 neveiksme vieno\u0161an\u0101s nosl\u0113g\u0161an\u0101 par Lielbrit\u0101nijas dal\u012bbu ES aizsardz\u012bbas fond\u0101 SAFE rad\u012bjusi kritiku. Diskusijas par Lielbrit\u0101nijas dal\u012bbu \u0161aj\u0101 fond\u0101 k\u0101 tre\u0161ai pusei izjuka fini\u0161\u0101 str\u012bda d\u0113\u013c par dal\u012bbas izmaks\u0101m. \u0160aj\u0101 kontekst\u0101 ir interesanti, ka Kan\u0101da jau pazi\u0146ojusi par savu dal\u012bbu, atz\u012bm\u0113jot &#8220;lieliskas iesp\u0113jas&#8221; savai aizsardz\u012bbas nozarei, k\u013c\u016bstot par pirmo ne-Eiropas valsti, kas pievienojas SAFE. Tikm\u0113r Lielbrit\u0101nijas vald\u012bba, premjerministram K\u012bram St\u0101rmeram vad\u012bb\u0101, turpina noraid\u012bt iesp\u0113ju atgriezties ES vienotaj\u0101 tirg\u016b un muitas \u016bnij\u0101, kas daudzu proeiropeiski noska\u0146otu politi\u0137u skat\u012bjum\u0101 b\u016btu lo\u0123isk\u0101kais veids, k\u0101 stiprin\u0101t ekonomisk\u0101s perspekt\u012bvas starp ES un Lielbritaniju.<\/p>\n","protected":false},"excerpt":{"rendered":"Lielbrit\u0101nija pievienosies Erasmus+ programmai 2027. gad\u0101 Lielbrit\u0101nija ir pan\u0101kusi vieno\u0161anos ar Eiropas Savien\u012bbu par atgrie\u0161anos presti\u017eaj\u0101 Erasmus+ studentu&hellip;\n","protected":false},"author":2,"featured_media":80102,"comment_status":"","ping_status":"","sticky":false,"template":"","format":"standard","meta":{"footnotes":""},"categories":[14],"tags":[23,57,28,29,514,20102,32,33,22,336,30,31,35,39,38,36,37,34,487,40,20,26,27,20103,24,25,54,55,56,21,58],"class_list":{"0":"post-80101","1":"post","2":"type-post","3":"status-publish","4":"format-standard","5":"has-post-thumbnail","7":"category-zinas-no-arvalstim","8":"tag-aktualitates","9":"tag-arvalstim","10":"tag-breaking-news","11":"tag-breakingnews","12":"tag-eiropas-savieniba","13":"tag-erasmus","14":"tag-featured-news","15":"tag-featurednews","16":"tag-headlines","17":"tag-izglitiba","18":"tag-latest-news","19":"tag-latestnews","20":"tag-latvia","21":"tag-latvian","22":"tag-latviesu","23":"tag-latviesu-valoda","24":"tag-latviesuvaloda","25":"tag-latvija","26":"tag-lielbritanija","27":"tag-lv","28":"tag-news","29":"tag-popularakas-zinas","30":"tag-popularakaszinas","31":"tag-studentu-mobilitate","32":"tag-top-stories","33":"tag-topstories","34":"tag-world","35":"tag-world-news","36":"tag-worldnews","37":"tag-zinas","38":"tag-zinas-no-arvalstim"},"share_on_mastodon":{"url":"https:\/\/pubeurope.com\/@lv\/115746928302850944","error":""},"_links":{"self":[{"href":"https:\/\/www.europesays.com\/lv\/wp-json\/wp\/v2\/posts\/80101","targetHints":{"allow":["GET"]}}],"collection":[{"href":"https:\/\/www.europesays.com\/lv\/wp-json\/wp\/v2\/posts"}],"about":[{"href":"https:\/\/www.europesays.com\/lv\/wp-json\/wp\/v2\/types\/post"}],"author":[{"embeddable":true,"href":"https:\/\/www.europesays.com\/lv\/wp-json\/wp\/v2\/users\/2"}],"replies":[{"embeddable":true,"href":"https:\/\/www.europesays.com\/lv\/wp-json\/wp\/v2\/comments?post=80101"}],"version-history":[{"count":0,"href":"https:\/\/www.europesays.com\/lv\/wp-json\/wp\/v2\/posts\/80101\/revisions"}],"wp:featuredmedia":[{"embeddable":true,"href":"https:\/\/www.europesays.com\/lv\/wp-json\/wp\/v2\/media\/80102"}],"wp:attachment":[{"href":"https:\/\/www.europesays.com\/lv\/wp-json\/wp\/v2\/media?parent=80101"}],"wp:term":[{"taxonomy":"category","embeddable":true,"href":"https:\/\/www.europesays.com\/lv\/wp-json\/wp\/v2\/categories?post=80101"},{"taxonomy":"post_tag","embeddable":true,"href":"https:\/\/www.europesays.com\/lv\/wp-json\/wp\/v2\/tags?post=80101"}],"curies":[{"name":"wp","href":"https:\/\/api.w.org\/{rel}","templated":true}]}}