{"id":80103,"date":"2025-12-19T15:26:14","date_gmt":"2025-12-19T15:26:14","guid":{"rendered":"https:\/\/www.europesays.com\/lv\/80103\/"},"modified":"2025-12-19T15:26:14","modified_gmt":"2025-12-19T15:26:14","slug":"z-kalnina-lukasevica-asv-prezidenta-parakstitais-nacionalais-aizsardzibas-likums-ir-izskirosi-svarigs-signals-baltijas-drosibai","status":"publish","type":"post","link":"https:\/\/www.europesays.com\/lv\/80103\/","title":{"rendered":"Z. Kalni\u0146a-Luka\u0161evica: ASV prezidenta parakst\u012btais Nacion\u0101lais aizsardz\u012bbas likums ir iz\u0161\u0137iro\u0161i svar\u012bgs sign\u0101ls Baltijas dro\u0161\u012bbai"},"content":{"rendered":"<p>ASV prezidenta Donalda Trampa parakst\u012btais, ASV Sen\u0101ta apstiprin\u0101tais 2026. gada Nacion\u0101lais aizsardz\u012bbas likums, kas paredz ar\u012b Latvijai un visam Baltijas re\u0123ionam \u012bpa\u0161i noz\u012bm\u012bgo Baltijas Dro\u0161\u012bbas iniciat\u012bvu, ir sp\u0113c\u012bgs un taust\u0101ms apliecin\u0101jums ASV atbalstam Baltijas valstu dro\u0161\u012bbai. To Saeimas priek\u0161s\u0113d\u0113t\u0101jas biedre Zanda Kalni\u0146a-Luka\u0161evica piektdien, 19. decembr\u012b, uzsv\u0113ra tik\u0161an\u0101s laik\u0101 ar Lietuvas Republikas \u0101rk\u0101rt\u0113jo un pilnvaroto v\u0113stnieci Latvijas Republik\u0101 Audroni Markevi\u010dieni (Audron\u0117 Markevi\u010dien\u0117), p\u0101rrun\u0101jot re\u0123ion\u0101l\u0101s dro\u0161\u012bbas jaut\u0101jumus un transatlantisk\u0101s sadarb\u012bbas noz\u012bmi.<\/p>\n<p>\u201cASV l\u0113mums ir sp\u0113c\u012bgs sign\u0101ls, ka Latvijas un Baltijas valstu dro\u0161\u012bba ir ASV priorit\u0101te. \u0160is l\u0113mums b\u016btiski stiprina m\u016bsu dro\u0161\u012bbu un attur\u0113\u0161anas sp\u0113jas vis\u0101 re\u0123ion\u0101,\u201d uzsver Z. Kalni\u0146a-Luka\u0161evica.<\/p>\n<p>Saeimas priek\u0161s\u0113d\u0113t\u0101jas biedre nor\u0101d\u012bja, ka \u0161\u0101ds ASV solis nav bijis pa\u0161saprotams un ir pan\u0101kts m\u0113r\u0137tiec\u012bga un koordin\u0113ta darba rezult\u0101t\u0101. Vi\u0146a uzsv\u0113ra, ka kop\u0161 2021. gada Baltijas valstis ir sa\u0146\u0113mu\u0161as vair\u0101k nek\u0101 vienu miljardu ASV dol\u0101ru atbalstu, kas \u013c\u0101vis noz\u012bm\u012bgi stiprin\u0101t gan valstu, gan re\u0123iona kopum\u0101 aizsardz\u012bbas sp\u0113jas. Rekomend\u0113tais atbalsta apm\u0113rs Baltijas valst\u012bm 2026. gad\u0101 ir 175 miljoni ASV dol\u0101ri.<\/p>\n<p><img decoding=\"async\" src=\"https:\/\/www.europesays.com\/lv\/wp-content\/uploads\/2025\/12\/76FA50UDF.JPEG\" alt=\"\"\/><\/p>\n<p>FOTO: Ieva \u0100bele, Saeima.<\/p>\n<p>Run\u0101jot par turpm\u0101ko sadarb\u012bbu, Z. Kalni\u0146a-Luka\u0161evica uzsv\u0113ra nepiecie\u0161am\u012bbu v\u0113l cie\u0161\u0101k koordin\u0113t Latvijas un Lietuvas parlamentu darbu transatlantiskaj\u0101 dimensij\u0101. \u201cMums ir svar\u012bgi sadarboties v\u0113l akt\u012bv\u0101k \u2013 \u012bpa\u0161i Latvijas un Lietuvas parlamentiem \u2013, kop\u012bgi rosinot un organiz\u0113jot ASV Kongresa p\u0101rst\u0101vju viz\u012btes uz Baltijas valst\u012bm 2026. gad\u0101. Tie\u0161a kl\u0101tb\u016btne re\u0123ion\u0101 stiprina izpratni par m\u016bsu dro\u0161\u012bbas izaicin\u0101jumiem un ASV ieguld\u012bjuma noz\u012bmi,\u201d nor\u0101d\u012bja vicesp\u012bkere.<\/p>\n<p>P\u0101rrun\u0101jot dro\u0161\u012bbas situ\u0101ciju Eirop\u0101, sarunas gait\u0101 tika akcent\u0113ts ar\u012b atbalsts Ukrainai. \u201c\u0160is ir cer\u012bbu br\u012bdis \u2013 cer\u012bbai, ka Ukraina ar Eiropas un ASV atbalstu sp\u0113s nosarg\u0101t savu neatkar\u012bbu un br\u012bv\u012bbu. ASV apstiprin\u0101tais Nacion\u0101lais aizsardz\u012bbas likums paredz ar\u012b b\u016btiskus l\u012bdzek\u013cus Ukrainas aizst\u0101v\u012bbai, un tas ir \u012bpa\u0161i noz\u012bm\u012bgi visas Eiropas dro\u0161\u012bbai,\u201d uzsv\u0113ra Z. Kalni\u0146a-Luka\u0161evica.<\/p>\n<p>Tik\u0161an\u0101s laik\u0101 Saeimas priek\u0161s\u0113d\u0113t\u0101jas biedre kopum\u0101 pauda augstu nov\u0113rt\u0113jumu Latvijas un Lietuvas\u00a0 akt\u012bvajam politiskajam dialogam un sp\u0113c\u012bgai abu valstu sadarb\u012bbai, kas balst\u012bta kop\u012bg\u0101s v\u0113rt\u012bb\u0101s un strat\u0113\u0123isk\u0101 sadarb\u012bb\u0101 gan divpus\u0113j\u0101 l\u012bmen\u012b, gan Eiropas Savien\u012bbas, NATO un NB8 valstu sadarb\u012bbas ietvaros.<\/p>\n<p><img decoding=\"async\" src=\"https:\/\/www.europesays.com\/lv\/wp-content\/uploads\/2025\/12\/76FA50UDO.JPEG\" alt=\"\"\/><\/p>\n<p>FOTO: Ieva \u0100bele, Saeima.<\/p>\n<p>          <img decoding=\"async\" src=\"https:\/\/www.europesays.com\/lv\/wp-content\/uploads\/2025\/12\/1765959310_789_logo-lv.png\" alt=\"\"\/><\/p>\n<p>                  \u0160\u012b inform\u0101cija ir publisks pazi\u0146ojums un neatspogu\u013co LV port\u0101la viedokli. Par t\u0101s saturu atbild ies\u016bt\u012bt\u0101js. <a data-popup=\"rules\">Public\u0113\u0161anas noteikumi<\/a><\/p>\n","protected":false},"excerpt":{"rendered":"ASV prezidenta Donalda Trampa parakst\u012btais, ASV Sen\u0101ta apstiprin\u0101tais 2026. gada Nacion\u0101lais aizsardz\u012bbas likums, kas paredz ar\u012b Latvijai un&hellip;\n","protected":false},"author":2,"featured_media":80104,"comment_status":"","ping_status":"","sticky":false,"template":"","format":"standard","meta":{"footnotes":""},"categories":[12],"tags":[23,28,29,32,33,22,30,31,35,39,38,36,37,34,40,20,26,27,24,25,21],"class_list":{"0":"post-80103","1":"post","2":"type-post","3":"status-publish","4":"format-standard","5":"has-post-thumbnail","7":"category-latvija","8":"tag-aktualitates","9":"tag-breaking-news","10":"tag-breakingnews","11":"tag-featured-news","12":"tag-featurednews","13":"tag-headlines","14":"tag-latest-news","15":"tag-latestnews","16":"tag-latvia","17":"tag-latvian","18":"tag-latviesu","19":"tag-latviesu-valoda","20":"tag-latviesuvaloda","21":"tag-latvija","22":"tag-lv","23":"tag-news","24":"tag-popularakas-zinas","25":"tag-popularakaszinas","26":"tag-top-stories","27":"tag-topstories","28":"tag-zinas"},"share_on_mastodon":{"url":"https:\/\/pubeurope.com\/@lv\/115746936535610045","error":""},"_links":{"self":[{"href":"https:\/\/www.europesays.com\/lv\/wp-json\/wp\/v2\/posts\/80103","targetHints":{"allow":["GET"]}}],"collection":[{"href":"https:\/\/www.europesays.com\/lv\/wp-json\/wp\/v2\/posts"}],"about":[{"href":"https:\/\/www.europesays.com\/lv\/wp-json\/wp\/v2\/types\/post"}],"author":[{"embeddable":true,"href":"https:\/\/www.europesays.com\/lv\/wp-json\/wp\/v2\/users\/2"}],"replies":[{"embeddable":true,"href":"https:\/\/www.europesays.com\/lv\/wp-json\/wp\/v2\/comments?post=80103"}],"version-history":[{"count":0,"href":"https:\/\/www.europesays.com\/lv\/wp-json\/wp\/v2\/posts\/80103\/revisions"}],"wp:featuredmedia":[{"embeddable":true,"href":"https:\/\/www.europesays.com\/lv\/wp-json\/wp\/v2\/media\/80104"}],"wp:attachment":[{"href":"https:\/\/www.europesays.com\/lv\/wp-json\/wp\/v2\/media?parent=80103"}],"wp:term":[{"taxonomy":"category","embeddable":true,"href":"https:\/\/www.europesays.com\/lv\/wp-json\/wp\/v2\/categories?post=80103"},{"taxonomy":"post_tag","embeddable":true,"href":"https:\/\/www.europesays.com\/lv\/wp-json\/wp\/v2\/tags?post=80103"}],"curies":[{"name":"wp","href":"https:\/\/api.w.org\/{rel}","templated":true}]}}