{"id":80111,"date":"2025-12-19T15:32:10","date_gmt":"2025-12-19T15:32:10","guid":{"rendered":"https:\/\/www.europesays.com\/lv\/80111\/"},"modified":"2025-12-19T15:32:10","modified_gmt":"2025-12-19T15:32:10","slug":"svarigi-lai-mes-butu-kopa-raksts","status":"publish","type":"post","link":"https:\/\/www.europesays.com\/lv\/80111\/","title":{"rendered":"Svar\u012bgi, lai m\u0113s b\u016btu kop\u0101 \/ Raksts"},"content":{"rendered":"<p>Ukrainas prezidents Volodimirs Zelenskis piektdien ieradies viz\u012bt\u0113 Polij\u0101. Vi\u0146\u0161 pirmo reizi person\u012bgi ticies ar jauno Polijas prezidentu Karolu Navrocki. Lai ar\u012b kop\u0161 Navrocka st\u0101\u0161an\u0101s amat\u0101 Zelenskim ar vi\u0146u ir biju\u0161as sarunas, piektdien abi pirmo reizi tiekas aci pret aci.<\/p>\n<p style=\"text-align:left\">Navrockis iepriek\u0161 velt\u012bjis kritiku Ukrainas virzien\u0101, bet piektdien tik\u0161an\u0101s aizrit\u0113ja lab\u0101 gaisotn\u0113. Jau pa\u0161\u0101 s\u0101kum\u0101 namat\u0113vs Navrockis deva skaidru v\u0113st\u012bjumu, ka Polija ir Ukrainas pus\u0113.<\/p>\n<blockquote>\n<p style=\"text-align:left\">&#8220;\u0160\u012bs dienas viz\u012bte, bez \u0161aub\u0101m, ir laba zi\u0146a Polijai, Var\u0161avai,\u00a0laba zi\u0146a Kijivai, laba zi\u0146a visam m\u016bsu re\u0123ionam. Bet slikta zi\u0146a Maskavai un Krievijas Feder\u0101cijai.<\/p>\n<\/blockquote>\n<p style=\"text-align:left\">Tas ir apliecin\u0101jums tam, ka strat\u0113\u0123iskajos jaut\u0101jumos, m\u016bsu strat\u0113\u0123iskaj\u0101 sadarb\u012bb\u0101 dro\u0161\u012bbas jaut\u0101jumos Polija, Ukraina, re\u0123iona valstis, valstis ar demokr\u0101tisk\u0101m v\u0113rt\u012bb\u0101m\u00a0ir kop\u0101. Un par to nekad nav bijis \u0161aubu,&#8221; uzsv\u0113ra Navrockis.<\/p>\n<p>Polijas un Ukrainas str\u012bdi b\u016btu Maskavas interes\u0113s<\/p>\n<p style=\"text-align:left\">Navrockis \u2013 p\u0113c izgl\u012bt\u012bbas un ar\u012b l\u012bdz\u0161in\u0113j\u0101s darba pieredzes v\u0113sturnieks \u2013 iepriek\u0161 kritiz\u0113jis Ukrainu, ka t\u0101 nav uz\u0146\u0113musies atbild\u012bbu par apm\u0113ram 100 t\u016bksto\u0161 etnisko po\u013cu slepkav\u012bbu Vol\u012bnij\u0101 laik\u0101 no 1943. l\u012bdz 1945. gadam. Vi\u0146\u0161 konkr\u0113ti to saucis par genoc\u012bdu pret po\u013cu tautu.<\/p>\n<p style=\"text-align:left\">P\u0113c Navrocka dom\u0101m, jaut\u0101juma atrisin\u0101\u0161ana par Otr\u0101 pasaules kara laik\u0101 Vol\u012bnijas slakti\u0146\u0101 nogalin\u0101to po\u013cu ekshum\u0101ciju var sakaut Krievijas argumentu, ko t\u0101 var izmantot nol\u016bk\u0101 izrais\u012bt str\u012bdu starp Poliju un Ukrainu. Kop\u012bga upuru apbed\u012b\u0161ana esot abu valstu interes\u0113s, uzsv\u0113ra Navrockis.<\/p>\n<p style=\"text-align:left\">Ned\u0113\u013cas s\u0101kum\u0101 public\u0113t\u0101 intervij\u0101 port\u0101lam &#8220;Wirtualna Polska&#8221; Navrockis paudis, ka Var\u0161avai ir j\u0101nodro\u0161ina tas, ka Ukraina Poliju skata k\u0101 partneri. Vi\u0146apr\u0101t, rodas iespaids, ka Ukraina neskata po\u013cus k\u0101 partnerus \u0161aj\u0101s attiec\u012bb\u0101s.<\/p>\n<p style=\"text-align:left\">Zelenskis piektdien uzsv\u0113ra abpus\u0113jo Polijas un Ukrainas strat\u0113\u0123isko lomu.<\/p>\n<blockquote>\n<p style=\"text-align:left\">&#8220;Bez m\u016bsu valsts neatkar\u012bbas Maskava neizb\u0113gami atn\u0101ks t\u0101l\u0101k Eirop\u0101. Bez m\u016bsu neatkar\u012bbas Maskava neizb\u0113gami ierad\u012bsies p\u0113c Polijas. Un t\u0101p\u0113c ir svar\u012bgi, lai m\u0113s b\u016btu. Svar\u012bgi, lai j\u016bs b\u016btu. Svar\u012bgi, lai m\u0113s b\u016btu kop\u0101.&#8221;<\/p>\n<\/blockquote>\n<p style=\"text-align:left\">Zelenskis ar\u012b iel\u016bdza Navrocki ierasties viz\u012bt\u0113 Ukrain\u0101 un\u00a0aicin\u0101ja\u00a0po\u013cu politi\u0137us b\u016bt uzman\u012bg\u0101kiem savos izteikumos. Proti, pret Ukrainu v\u0113rsti izteikumi kalpotu Krievijas interes\u0113m, un to nevajadz\u0113tu pie\u013caut, uzsv\u0113ra Ukrainas prezidents.<\/p>\n<p>Polija pieg\u0101d\u0101s Ukrainai padomju laika kara lidma\u0161\u012bnas<\/p>\n<p style=\"text-align:left\">Nesen k\u013cuva zin\u0101ms, ka Polija nodos Ukrainai &#8220;MiG-29&#8221; izn\u012bcin\u0101t\u0101jus. Apmai\u0146\u0101 pret tiem Ukraina dal\u012bsies ar Poliju pieredz\u0113 izmantot bezpilota lidapar\u0101tus kaujas lauk\u0101.<\/p>\n<blockquote>\n<p style=\"text-align:left\">K\u0101 skaidroja Zelenskis, \u0161ie padomju laika izn\u012bcin\u0101t\u0101ji Ukrainai ir vajadz\u012bgi t\u0101p\u0113c, ka nav nav nepiecie\u0161ams papildus apm\u0101c\u012bt ukrai\u0146u pilotus darbam ar \u0161iem lidapar\u0101tiem.<\/p>\n<\/blockquote>\n<p style=\"text-align:left\">&#8220;Kad jums katru dienu ir kar\u0161, katrs pilots ir liels defic\u012bts. Pilotu apm\u0101c\u012bba aiz\u0146em gadus. Jaut\u0101jums nav taj\u0101, ka mums nav F-16 \u2013 j\u016bs no kaujas lauka pa\u0146emat pieredz\u0113ju\u0161u pilotu un s\u016btiet uz \u0101rvalst\u012bm, t\u0113r\u0113jat gadu, kaut kur asto\u0146us m\u0113ne\u0161us, kaut kur pusgadu tam, lai \u0161is pilots atgrieztos [un str\u0101d\u0101tu] ar F-16.&#8221;<\/p>\n<p style=\"text-align:left\">Polijas prezidents Navrockis pauda atbalstu iecerei, sakot, ka &#8220;MiG-29&#8221; izn\u012bcin\u0101t\u0101ju nodo\u0161ana b\u016bs iesp\u0113jama p\u0113c formalit\u0101\u0161u nok\u0101rto\u0161anas. Vi\u0146\u0161 uzsv\u0113ra, ka izn\u012bcin\u0101t\u0101ju nodo\u0161ana apmai\u0146\u0101 pret pretdronu sist\u0113m\u0101m nav pretrun\u0101 ar valsts politiku. Vienlaikus vi\u0146\u0161 atzina, ka l\u012bdz \u0161im sabiedr\u012bbas viedoklis \u0161aj\u0101 jaut\u0101jum\u0101 ir bijis balst\u012bts aplam\u0101 inform\u0101cij\u0101.<\/p>\n<p style=\"text-align:left\">&#8220;D\u0101mas un kungi, m\u0113s esam \u0161eit p\u0113c nevajadz\u012bgas un nesaprotamas publiskas v\u0113tras \u0161aj\u0101 jaut\u0101jum\u0101. Diem\u017e\u0113l sabiedr\u012bbas viedoklis \u0161aj\u0101 jaut\u0101jum\u0101 zin\u0101m\u0101 m\u0113r\u0101 tika dezinform\u0113ts,&#8221; teica Navrockis.<\/p>\n<p>                    Valodas k\u013c\u016bda rakst\u0101?<\/p>\n<p class=\"d-none d-md-block\">Iez\u012bm\u0113jiet tekstu un spiediet Ctrl+Enter, lai nos\u016bt\u012btu labojamo teksta fragmentu redaktoram! Par faktu k\u013c\u016bd\u0101m l\u016bdzam zi\u0146ot e-past\u0101 <a href=\"https:\/\/www.lsm.lv\/cdn-cgi\/l\/email-protection\" class=\"__cf_email__\" data-cfemail=\"75071011141e161c1f14351906185b1903\" rel=\"nofollow noopener\" target=\"_blank\">[email\u00a0protected]<\/a>.<\/p>\n<p class=\"d-md-none\">Iez\u012bm\u0113jiet tekstu un spiediet uz Zi\u0146ot par k\u013c\u016bdu pogas, lai nos\u016bt\u012btu labojamo teksta fragmentu redaktoram!<\/p>\n<p>\n                    Zi\u0146ot par k\u013c\u016bdu\n                <\/p>\n","protected":false},"excerpt":{"rendered":"Ukrainas prezidents Volodimirs Zelenskis piektdien ieradies viz\u012bt\u0113 Polij\u0101. Vi\u0146\u0161 pirmo reizi person\u012bgi ticies ar jauno Polijas prezidentu Karolu&hellip;\n","protected":false},"author":2,"featured_media":80112,"comment_status":"","ping_status":"","sticky":false,"template":"","format":"standard","meta":{"footnotes":""},"categories":[14],"tags":[23,57,28,29,32,33,22,30,31,35,39,38,36,37,34,40,20,26,27,24,25,54,55,56,21,58],"class_list":{"0":"post-80111","1":"post","2":"type-post","3":"status-publish","4":"format-standard","5":"has-post-thumbnail","7":"category-zinas-no-arvalstim","8":"tag-aktualitates","9":"tag-arvalstim","10":"tag-breaking-news","11":"tag-breakingnews","12":"tag-featured-news","13":"tag-featurednews","14":"tag-headlines","15":"tag-latest-news","16":"tag-latestnews","17":"tag-latvia","18":"tag-latvian","19":"tag-latviesu","20":"tag-latviesu-valoda","21":"tag-latviesuvaloda","22":"tag-latvija","23":"tag-lv","24":"tag-news","25":"tag-popularakas-zinas","26":"tag-popularakaszinas","27":"tag-top-stories","28":"tag-topstories","29":"tag-world","30":"tag-world-news","31":"tag-worldnews","32":"tag-zinas","33":"tag-zinas-no-arvalstim"},"share_on_mastodon":{"url":"https:\/\/pubeurope.com\/@lv\/115746959757480918","error":""},"_links":{"self":[{"href":"https:\/\/www.europesays.com\/lv\/wp-json\/wp\/v2\/posts\/80111","targetHints":{"allow":["GET"]}}],"collection":[{"href":"https:\/\/www.europesays.com\/lv\/wp-json\/wp\/v2\/posts"}],"about":[{"href":"https:\/\/www.europesays.com\/lv\/wp-json\/wp\/v2\/types\/post"}],"author":[{"embeddable":true,"href":"https:\/\/www.europesays.com\/lv\/wp-json\/wp\/v2\/users\/2"}],"replies":[{"embeddable":true,"href":"https:\/\/www.europesays.com\/lv\/wp-json\/wp\/v2\/comments?post=80111"}],"version-history":[{"count":0,"href":"https:\/\/www.europesays.com\/lv\/wp-json\/wp\/v2\/posts\/80111\/revisions"}],"wp:featuredmedia":[{"embeddable":true,"href":"https:\/\/www.europesays.com\/lv\/wp-json\/wp\/v2\/media\/80112"}],"wp:attachment":[{"href":"https:\/\/www.europesays.com\/lv\/wp-json\/wp\/v2\/media?parent=80111"}],"wp:term":[{"taxonomy":"category","embeddable":true,"href":"https:\/\/www.europesays.com\/lv\/wp-json\/wp\/v2\/categories?post=80111"},{"taxonomy":"post_tag","embeddable":true,"href":"https:\/\/www.europesays.com\/lv\/wp-json\/wp\/v2\/tags?post=80111"}],"curies":[{"name":"wp","href":"https:\/\/api.w.org\/{rel}","templated":true}]}}