{"id":80135,"date":"2025-12-19T15:47:11","date_gmt":"2025-12-19T15:47:11","guid":{"rendered":"https:\/\/www.europesays.com\/lv\/80135\/"},"modified":"2025-12-19T15:47:11","modified_gmt":"2025-12-19T15:47:11","slug":"ieteikumi-muzikas-notikumiem-nedelas-nogalei-lente-lv","status":"publish","type":"post","link":"https:\/\/www.europesays.com\/lv\/80135\/","title":{"rendered":"Ieteikumi m\u016bzikas notikumiem ned\u0113\u013cas nogalei\u00a0\u2014\u00a0Lente.lv"},"content":{"rendered":"<p>Gada nogale \u2013 \u012bstais laiks, lai \u013cautos sv\u0113tku m\u016bzikas valdzin\u0101jumam<\/p>\n<p>Ned\u0113\u013cas nogale pirms Ziemassv\u0113tkiem ir kl\u0101t, un gais\u0101 jau j\u016btama \u012bpa\u0161a, svin\u012bga noska\u0146a. Cilv\u0113ki akt\u012bvi gatavojas sv\u0113tkiem \u2013 saudz\u012bgi k\u0101rto d\u0101vanas, m\u012b\u013ci apkopj p\u0113d\u0113jos darbus pirms sv\u0113tku mielasta, un, protams, mekl\u0113 veidus, k\u0101 stiprin\u0101t sv\u0113tku saj\u016btu. Viena no spilgt\u0101kaj\u0101m un emocion\u0101l\u0101kaj\u0101m iesp\u0113j\u0101m to dar\u012bt ir, iesaistoties labdar\u012bbas akcij\u0101s, piem\u0113ram, \u201cDod pieci!\u201d, vai apmekl\u0113jot k\u0101du no daudzajiem Ziemassv\u0113tku koncertiem. K\u0101 inform\u0113 Latvijas Sabiedriskie Mediji, cilv\u0113ki uz \u0161iem pas\u0101kumiem dodas ar prieku, un daudzi koncerti jau ir izp\u0101rdoti, apliecinot publikas ilgo\u0161anos p\u0113c kop\u012bgas muzic\u0113\u0161anas un sv\u0113tku burv\u012bbas. \u0160ogad \u012bpa\u0161i piepras\u012bti ir Zigfr\u012bda Muktup\u0101vela un Ances Krauzes, \u201cLatvian Voices\u201d, Kaspara Mark\u0161evica, \u201cTev tuvum\u0101\u201d, Intara Busu\u013ca un pat Ri\u010dija R\u016b koncerti.<\/p>\n<p>Sirsn\u012bgi Ziemassv\u0113tku koncerti vis\u0101 Latvij\u0101<\/p>\n<p>Klaus\u012bt\u0101ju sirdis jau iekaroju\u0161i Zigfr\u012bds Muktup\u0101vels un Ance Krauze ar savu programmu \u201cTik viegli un balti\u201d. Vi\u0146u koncerti vis\u0101 Latvij\u0101 tiek sagaid\u012bti ar lielu interesi, pied\u0101v\u0101jot gan skaist\u0101k\u0101s latvie\u0161u Ziemassv\u0113tku dziesmas, gan ar\u012b iesp\u0113ju satikties un kop\u012bgi dzied\u0101t. Muzik\u0101lo baud\u012bjumu papildina izcili m\u016bzi\u0137i J\u0101\u0146a Strazda vad\u012bb\u0101.<\/p>\n<p>Savuk\u0101rt vok\u0101l\u0101 grupa \u201cLatvian Voices\u201d aicina baud\u012bt Ziemassv\u0113tku programmu \u201cSNIEGums\u201d. \u0160\u012b programma, kas tapis sadarb\u012bb\u0101 ar producentu Andrew Kessler no Losand\u017eelosas, pied\u0101v\u0101 gan meditat\u012bvas Adventes dziesmas, gan tradicion\u0101las ziemas saulgrie\u017eu dziesmas m\u016bsdien\u012bgos aran\u017e\u0113jumos, k\u0101 ar\u012b pasaul\u0113 zin\u0101mas sv\u0113tku melodijas un grupas dal\u012bbnieku ori\u0123in\u0101ldarbus. Koncertos bie\u017ei pievienojas ar\u012b virtuozais \u0123it\u0101rists Kaspars Zem\u012btis, radot \u012bpa\u0161i siltu un svin\u012bgu noska\u0146u.<\/p>\n<p>Intars Busulis ar savu \u201cAbonementa or\u0137estri\u201d klaus\u012bt\u0101jus priec\u0113 ar koncertprogrammu \u201cKadi\u0137\u012b\u0161u ielok\u0101&#8230;\u201d. \u0160is ir unik\u0101ls muzik\u0101ls notikums, kur\u0101 sapl\u016bst m\u016bzika, sirsn\u012bba un kop\u0101 b\u016b\u0161anas prieks. Koncert\u0101 skan\u0113s gan Intara Busu\u013ca un K\u0101r\u013ca L\u0101\u010da rad\u012btas kompoz\u012bcijas jaun\u0101s ska\u0146\u0101s, gan iem\u012b\u013cotas Ziemassv\u0113tku melodijas.<\/p>\n<p>M\u016bzi\u0137u apvien\u012bba \u201cTev tuvum\u0101\u201d turpina iepriecin\u0101t ar savu Ziemassv\u0113tku programmu vis\u0101 Latvij\u0101. Koncertos piedal\u0101s Art\u016brs Skrasti\u0146\u0161, Ilze \u0136uzule-Skrasti\u0146a, Aija Andrejeva un citi iem\u012b\u013coti m\u0101kslinieki, aicinot k\u013c\u016bt gai\u0161\u0101kiem un iej\u016bt\u012bg\u0101kiem.<\/p>\n<p>Ar\u012b b\u0113rnu vid\u016b ir savi favor\u012bti. L\u0101c\u0113ns Ri\u010dijs R\u016b ar \u201cZiemassv\u0113tku pasaku\u201d un \u201cZiemassv\u0113tku pils\u0113t\u0101\u201d sola jautrus un muzik\u0101lus br\u012b\u017eus, kas paredz\u0113ti gan mazajiem, gan lielajiem. \u0160ajos koncertuzvedumos skan\u0113s gan jaunas, gan jau iem\u012b\u013cotas Ri\u010dija R\u016b dziesmas, mudinot svin\u0113t m\u012blest\u012bbu, piedo\u0161anu un br\u012bnumus.<\/p>\n<p>Savuk\u0101rt Kaspars Mark\u0161evics aicina uz savu jubilejas koncertu \u201cLaipni l\u016bgti man\u0101 ball\u0113\u201d, kur\u0101 skan\u0113s vi\u0146am m\u012b\u013c\u0101k\u0101s un noz\u012bm\u012bg\u0101k\u0101s dziesmas. Vi\u0146\u0161 kop\u0101 ar viesiem m\u016bzi\u0137iem sola neaizmirstamu muzik\u0101lu piedz\u012bvojumu.<\/p>\n<p>Labdar\u012bbas akcija \u201cDod pieci!\u201d \u2013 kop\u0101 pal\u012bdz\u0113t ir svar\u012bgi<\/p>\n<p>Vienlaikus ar sv\u0113tku koncertiem Latvij\u0101 norisin\u0101s ar\u012b noz\u012bm\u012bg\u0101 labdar\u012bbas akcija \u201cDod pieci!\u201d. \u0160\u012b gada akcijas moto \u201c#Dodiesp\u0113jukust\u0113ties\u201d aicina piev\u0113rst uzman\u012bbu kust\u012bbas noz\u012bmei un atbalst\u012bt b\u0113rnus un jaunie\u0161us ar neirolo\u0123iskiem kust\u012bbu trauc\u0113jumiem. K\u0101 inform\u0113 LSM, akcijas m\u0113r\u0137is ir sniegt finansi\u0101lu atbalstu regul\u0101rai rehabilit\u0101cijai, kas ir iz\u0161\u0137iro\u0161a \u0161o jaunie\u0161u ce\u013c\u0101 uz patst\u0101v\u012bbu. Jau pirmaj\u0101 akcijas diennakt\u012b saziedot\u0101 summa p\u0101rsniedz 82 000 eiro, apliecinot iedz\u012bvot\u0101ju atsauc\u012bbu un v\u0113lmi pal\u012bdz\u0113t. \u0160\u012b akcija, kas notiek jau 12. gadu, ir k\u013cuvusi par svar\u012bgu Ziemassv\u0113tku trad\u012bciju Latvij\u0101, mudinot aizdom\u0101ties par fizisk\u0101s un emocion\u0101l\u0101s labsaj\u016btas noz\u012bmi ikvienam.<\/p>\n<p>Izbaudiet sv\u0113tku gaid\u012b\u0161anas prieku<\/p>\n<p>\u0160\u012b ned\u0113\u013cas nogale ir lieliska iesp\u0113ja iegrimt sv\u0113tku atmosf\u0113r\u0101, apmekl\u0113jot k\u0101du no daudzajiem koncertiem vai iesaistoties labdar\u012bbas akcij\u0101. Neatkar\u012bgi no t\u0101, vai izv\u0113laties baud\u012bt profesion\u0101lu m\u016bzi\u0137u sniegumu, vai kop\u012bgi ziedot c\u0113lam m\u0113r\u0137im, galvenais ir saglab\u0101t sird\u012b siltumu, prieku un gatav\u012bbu dal\u012bties ar m\u012blest\u012bbu. Ziemassv\u0113tku saj\u016bta ir k\u0101 ma\u0123iska svece \u2013 jo vair\u0101k to dal\u0101m, jo spo\u017e\u0101k t\u0101 deg!<\/p>\n","protected":false},"excerpt":{"rendered":"Gada nogale \u2013 \u012bstais laiks, lai \u013cautos sv\u0113tku m\u016bzikas valdzin\u0101jumam Ned\u0113\u013cas nogale pirms Ziemassv\u0113tkiem ir kl\u0101t, un gais\u0101&hellip;\n","protected":false},"author":2,"featured_media":80136,"comment_status":"","ping_status":"","sticky":false,"template":"","format":"standard","meta":{"footnotes":""},"categories":[19],"tags":[89,90,2017,35,39,38,36,37,34,40,103,12975,9687],"class_list":{"0":"post-80135","1":"post","2":"type-post","3":"status-publish","4":"format-standard","5":"has-post-thumbnail","7":"category-izklaide","8":"tag-entertainment","9":"tag-izklaide","10":"tag-koncerti","11":"tag-latvia","12":"tag-latvian","13":"tag-latviesu","14":"tag-latviesu-valoda","15":"tag-latviesuvaloda","16":"tag-latvija","17":"tag-lv","18":"tag-muzika","19":"tag-nedelas-nogale","20":"tag-ziemassvetki"},"share_on_mastodon":{"url":"https:\/\/pubeurope.com\/@lv\/115747018911053550","error":""},"_links":{"self":[{"href":"https:\/\/www.europesays.com\/lv\/wp-json\/wp\/v2\/posts\/80135","targetHints":{"allow":["GET"]}}],"collection":[{"href":"https:\/\/www.europesays.com\/lv\/wp-json\/wp\/v2\/posts"}],"about":[{"href":"https:\/\/www.europesays.com\/lv\/wp-json\/wp\/v2\/types\/post"}],"author":[{"embeddable":true,"href":"https:\/\/www.europesays.com\/lv\/wp-json\/wp\/v2\/users\/2"}],"replies":[{"embeddable":true,"href":"https:\/\/www.europesays.com\/lv\/wp-json\/wp\/v2\/comments?post=80135"}],"version-history":[{"count":0,"href":"https:\/\/www.europesays.com\/lv\/wp-json\/wp\/v2\/posts\/80135\/revisions"}],"wp:featuredmedia":[{"embeddable":true,"href":"https:\/\/www.europesays.com\/lv\/wp-json\/wp\/v2\/media\/80136"}],"wp:attachment":[{"href":"https:\/\/www.europesays.com\/lv\/wp-json\/wp\/v2\/media?parent=80135"}],"wp:term":[{"taxonomy":"category","embeddable":true,"href":"https:\/\/www.europesays.com\/lv\/wp-json\/wp\/v2\/categories?post=80135"},{"taxonomy":"post_tag","embeddable":true,"href":"https:\/\/www.europesays.com\/lv\/wp-json\/wp\/v2\/tags?post=80135"}],"curies":[{"name":"wp","href":"https:\/\/api.w.org\/{rel}","templated":true}]}}