{"id":80164,"date":"2025-12-19T16:20:10","date_gmt":"2025-12-19T16:20:10","guid":{"rendered":"https:\/\/www.europesays.com\/lv\/80164\/"},"modified":"2025-12-19T16:20:10","modified_gmt":"2025-12-19T16:20:10","slug":"krievija-parspile-savus-sa-gada-panakumus-fronte","status":"publish","type":"post","link":"https:\/\/www.europesays.com\/lv\/80164\/","title":{"rendered":"Krievija p\u0101rsp\u012bl\u0113 savus \u0161\u0101 gada pan\u0101kumus front\u0113"},"content":{"rendered":"<p><a href=\"https:\/\/www.tvnet.lv\/term\/555452\/krievija\" class=\"topicLink\" target=\"_blank\" rel=\"nofollow noopener\">Krievija<\/a> apgalvo, ka \u0161ogad esot sagr\u0101busi vair\u0101k nek\u0101 6300 kvadr\u0101tkilometru Ukrainas teritorijas, ta\u010du \u0161ie apgalvojumi neatbilst realit\u0101tei kaujaslauk\u0101, teikts domn\u012bcas zi\u0146ojum\u0101.<\/p>\n<p>Anal\u012bti\u0137i atsaucas uz Krievijas diktatora Vladimira Putina un Krievijas \u0123ener\u0101l\u0161t\u0101ba priek\u0161nieka Val\u0113rija Gerasimova pazi\u0146ojumiem.<\/p>\n<p>Proti, Putins teicis, ka krievi esot piln\u012bb\u0101 p\u0101r\u0146\u0113mu\u0161i kontroli p\u0101r Siverskas pils\u0113tu Doneckas apgabal\u0101.<\/p>\n<p>Tom\u0113r, k\u0101 teikts zi\u0146ojum\u0101, apstiprin\u0101ta tikai 77% pils\u0113tas teritorijas ie\u0146em\u0161ana.<\/p>\n<p><a href=\"https:\/\/www.tvnet.lv\/term\/690319\/isw\" class=\"topicLink\" target=\"_blank\" rel=\"nofollow noopener\">ISW<\/a> ar\u012b atg\u0101dina Gerasimova v\u0101rdus, ka krievi Harkivas apgabal\u0101 esot sagr\u0101bu\u0161i Kupjansku un Doneckas apgabal\u0101 kontrol\u0113 50% Kostjanti\u0146ivkas.<\/p>\n<p>Anal\u012bti\u0137i nor\u0101da, ka vi\u0146i neredz nek\u0101dus pier\u0101d\u012bjumus par Krievijas progresu Kostjanti\u0146ivk\u0101, kas b\u016btu tuvi izskan\u0113ju\u0161ajiem skait\u013ciem.<\/p>\n<p>Anal\u012bti\u0137i l\u0113\u0161, ka ienaidnieks ir iekarojis tikai aptuveni 1,6% Kostjanti\u0146ivkas, bet krievu kl\u0101tb\u016btne pils\u0113t\u0101 ir aptuveni 5%.<\/p>\n<p>&#8220;Pat Krievijas milit\u0101ro blogeru maksim\u0101listiskie apgalvojumi par Krievijas pan\u0101kumiem nav tik v\u0113rien\u012bgi k\u0101 Gerasimova pazi\u0146ojumi, jo milit\u0101rie blogeri apgalvo, ka Krievijas karasp\u0113ks ir ie\u0146\u0113mis tikai aptuveni 11% pils\u0113tas,&#8221; teikts zi\u0146ojum\u0101.<\/p>\n<p>Tiek nor\u0101d\u012bts, ka Gerasimovs 18. decembr\u012b pazi\u0146oja, ka Krievija 2025. gad\u0101 ir ie\u0146\u0113musi vair\u0101k nek\u0101 6300 kvadr\u0101tkilometru Ukrainas teritorijas.<\/p>\n<p>Savuk\u0101rt Krievijas aizsardz\u012bbas ministrs Andrejs Belousovs 17. decembr\u012b run\u0101ja par 6000 kvadr\u0101tkilometru.<\/p>\n<p>Saska\u0146\u0101 ar ISW apl\u0113s\u0113m kop\u0161 2025. gada s\u0101kuma Krievijas karasp\u0113ks Ukrain\u0101 ir sagr\u0101bis 4700 kvadr\u0101tkilometrus.<\/p>\n<p>P\u0113c anal\u012bti\u0137u dom\u0101m, Gerasimova un Belousova p\u0101rsp\u012bl\u0113tie pazi\u0146ojumi nor\u0101da uz l\u0113no ofens\u012bvas tempu.<\/p>\n<p>T\u0101p\u0113c \u0161\u0101d\u0101 veid\u0101 vi\u0146i cen\u0161as rad\u012bt iespaidu par Krievijas it k\u0101 uzvaru kaujaslauk\u0101 un Ukrainas aizsardz\u012bbas v\u0101jumu.<\/p>\n","protected":false},"excerpt":{"rendered":"Krievija apgalvo, ka \u0161ogad esot sagr\u0101busi vair\u0101k nek\u0101 6300 kvadr\u0101tkilometru Ukrainas teritorijas, ta\u010du \u0161ie apgalvojumi neatbilst realit\u0101tei kaujaslauk\u0101,&hellip;\n","protected":false},"author":2,"featured_media":80165,"comment_status":"","ping_status":"","sticky":false,"template":"","format":"standard","meta":{"footnotes":""},"categories":[14],"tags":[23,57,28,29,32,33,22,7359,234,74,30,31,35,39,38,36,37,34,40,20,26,27,24,25,276,54,55,56,21,58],"class_list":{"0":"post-80164","1":"post","2":"type-post","3":"status-publish","4":"format-standard","5":"has-post-thumbnail","7":"category-zinas-no-arvalstim","8":"tag-aktualitates","9":"tag-arvalstim","10":"tag-breaking-news","11":"tag-breakingnews","12":"tag-featured-news","13":"tag-featurednews","14":"tag-headlines","15":"tag-isw","16":"tag-krievija","17":"tag-krievijas-iebrukums-ukraina","18":"tag-latest-news","19":"tag-latestnews","20":"tag-latvia","21":"tag-latvian","22":"tag-latviesu","23":"tag-latviesu-valoda","24":"tag-latviesuvaloda","25":"tag-latvija","26":"tag-lv","27":"tag-news","28":"tag-popularakas-zinas","29":"tag-popularakaszinas","30":"tag-top-stories","31":"tag-topstories","32":"tag-ukraina","33":"tag-world","34":"tag-world-news","35":"tag-worldnews","36":"tag-zinas","37":"tag-zinas-no-arvalstim"},"share_on_mastodon":{"url":"https:\/\/pubeurope.com\/@lv\/115747148438323157","error":""},"_links":{"self":[{"href":"https:\/\/www.europesays.com\/lv\/wp-json\/wp\/v2\/posts\/80164","targetHints":{"allow":["GET"]}}],"collection":[{"href":"https:\/\/www.europesays.com\/lv\/wp-json\/wp\/v2\/posts"}],"about":[{"href":"https:\/\/www.europesays.com\/lv\/wp-json\/wp\/v2\/types\/post"}],"author":[{"embeddable":true,"href":"https:\/\/www.europesays.com\/lv\/wp-json\/wp\/v2\/users\/2"}],"replies":[{"embeddable":true,"href":"https:\/\/www.europesays.com\/lv\/wp-json\/wp\/v2\/comments?post=80164"}],"version-history":[{"count":0,"href":"https:\/\/www.europesays.com\/lv\/wp-json\/wp\/v2\/posts\/80164\/revisions"}],"wp:featuredmedia":[{"embeddable":true,"href":"https:\/\/www.europesays.com\/lv\/wp-json\/wp\/v2\/media\/80165"}],"wp:attachment":[{"href":"https:\/\/www.europesays.com\/lv\/wp-json\/wp\/v2\/media?parent=80164"}],"wp:term":[{"taxonomy":"category","embeddable":true,"href":"https:\/\/www.europesays.com\/lv\/wp-json\/wp\/v2\/categories?post=80164"},{"taxonomy":"post_tag","embeddable":true,"href":"https:\/\/www.europesays.com\/lv\/wp-json\/wp\/v2\/tags?post=80164"}],"curies":[{"name":"wp","href":"https:\/\/api.w.org\/{rel}","templated":true}]}}