{"id":80174,"date":"2025-12-19T16:38:08","date_gmt":"2025-12-19T16:38:08","guid":{"rendered":"https:\/\/www.europesays.com\/lv\/80174\/"},"modified":"2025-12-19T16:38:08","modified_gmt":"2025-12-19T16:38:08","slug":"eiropas-valstis-piedalisies-ukrainas-miera-sarunas-asv","status":"publish","type":"post","link":"https:\/\/www.europesays.com\/lv\/80174\/","title":{"rendered":"Eiropas valstis piedal\u012bsies Ukrainas miera sarun\u0101s ASV"},"content":{"rendered":"<p>A\u0123ent\u016bra DPA, atsaucoties uz V\u0101cijas vald\u012bbas avotiem, iepriek\u0161 zi\u0146oja, ka V\u0101cijas kanclers Fr\u012bdrihs Mercs uz Maiami nos\u016bta savu \u0101rpolitikas padomnieku Ginteru Zauteru. Pats Mercs iepriek\u0161 apstiprin\u0101ja, ka V\u0101cijas p\u0101rst\u0101vji piedal\u012bsies sarun\u0101s <a href=\"https:\/\/www.tvnet.lv\/term\/555410\/asv\" class=\"topicLink\" target=\"_blank\" rel=\"nofollow noopener\">ASV<\/a>. Vi\u0146\u0161 \u017eurn\u0101listiem sac\u012bja, ka cer uz vienotas pieejas saglab\u0101\u0161anu starp ASV, Ukrainu un Eiropu.<\/p>\n<blockquote class=\"quote ck-widget\" contenteditable=\"false\">\n<p>\u201cTad mums j\u0101skat\u0101s, k\u0101 rea\u0123\u0113s <a href=\"https:\/\/www.tvnet.lv\/term\/555452\/krievija\" class=\"topicLink\" target=\"_blank\" rel=\"nofollow noopener\">Krievija<\/a>. Jebkur\u0101 gad\u012bjum\u0101 mums ir j\u0101r\u0113\u0137in\u0101s, ka Ukrainas finans\u0113\u0161ana b\u016bs j\u0101turpina v\u0113l ilg\u0101k,\u201d teica kanclers.<\/p>\n<\/blockquote>\n<p>K\u0101 iepriek\u0161 rakst\u012bja Politico, \u0161aj\u0101 ned\u0113\u013cas nogal\u0113 Maiami notiks sarunas par kara beig\u0161anu Ukrain\u0101. P\u0113c izdevuma r\u012bc\u012bb\u0101 eso\u0161\u0101s inform\u0101cijas, tik\u0161anos vad\u012bs ASV prezidenta \u012bpa\u0161ais s\u016btnis St\u012bvs Vitkofs un Krievijas Tie\u0161o invest\u012bciju fonda vad\u012bt\u0101js <a href=\"https:\/\/www.tvnet.lv\/term\/821249\/kirils-dmitrijevs\" class=\"topicLink\" target=\"_blank\" rel=\"nofollow noopener\">Kirils Dmitrijevs<\/a>. ASV deleg\u0101cij\u0101 b\u016bs ar\u012b Donalda Trampa znots D\u017eareds Ku\u0161ners.<\/p>\n<p>Ukrainas prezidents Volodimirs Zelenskis iepriek\u0161 nor\u0101d\u012bja, ka p\u0113c sarun\u0101m starp Krieviju un ASV Maiami notiks atsevi\u0161\u0137as sarunas starp Kijivas un Va\u0161ingtonas p\u0101rst\u0101vjiem. \u201cVi\u0146i sa\u0146ems atgriezenisko saiti no krieviem. Vi\u0146i apspried\u012bs vair\u0101kus dokumentus \u2013 dro\u0161\u012bbas garantijas, ekonomikas atvese\u013co\u0161anu un 20 punktus \u0161aj\u0101 pamatnol\u012bgum\u0101,\u201d teica Zelenskis.<\/p>\n","protected":false},"excerpt":{"rendered":"A\u0123ent\u016bra DPA, atsaucoties uz V\u0101cijas vald\u012bbas avotiem, iepriek\u0161 zi\u0146oja, ka V\u0101cijas kanclers Fr\u012bdrihs Mercs uz Maiami nos\u016bta savu&hellip;\n","protected":false},"author":2,"featured_media":80175,"comment_status":"","ping_status":"","sticky":false,"template":"","format":"standard","meta":{"footnotes":""},"categories":[14],"tags":[23,57,292,28,29,32,33,22,15873,234,74,30,31,35,39,38,36,37,34,40,20,26,27,24,25,276,54,55,56,21,58],"class_list":{"0":"post-80174","1":"post","2":"type-post","3":"status-publish","4":"format-standard","5":"has-post-thumbnail","7":"category-zinas-no-arvalstim","8":"tag-aktualitates","9":"tag-arvalstim","10":"tag-asv","11":"tag-breaking-news","12":"tag-breakingnews","13":"tag-featured-news","14":"tag-featurednews","15":"tag-headlines","16":"tag-kirils-dmitrijevs","17":"tag-krievija","18":"tag-krievijas-iebrukums-ukraina","19":"tag-latest-news","20":"tag-latestnews","21":"tag-latvia","22":"tag-latvian","23":"tag-latviesu","24":"tag-latviesu-valoda","25":"tag-latviesuvaloda","26":"tag-latvija","27":"tag-lv","28":"tag-news","29":"tag-popularakas-zinas","30":"tag-popularakaszinas","31":"tag-top-stories","32":"tag-topstories","33":"tag-ukraina","34":"tag-world","35":"tag-world-news","36":"tag-worldnews","37":"tag-zinas","38":"tag-zinas-no-arvalstim"},"share_on_mastodon":{"url":"https:\/\/pubeurope.com\/@lv\/115747219252916940","error":""},"_links":{"self":[{"href":"https:\/\/www.europesays.com\/lv\/wp-json\/wp\/v2\/posts\/80174","targetHints":{"allow":["GET"]}}],"collection":[{"href":"https:\/\/www.europesays.com\/lv\/wp-json\/wp\/v2\/posts"}],"about":[{"href":"https:\/\/www.europesays.com\/lv\/wp-json\/wp\/v2\/types\/post"}],"author":[{"embeddable":true,"href":"https:\/\/www.europesays.com\/lv\/wp-json\/wp\/v2\/users\/2"}],"replies":[{"embeddable":true,"href":"https:\/\/www.europesays.com\/lv\/wp-json\/wp\/v2\/comments?post=80174"}],"version-history":[{"count":0,"href":"https:\/\/www.europesays.com\/lv\/wp-json\/wp\/v2\/posts\/80174\/revisions"}],"wp:featuredmedia":[{"embeddable":true,"href":"https:\/\/www.europesays.com\/lv\/wp-json\/wp\/v2\/media\/80175"}],"wp:attachment":[{"href":"https:\/\/www.europesays.com\/lv\/wp-json\/wp\/v2\/media?parent=80174"}],"wp:term":[{"taxonomy":"category","embeddable":true,"href":"https:\/\/www.europesays.com\/lv\/wp-json\/wp\/v2\/categories?post=80174"},{"taxonomy":"post_tag","embeddable":true,"href":"https:\/\/www.europesays.com\/lv\/wp-json\/wp\/v2\/tags?post=80174"}],"curies":[{"name":"wp","href":"https:\/\/api.w.org\/{rel}","templated":true}]}}