{"id":80176,"date":"2025-12-19T16:41:08","date_gmt":"2025-12-19T16:41:08","guid":{"rendered":"https:\/\/www.europesays.com\/lv\/80176\/"},"modified":"2025-12-19T16:41:08","modified_gmt":"2025-12-19T16:41:08","slug":"eirovizija-2026-vineorf-vairs-nekluses-protestus-un-neaizliegs-palestinas-karogus-lente-lv-2","status":"publish","type":"post","link":"https:\/\/www.europesays.com\/lv\/80176\/","title":{"rendered":"Eirov\u012bzija 2026 V\u012bn\u0113:ORF vairs neklus\u0113s protestus un neaizliegs Palest\u012bnas karogus\u00a0\u2014\u00a0Lente.lv"},"content":{"rendered":"<p>Jauna politikas mai\u0146a Eirov\u012bzijas r\u012bkot\u0101ju pus\u0113<\/p>\n<p> K\u0101 zi\u0146o telekan\u0101ls TV3, gaid\u0101m\u0101 \u201cEirov\u012bzijas\u201d dziesmu konkursa 2026. gad\u0101 r\u012bkot\u0101ji \u2013 Austrijas sabiedrisk\u0101 raidorganiz\u0101cija ORF \u2013 ir stingri nost\u0101ju\u0161ies jaut\u0101jum\u0101 par politisko br\u012bv\u012bbu un v\u0101rda neaizskaram\u012bbu pas\u0101kuma laik\u0101. P\u0113c \u0161\u012b gada pieredzes un daudzo dal\u012bbvalstu protestu vi\u013c\u0146a, ORF ir apstiprin\u0101jusi, ka V\u012bn\u0113 neaizliegs ienest Palest\u012bnas karogus un, kas v\u0113l svar\u012bg\u0101k, neapsl\u0101p\u0113s nek\u0101dus publiskus izpausmes, tostarp svilpienus, kas v\u0113rsti pret Izra\u0113las sniegumu. \u0160is l\u0113mums iez\u012bm\u0113 noz\u012bm\u012bgu pagrieziena punktu konkursa r\u012bko\u0161anas v\u0113stur\u0113, kur\u0101 politiskie aspekti arvien bie\u017e\u0101k s\u0101k domin\u0113t p\u0101r m\u016bziku. <\/p>\n<p>\u201cPar\u0101d\u012bsim visu, k\u0101 ir\u201d \u2013 ORF vad\u012bbas principi<\/p>\n<p> ORF programmu direktore Stef\u0101nija Groisa-Horovica un \u0161ova izpildproducents Maikls Kr\u016bns vienbals\u012bgi uzsver, ka vi\u0146u galvenais uzdevums ir \u201cpar\u0101d\u012bt lietas t\u0101das, k\u0101das t\u0101s ir.\u201d T\u0101d\u0113\u013c tiks at\u013cauti visi pasaul\u0113 eso\u0161ie ofici\u0101lie karogi, ja vien tie atbild\u012bs likuma pras\u012bb\u0101m un dro\u0161\u012bbas standartiem, neapdraudot pas\u0101kuma norisi. Vi\u0146i stingri noliedz jebk\u0101du cenz\u016bru vai centienus \u201cmask\u0113t\u201d vai \u201cizskaistin\u0101t\u201d notieko\u0161o. Tas noz\u012bm\u0113, ka jebk\u0101di publiski izteikti protesti vai neapmierin\u0101t\u012bbas pau\u0161ana, piem\u0113ram, svilpieni vai \u201cbu-bu\u201d ska\u0146as Izra\u0113las priek\u0161nesuma laik\u0101, netiks apsl\u0101p\u0113ti vai aizst\u0101ti ar m\u0101ksl\u012bgiem aplausiem, k\u0101 tas iepriek\u0161 ir bijis nov\u0113rots. \u0160\u0101da atkl\u0101t\u012bba ir radik\u0101ls solis sal\u012bdzin\u0101jum\u0101 ar iepriek\u0161\u0113jiem konkursiem, kur politisk\u0101s spriedzes d\u0113\u013c tika veiktas cenz\u016bras darb\u012bbas. <\/p>\n<p>Eirov\u012bzijas 70. gadadienas \u0113na: boikoti un politiskie protesti<\/p>\n<p> Gaid\u0101mais 2026. gada Eirov\u012bzijas dziesmu konkurss, kas atz\u012bm\u0113s konkursa 70. gadadienu, jau tagad ir ap\u0113notas politisk\u0101s nesaska\u0146as un boikotu vilnis. Vair\u0101kas valstis, protest\u0113jot pret Izra\u0113las dal\u012bbu konkurs\u0101, ir pazi\u0146oju\u0161as par savu atteik\u0161anos piedal\u012bties. L\u012bdz \u0161im no dal\u012bbas ir izst\u0101ju\u0161\u0101s Islande, \u012arija, N\u012bderlande, Slov\u0113nija un Sp\u0101nija, nor\u0101dot uz ba\u017e\u0101m par humanit\u0101ro situ\u0101ciju Gazas josl\u0101. Pat pag\u0101ju\u0161\u0101 gada uzvar\u0113t\u0101js Nemo ir pazi\u0146ojis par nodomu atdot savu trofeju, protest\u0113jot pret Izra\u0113las dal\u012bbu, ko vi\u0146\u0161 uzskata par pretrun\u0101 ar konkursa v\u0113rt\u012bb\u0101m. \u0160\u0101da masu boikotu tendence ir bezprecedenta un rada nopietnas probl\u0113mas konkursa organizatoriem, kuri cen\u0161as saglab\u0101t pas\u0101kuma neitralit\u0101ti un vienot\u012bbas ideju. <\/p>\n<p>V\u012bne k\u0101 politisk\u0101 str\u012bda epicentrs<\/p>\n<p> Neskatoties uz politisko spriedzi un vair\u0101ku valstu draudiem boikot\u0113t pas\u0101kumu, V\u012bne ir apstiprin\u0101jusi savu gatav\u012bbu r\u012bkot 70. Eirov\u012bzijas dziesmu konkursu. Tom\u0113r ar\u012b Austrijas iek\u0161ien\u0113 notiek diskusijas par to, vai konkurss b\u016btu j\u0101r\u012bko, ja Izra\u0113la tiktu izsl\u0113gta. Ir pat izskan\u0113ju\u0161i draudi par atteik\u0161anos no r\u012bko\u0161anas, kas Austrijas sabiedriskajai raidorganiz\u0101cijai ORF var\u0113tu izmaks\u0101t l\u012bdz pat 40 miljoniem eiro soda naud\u0101. \u0160\u012b situ\u0101cija padara gaid\u0101mo konkursu par vienu no potenci\u0101li vispretrun\u012bg\u0101kajiem un politisk\u0101kajiem Eirov\u012bzijas v\u0113stur\u0113. <\/p>\n<p>Latvija paliek uztic\u012bga Eirov\u012bzijas idejai<\/p>\n<p> Pretstat\u0101 vair\u0101k\u0101m cit\u0101m valst\u012bm, Latvija ir apstiprin\u0101jusi savu dal\u012bbu 2026. gada Eirov\u012bzijas dziesmu konkurs\u0101 V\u012bn\u0113. Latvijas Sabiedrisk\u0101 medija valdes priek\u0161s\u0113d\u0113t\u0101ja Baiba Z\u016bzena p\u0113c EBU \u0122ener\u0101l\u0101s asamblejas ir pazi\u0146ojusi, ka Latvija pl\u0101no piedal\u012bties konkurs\u0101. \u0160is l\u0113mums nor\u0101da uz Latvijas v\u0113lmi turpin\u0101t atbalst\u012bt Eirov\u012bzijas k\u0101 platformas, kas apvieno tautas ar m\u016bzikas pal\u012bdz\u012bbu, ideju, neskatoties uz glob\u0101laj\u0101m politiskaj\u0101m spriedz\u0113m. <\/p>\n","protected":false},"excerpt":{"rendered":"Jauna politikas mai\u0146a Eirov\u012bzijas r\u012bkot\u0101ju pus\u0113 K\u0101 zi\u0146o telekan\u0101ls TV3, gaid\u0101m\u0101 \u201cEirov\u012bzijas\u201d dziesmu konkursa 2026. gad\u0101 r\u012bkot\u0101ji \u2013&hellip;\n","protected":false},"author":2,"featured_media":80177,"comment_status":"","ping_status":"","sticky":false,"template":"","format":"standard","meta":{"footnotes":""},"categories":[19],"tags":[623,494,17310,89,90,493,35,39,38,36,37,34,40,19555,20063,20064,19445],"class_list":{"0":"post-80176","1":"post","2":"type-post","3":"status-publish","4":"format-standard","5":"has-post-thumbnail","7":"category-izklaide","8":"tag-austrija","9":"tag-boikots","10":"tag-eirovizija-2026","11":"tag-entertainment","12":"tag-izklaide","13":"tag-izraela","14":"tag-latvia","15":"tag-latvian","16":"tag-latviesu","17":"tag-latviesu-valoda","18":"tag-latviesuvaloda","19":"tag-latvija","20":"tag-lv","21":"tag-orf","22":"tag-palestinas-karogs","23":"tag-politiska-briviba","24":"tag-vine"},"share_on_mastodon":{"url":"https:\/\/pubeurope.com\/@lv\/115747231471469530","error":""},"_links":{"self":[{"href":"https:\/\/www.europesays.com\/lv\/wp-json\/wp\/v2\/posts\/80176","targetHints":{"allow":["GET"]}}],"collection":[{"href":"https:\/\/www.europesays.com\/lv\/wp-json\/wp\/v2\/posts"}],"about":[{"href":"https:\/\/www.europesays.com\/lv\/wp-json\/wp\/v2\/types\/post"}],"author":[{"embeddable":true,"href":"https:\/\/www.europesays.com\/lv\/wp-json\/wp\/v2\/users\/2"}],"replies":[{"embeddable":true,"href":"https:\/\/www.europesays.com\/lv\/wp-json\/wp\/v2\/comments?post=80176"}],"version-history":[{"count":0,"href":"https:\/\/www.europesays.com\/lv\/wp-json\/wp\/v2\/posts\/80176\/revisions"}],"wp:featuredmedia":[{"embeddable":true,"href":"https:\/\/www.europesays.com\/lv\/wp-json\/wp\/v2\/media\/80177"}],"wp:attachment":[{"href":"https:\/\/www.europesays.com\/lv\/wp-json\/wp\/v2\/media?parent=80176"}],"wp:term":[{"taxonomy":"category","embeddable":true,"href":"https:\/\/www.europesays.com\/lv\/wp-json\/wp\/v2\/categories?post=80176"},{"taxonomy":"post_tag","embeddable":true,"href":"https:\/\/www.europesays.com\/lv\/wp-json\/wp\/v2\/tags?post=80176"}],"curies":[{"name":"wp","href":"https:\/\/api.w.org\/{rel}","templated":true}]}}