{"id":80191,"date":"2025-12-19T17:02:19","date_gmt":"2025-12-19T17:02:19","guid":{"rendered":"https:\/\/www.europesays.com\/lv\/80191\/"},"modified":"2025-12-19T17:02:19","modified_gmt":"2025-12-19T17:02:19","slug":"mums-rokas-niez-putins-pazinoja-par-gatavibu-nolikt-galus-sim-zveram-ko-vins-ar-to-domaja","status":"publish","type":"post","link":"https:\/\/www.europesays.com\/lv\/80191\/","title":{"rendered":"\u00abMums rokas niez\u00bb: Putins pazi\u0146oja par gatav\u012bbu \u00abnolikt galus \u0161im zv\u0113ram\u00bb. Ko vi\u0146\u0161 ar to dom\u0101ja?"},"content":{"rendered":"<p>Putins skarbi izteic\u0101s par UBS ar v\u0101rdiem \u00abesam gatavi turpin\u0101t un nolikt galus \u0161im zv\u0113ram\u00bb.<\/p>\n<p>\u0145emot v\u0113r\u0101 to, k\u0101 Ukrainas Bru\u0146otie sp\u0113ki (UBS) izturas pret civiliedz\u012bvot\u0101jiem, Krievijas karasp\u0113ki ir gatavi \u00abnolikt galus \u0161im zv\u0113ram\u00bb. To pazi\u0146oja Krievijas prezidents Vladimirs Putins tie\u0161\u0101s l\u012bnijas laik\u0101, kas bija apvienota ar nosl\u0113guma preses konferenci.<\/p>\n<p>\u00abKad m\u0113s redz\u0113j\u0101m, ko vi\u0146i dar\u012bja ar civiliedz\u012bvot\u0101jiem \u2014 mums vienk\u0101r\u0161i rokas niez. Esam gatavi turpin\u0101t un nolikt galus \u0161im zv\u0113ram\u00bb, \u2014 pazi\u0146oja prezidents.<\/p>\n<p>Agr\u0101k Putins nor\u0101d\u012bja, ka Krievija neatbild par cilv\u0113ku n\u0101vi kar\u0101, ko, p\u0113c vi\u0146a teikt\u0101, \u00abnav s\u0101kusi\u00bb.<\/p>\n<p>\n                            Valodas k\u013c\u016bda rakst\u0101?<br \/>Iez\u012bm\u0113jiet tekstu un spiediet Zi\u0146ot par k\u013c\u016bdu pogas   , lai nos\u016bt\u012btu labojamo teksta fragmentu redaktoram!<\/p>\n<p>                                Zi\u0146ot par k\u013c\u016bdu<\/p>\n","protected":false},"excerpt":{"rendered":"Putins skarbi izteic\u0101s par UBS ar v\u0101rdiem \u00abesam gatavi turpin\u0101t un nolikt galus \u0161im zv\u0113ram\u00bb. \u0145emot v\u0113r\u0101 to,&hellip;\n","protected":false},"author":2,"featured_media":80192,"comment_status":"","ping_status":"","sticky":false,"template":"","format":"standard","meta":{"footnotes":""},"categories":[14],"tags":[23,57,28,29,32,33,22,30,31,35,39,38,36,37,34,40,20,26,27,24,25,54,55,56,21,58],"class_list":{"0":"post-80191","1":"post","2":"type-post","3":"status-publish","4":"format-standard","5":"has-post-thumbnail","7":"category-zinas-no-arvalstim","8":"tag-aktualitates","9":"tag-arvalstim","10":"tag-breaking-news","11":"tag-breakingnews","12":"tag-featured-news","13":"tag-featurednews","14":"tag-headlines","15":"tag-latest-news","16":"tag-latestnews","17":"tag-latvia","18":"tag-latvian","19":"tag-latviesu","20":"tag-latviesu-valoda","21":"tag-latviesuvaloda","22":"tag-latvija","23":"tag-lv","24":"tag-news","25":"tag-popularakas-zinas","26":"tag-popularakaszinas","27":"tag-top-stories","28":"tag-topstories","29":"tag-world","30":"tag-world-news","31":"tag-worldnews","32":"tag-zinas","33":"tag-zinas-no-arvalstim"},"share_on_mastodon":{"url":"https:\/\/pubeurope.com\/@lv\/115747313691377293","error":""},"_links":{"self":[{"href":"https:\/\/www.europesays.com\/lv\/wp-json\/wp\/v2\/posts\/80191","targetHints":{"allow":["GET"]}}],"collection":[{"href":"https:\/\/www.europesays.com\/lv\/wp-json\/wp\/v2\/posts"}],"about":[{"href":"https:\/\/www.europesays.com\/lv\/wp-json\/wp\/v2\/types\/post"}],"author":[{"embeddable":true,"href":"https:\/\/www.europesays.com\/lv\/wp-json\/wp\/v2\/users\/2"}],"replies":[{"embeddable":true,"href":"https:\/\/www.europesays.com\/lv\/wp-json\/wp\/v2\/comments?post=80191"}],"version-history":[{"count":0,"href":"https:\/\/www.europesays.com\/lv\/wp-json\/wp\/v2\/posts\/80191\/revisions"}],"wp:featuredmedia":[{"embeddable":true,"href":"https:\/\/www.europesays.com\/lv\/wp-json\/wp\/v2\/media\/80192"}],"wp:attachment":[{"href":"https:\/\/www.europesays.com\/lv\/wp-json\/wp\/v2\/media?parent=80191"}],"wp:term":[{"taxonomy":"category","embeddable":true,"href":"https:\/\/www.europesays.com\/lv\/wp-json\/wp\/v2\/categories?post=80191"},{"taxonomy":"post_tag","embeddable":true,"href":"https:\/\/www.europesays.com\/lv\/wp-json\/wp\/v2\/tags?post=80191"}],"curies":[{"name":"wp","href":"https:\/\/api.w.org\/{rel}","templated":true}]}}