{"id":80199,"date":"2025-12-19T17:24:13","date_gmt":"2025-12-19T17:24:13","guid":{"rendered":"https:\/\/www.europesays.com\/lv\/80199\/"},"modified":"2025-12-19T17:24:13","modified_gmt":"2025-12-19T17:24:13","slug":"dzivnieku-aizstavji-neredz-jegu-civillikuma-ierakstit-ka-dzivnieks-nav-manta","status":"publish","type":"post","link":"https:\/\/www.europesays.com\/lv\/80199\/","title":{"rendered":"Dz\u012bvnieku aizst\u0101vji neredz j\u0113gu Civillikum\u0101 ierakst\u012bt, ka dz\u012bvnieks nav manta"},"content":{"rendered":"<p>Vi\u0146i uzsver, ka nevienu no min\u0113taj\u0101m probl\u0113m\u0101m nerisin\u0101s da\u017eu form\u0101lu fr\u0101\u017eu ierakst\u012b\u0161ana Civillikum\u0101 par to, ka dz\u012bvnieks ir dz\u012bva b\u016btne un nav manta, jo tie, kuri neiev\u0113ro jau eso\u0161os likumus, ignor\u0113s ar\u012b \u0161\u012bs izmai\u0146as.<\/p>\n<p>Dz\u012bvnieku ties\u012bbu aizst\u0101vji uzskata, ka dz\u012bvnieku labtur\u012bbas nodro\u0161in\u0101\u0161anai nepiecie\u0161ama praktiska r\u012bc\u012bba, sistem\u0101tiska izgl\u012bt\u012bba un atbild\u012bgas iest\u0101des, kas proakt\u012bvi r\u012bkojas dz\u012bvnieku interes\u0113s, nevis deklarat\u012bvi groz\u012bjumi likum\u0101. Sp\u0113k\u0101 eso\u0161ie ties\u012bbu akti jau pa\u0161laik to visu \u013caujot dar\u012bt. Tikai sodu neizb\u0113gam\u012bba var izm\u0101c\u012bt p\u0101rk\u0101p\u0113jus un nest labumu kop\u0113jai situ\u0101cijai dz\u012bvnieku ties\u012bbu iev\u0113ro\u0161an\u0101 Latvij\u0101, uzskata dz\u012bvnieku aizsardz\u012bbas organiz\u0101ciju p\u0101rst\u0101vji.<\/p>\n<p>Memoranda biedri aicina valsts un pa\u0161vald\u012bbu instit\u016bcijas r\u012bkoties un izmantot visus tos &#8220;iero\u010dus&#8221;, kas jau ir noteikti Latvijas likumos, lai nodro\u0161in\u0101tu, ka <a href=\"https:\/\/www.tvnet.lv\/term\/555403\/dzivnieki\" class=\"topicLink\" target=\"_blank\" rel=\"nofollow noopener\">dz\u012bvnieki<\/a> Latvij\u0101 sa\u0146em pien\u0101c\u012bgu apr\u016bpi un cie\u0146u. Vienlaikus valstij un pa\u0161vald\u012bb\u0101m esot j\u0101r\u016bp\u0113jas par ilgtermi\u0146a sabiedr\u012bbas izgl\u012bto\u0161anu, kontrol\u0113jo\u0161o iest\u0101\u017eu darbinieku apm\u0101c\u012bbu un konsekventu normat\u012bvo aktu piem\u0113ro\u0161anu, nor\u0101da dz\u012bvnieku aizst\u0101vji.<\/p>\n<p>Memorands par Latvijas dz\u012bvnieku patversmju, dz\u012bvnieku aizsardz\u012bbas organiz\u0101ciju un br\u012bvpr\u0101t\u012bgo pal\u012bgu sadarb\u012bbu parakst\u012bts 2023. gada 27. oktobr\u012b. Memorand\u0101 apvienoju\u0161\u0101s dz\u012bvnieku aizsardz\u012bbas organiz\u0101cijas un br\u012bvpr\u0101t\u012bgie pal\u012bgi, lai veidotu koordin\u0113tu sadarb\u012bbu nozar\u0113, darbotos kvalitat\u012bvi, saska\u0146\u0101 ar lab\u0101k\u0101s prakses vadl\u012bnij\u0101m un starptautiskiem standartiem, k\u0101 ar\u012b veicin\u0101tu Latvijas dz\u012bvnieku aizsardz\u012bbas nozares sak\u0101rto\u0161anu ilgtermi\u0146\u0101.<\/p>\n","protected":false},"excerpt":{"rendered":"Vi\u0146i uzsver, ka nevienu no min\u0113taj\u0101m probl\u0113m\u0101m nerisin\u0101s da\u017eu form\u0101lu fr\u0101\u017eu ierakst\u012b\u0161ana Civillikum\u0101 par to, ka dz\u012bvnieks ir&hellip;\n","protected":false},"author":2,"featured_media":80200,"comment_status":"","ping_status":"","sticky":false,"template":"","format":"standard","meta":{"footnotes":""},"categories":[5],"tags":[23,28,29,5807,20106,32,33,22,30,31,35,39,38,36,37,34,40,5943,20,26,27,24,25,21],"class_list":{"0":"post-80199","1":"post","2":"type-post","3":"status-publish","4":"format-standard","5":"has-post-thumbnail","7":"category-aktualitates","8":"tag-aktualitates","9":"tag-breaking-news","10":"tag-breakingnews","11":"tag-dzivnieki","12":"tag-dzivnieku-aizsardzibas-biedriba","13":"tag-featured-news","14":"tag-featurednews","15":"tag-headlines","16":"tag-latest-news","17":"tag-latestnews","18":"tag-latvia","19":"tag-latvian","20":"tag-latviesu","21":"tag-latviesu-valoda","22":"tag-latviesuvaloda","23":"tag-latvija","24":"tag-lv","25":"tag-majdzivnieki","26":"tag-news","27":"tag-popularakas-zinas","28":"tag-popularakaszinas","29":"tag-top-stories","30":"tag-topstories","31":"tag-zinas"},"share_on_mastodon":{"url":"https:\/\/pubeurope.com\/@lv\/115747400251535529","error":""},"_links":{"self":[{"href":"https:\/\/www.europesays.com\/lv\/wp-json\/wp\/v2\/posts\/80199","targetHints":{"allow":["GET"]}}],"collection":[{"href":"https:\/\/www.europesays.com\/lv\/wp-json\/wp\/v2\/posts"}],"about":[{"href":"https:\/\/www.europesays.com\/lv\/wp-json\/wp\/v2\/types\/post"}],"author":[{"embeddable":true,"href":"https:\/\/www.europesays.com\/lv\/wp-json\/wp\/v2\/users\/2"}],"replies":[{"embeddable":true,"href":"https:\/\/www.europesays.com\/lv\/wp-json\/wp\/v2\/comments?post=80199"}],"version-history":[{"count":0,"href":"https:\/\/www.europesays.com\/lv\/wp-json\/wp\/v2\/posts\/80199\/revisions"}],"wp:featuredmedia":[{"embeddable":true,"href":"https:\/\/www.europesays.com\/lv\/wp-json\/wp\/v2\/media\/80200"}],"wp:attachment":[{"href":"https:\/\/www.europesays.com\/lv\/wp-json\/wp\/v2\/media?parent=80199"}],"wp:term":[{"taxonomy":"category","embeddable":true,"href":"https:\/\/www.europesays.com\/lv\/wp-json\/wp\/v2\/categories?post=80199"},{"taxonomy":"post_tag","embeddable":true,"href":"https:\/\/www.europesays.com\/lv\/wp-json\/wp\/v2\/tags?post=80199"}],"curies":[{"name":"wp","href":"https:\/\/api.w.org\/{rel}","templated":true}]}}