{"id":80203,"date":"2025-12-19T17:30:13","date_gmt":"2025-12-19T17:30:13","guid":{"rendered":"https:\/\/www.europesays.com\/lv\/80203\/"},"modified":"2025-12-19T17:30:13","modified_gmt":"2025-12-19T17:30:13","slug":"apvienojoties-rtu-inzenierekonomikas-un-vadibas-fakultatei-un-rigas-biznesa-skolai-rtu-veidos-baltija-ietekmigu-biznesa-un-vadibas-izglitibas-centru","status":"publish","type":"post","link":"https:\/\/www.europesays.com\/lv\/80203\/","title":{"rendered":"Apvienojoties RTU In\u017eenierekonomikas un vad\u012bbas fakult\u0101tei un R\u012bgas Biznesa skolai, RTU veidos Baltij\u0101 ietekm\u012bgu biznesa un vad\u012bbas izgl\u012bt\u012bbas centru"},"content":{"rendered":"<p>R\u012bgas Tehnisk\u0101 universit\u0101te (RTU) iecer\u0113jusi 2027. gad\u0101 izveidot Baltijas re\u0123ion\u0101 noz\u012bm\u012bgu, modernu un starptautiski atz\u012btu biznesa un vad\u012bbas izgl\u012bt\u012bbas centru, kas stiprin\u0101s Latvijas konkur\u0113tsp\u0113ju, izgl\u012btojot n\u0101kotnes tehnolo\u0123iju uz\u0146\u0113mumu vad\u012bt\u0101jus, p\u0101rmai\u0146u l\u012bderus un jaunuz\u0146\u0113mumu veidot\u0101jus. \u0160o m\u0113r\u0137i pl\u0101nots sasniegt, apvienojoties diviem sav\u0101 jom\u0101 sp\u0113c\u012bgiem sp\u0113l\u0113t\u0101jiem \u2013 RTU In\u017eenierekonomikas un vad\u012bbas fakult\u0101tei (IEVF) un RTU R\u012bgas Biznesa skolai (RBS).<\/p>\n<p>Stiprinot biznesa izgl\u012bt\u012bbas pied\u0101v\u0101jumu n\u0101kotn\u0113, iecer\u0113ts apvienot RBS studiju programmas un IEVF\u00a0ekonomikas un vad\u012bbas zin\u0101t\u0146u studiju programmu bloku, par pamatu izv\u0113loties RBS z\u012bmolam rakstur\u012bgo augstas kvalit\u0101tes biznesa vad\u012bbas studiju programmu pied\u0101v\u0101jumu un servisu, savuk\u0101rt IEVF in\u017eenierzin\u0101t\u0146u bloku pl\u0101nots integr\u0113t cit\u0101s RTU fakult\u0101t\u0113s. Iecer\u0113ts, ka biznesa studiju programm\u0101m \u012bpa\u0161i sp\u0113c\u012bga saikne tiks veidota ar RTU in\u017eenierzin\u0101t\u0146u un augsto tehnolo\u0123iju programm\u0101m, studentiem sniedzot m\u016bsdien\u012bgu biznesa izgl\u012bt\u012bbu, kur\u0101 ir sp\u0113c\u012bgs fokuss uz jauno tehnolo\u0123iju, piem\u0113ram, m\u0101ksl\u012bg\u0101 intelekta sniegto iesp\u0113ju izmanto\u0161anu, lai studenti \u2013 n\u0101kotnes uz\u0146\u0113m\u0113jdarb\u012bbas l\u012bderi \u2013 b\u016btu sagatavoti m\u016bsdienu darba tirgum, kur lielu lomu sp\u0113l\u0113 tehnolo\u0123ijas.<\/p>\n<p>\u201cApvienojoties RBS un IEVF, tiks paaugstin\u0101ta RTU zin\u0101tnisk\u0101 kapacit\u0101te ekonomikas un vad\u012bbzin\u012bbu jom\u0101, k\u0101 ar\u012b tiks nodro\u0161in\u0101tas sp\u0113c\u012bgas jauno l\u012bderu sagatavo\u0161anai paredz\u0113tas studiju programmas. Tas ir \u012bpa\u0161i svar\u012bgi, jo RTU ir s\u0101kusi virz\u012bbu uz starptautisko reitingu Top 500, kur noz\u012bm\u012bga loma ir zin\u0101tniskajam sniegumam un studiju kvalit\u0101tei. Ab\u0101m strukt\u016brvien\u012bb\u0101m str\u0101d\u0101jot kop\u0101, b\u016bs liel\u0101kas iesp\u0113jas realiz\u0113t starptautiskus zin\u0101tnes un izgl\u012bt\u012bbas projektus,\u201d saka RTU rektors T\u0101lis Juhna.<\/p>\n<p>RBS \u0161ogad jau uzs\u0101kusi un p\u0113c integr\u0101cijas ar IEVF kop\u0101 turpin\u0101s ce\u013cu, lai ieg\u016btu AACSB\u00a0(Association to Advance Collegiate Schools of Business) akredit\u0101ciju, kas apliecina izgl\u012bt\u012bbas iest\u0101des augstos starptautiskos standartus \u2013 pasaules l\u012bme\u0146a biznesa izgl\u012bt\u012bbu, l\u012bder\u012bbu, augstas kvalifik\u0101cijas akad\u0113misko person\u0101lu, nodro\u0161inot biznesa skolas starptautisko reput\u0101ciju. Lai stiprin\u0101tu jau pa\u0161reiz\u0113jo sniegumu un izmantotu jaunas iesp\u0113jas, iecer\u0113tas finansi\u0101las invest\u012bcijas studiju satura att\u012bst\u012bb\u0101 un p\u0113tniec\u012bbas kapacit\u0101tes veido\u0161an\u0101. T\u0101pat pl\u0101nots stiprin\u0101t ar\u012b t\u0101s studiju programmas, kuras neietilpst ekonomikas un vad\u012bbzin\u0101t\u0146u jom\u0101 un m\u0101jvietu atrad\u012bs cit\u0101s RTU fakult\u0101t\u0113s.<\/p>\n<p>P\u0101rmai\u0146u proces\u0101 RTU saglab\u0101s pa\u0161reiz\u0113j\u0101s saist\u012bbas pret darbiniekiem un studentiem, un n\u0101kotn\u0113 ikvienam no ieinteres\u0113tajiem b\u016bs iesp\u0113ja iesaist\u012bties jaunos starpdisciplin\u0101ros projektos, k\u0101 ar\u012b jauno strukt\u016brvien\u012bbu veido\u0161an\u0101. 2026.\u00a0gad\u0101 iecer\u0113ts izstr\u0101d\u0101t detaliz\u0113tu strat\u0113\u0123iju un att\u012bst\u012bbas pl\u0101nu, lai jau 2027.\u00a0gad\u0101 strukt\u016brvien\u012bbas var\u0113tu s\u0101kt darbu jaunaj\u0101 ietvar\u0101. 2026.\u00a0gad\u0101 uz\u0146em\u0161anas process un studijas ab\u0101s strukt\u016brvien\u012bb\u0101s norisin\u0101sies jau ierastaj\u0101 form\u0101t\u0101.<\/p>\n<p>RTU jau ir v\u0113rt\u012bga pieredze strukt\u016brvien\u012bbu konsolid\u0101cij\u0101 \u2013 pirms diviem gadiem tika apvienotas RTU devi\u0146as fakult\u0101tes, to viet\u0101 izveidojot \u010detras, k\u0101 ar\u012b, apvienojot arhitekt\u016bras un dizaina programmas, tika izveidots Arhitekt\u016bras un dizaina instit\u016bts. RTU ir guvusi pieredzi ar\u012b \u0101r\u0113j\u0101 konsolid\u0101cij\u0101, sav\u0101 saim\u0113 iek\u013caujot Latvijas J\u016bras akad\u0113miju un J\u016brskolu, Liep\u0101jas J\u016brniec\u012bbas koled\u017eu, Liep\u0101jas akad\u0113miju un R\u0113zeknes akad\u0113miju. \u00a0\u00a0<\/p>\n<p>          <img decoding=\"async\" src=\"https:\/\/www.europesays.com\/lv\/wp-content\/uploads\/2025\/12\/1765959310_789_logo-lv.png\" alt=\"\"\/><\/p>\n<p>                  \u0160\u012b inform\u0101cija ir publisks pazi\u0146ojums un neatspogu\u013co LV port\u0101la viedokli. Par t\u0101s saturu atbild ies\u016bt\u012bt\u0101js. <a data-popup=\"rules\">Public\u0113\u0161anas noteikumi<\/a><\/p>\n","protected":false},"excerpt":{"rendered":"R\u012bgas Tehnisk\u0101 universit\u0101te (RTU) iecer\u0113jusi 2027. gad\u0101 izveidot Baltijas re\u0123ion\u0101 noz\u012bm\u012bgu, modernu un starptautiski atz\u012btu biznesa un vad\u012bbas&hellip;\n","protected":false},"author":2,"featured_media":80204,"comment_status":"","ping_status":"","sticky":false,"template":"","format":"standard","meta":{"footnotes":""},"categories":[5],"tags":[23,28,29,32,33,22,30,31,35,39,38,36,37,34,40,20,26,27,24,25,21],"class_list":{"0":"post-80203","1":"post","2":"type-post","3":"status-publish","4":"format-standard","5":"has-post-thumbnail","7":"category-aktualitates","8":"tag-aktualitates","9":"tag-breaking-news","10":"tag-breakingnews","11":"tag-featured-news","12":"tag-featurednews","13":"tag-headlines","14":"tag-latest-news","15":"tag-latestnews","16":"tag-latvia","17":"tag-latvian","18":"tag-latviesu","19":"tag-latviesu-valoda","20":"tag-latviesuvaloda","21":"tag-latvija","22":"tag-lv","23":"tag-news","24":"tag-popularakas-zinas","25":"tag-popularakaszinas","26":"tag-top-stories","27":"tag-topstories","28":"tag-zinas"},"share_on_mastodon":{"url":"https:\/\/pubeurope.com\/@lv\/115747423859407567","error":""},"_links":{"self":[{"href":"https:\/\/www.europesays.com\/lv\/wp-json\/wp\/v2\/posts\/80203","targetHints":{"allow":["GET"]}}],"collection":[{"href":"https:\/\/www.europesays.com\/lv\/wp-json\/wp\/v2\/posts"}],"about":[{"href":"https:\/\/www.europesays.com\/lv\/wp-json\/wp\/v2\/types\/post"}],"author":[{"embeddable":true,"href":"https:\/\/www.europesays.com\/lv\/wp-json\/wp\/v2\/users\/2"}],"replies":[{"embeddable":true,"href":"https:\/\/www.europesays.com\/lv\/wp-json\/wp\/v2\/comments?post=80203"}],"version-history":[{"count":0,"href":"https:\/\/www.europesays.com\/lv\/wp-json\/wp\/v2\/posts\/80203\/revisions"}],"wp:featuredmedia":[{"embeddable":true,"href":"https:\/\/www.europesays.com\/lv\/wp-json\/wp\/v2\/media\/80204"}],"wp:attachment":[{"href":"https:\/\/www.europesays.com\/lv\/wp-json\/wp\/v2\/media?parent=80203"}],"wp:term":[{"taxonomy":"category","embeddable":true,"href":"https:\/\/www.europesays.com\/lv\/wp-json\/wp\/v2\/categories?post=80203"},{"taxonomy":"post_tag","embeddable":true,"href":"https:\/\/www.europesays.com\/lv\/wp-json\/wp\/v2\/tags?post=80203"}],"curies":[{"name":"wp","href":"https:\/\/api.w.org\/{rel}","templated":true}]}}