{"id":80221,"date":"2025-12-19T17:56:14","date_gmt":"2025-12-19T17:56:14","guid":{"rendered":"https:\/\/www.europesays.com\/lv\/80221\/"},"modified":"2025-12-19T17:56:14","modified_gmt":"2025-12-19T17:56:14","slug":"faceoff-podkasts-nba-cup-ikskis-un-ka-iet-masalskim-ar-u-20-klausitava-sportacentrs-com","status":"publish","type":"post","link":"https:\/\/www.europesays.com\/lv\/80221\/","title":{"rendered":"&#8221;FaceOff Podk\u0101sts&#8221;: NBA Cup \u012bk\u0161\u0137is un k\u0101 iet Masa\u013cskim ar U-20 \u2013 Klaus\u012btava \u2013 Sportacentrs.com"},"content":{"rendered":"<p>    Klaus\u012btava | &#8221;FaceOff Podk\u0101sts&#8221;: NBA Cup \u012bk\u0161\u0137is un k\u0101 iet Masa\u013cskim ar U-20 \u2013 Klaus\u012btava \u2013 Sportacentrs.com<\/p>\n<p>\n            Layout: current: getContentLayout (Cid: Cache\\Templating\\LayoutCustomizations\\Esports\\CustomizationSource641 ), alternative: getContentLayout (Cid: Cache\\Templating\\LayoutCustomizations\\Esports\\CustomizationSource641), Fid:2963, Did:0, useCase: 3\n<\/p>\n<p>                <a href=\"https:\/\/sportacentrs.com\/\" name=\"top\" class=\"m-2 d-inline-flex align-items-center\" rel=\"nofollow noopener\" target=\"_blank\"><br \/>\n                    <img decoding=\"async\" src=\"https:\/\/www.europesays.com\/lv\/wp-content\/uploads\/2025\/09\/sportacentrs_logo_84x45.png\" alt=\"sportacentrs.com\"\/><br \/>\n                <\/a><\/p>\n<p>\n                    Aktu\u0101li\n                <\/p>\n<p>\n                    Sporta veidi\n                <\/p>\n<p>\n                    Inform\u0101cija\n                <\/p>\n<p>\n                    Raid\u012bjumi\n                <\/p>\n<p>\n                    Da\u017e\u0101di\n                <\/p>\n<p>                                    <img decoding=\"async\" src=\"https:\/\/www.europesays.com\/lv\/wp-content\/uploads\/2025\/09\/avatar-blank.gif\" class=\"figure-img img-fluid rounded\" alt=\"Valters \u017dagata\"\/><\/p>\n<p>        <a href=\"https:\/\/i4.tiesraides.lv\/1200x0s\/pictures\/2025-12-19\/0d7a_maxresdefault_22.jpg\" class=\"fancybox d-block\" rel=\"nofollow noopener\" target=\"_blank\"><br \/>\n            <img decoding=\"async\" src=\"https:\/\/www.europesays.com\/lv\/wp-content\/uploads\/2025\/12\/0d7a_maxresdefault_22.jpg\" alt=\"Klaus\u012btava | ''FaceOff Podk\u0101sts'': NBA Cup \u012bk\u0161\u0137is un k\u0101 iet Masa\u013cskim ar U-20\" style=\"width:100%;\" class=\"figure-img img-fluid img-thumbnail\"\/><br \/>\n        <\/a><\/p>\n<p>\u0160aj\u0101 &#8221;FaceOff&#8221; podk\u0101st\u0101 sarunas par hokeju gan Eirop\u0101, gan NHL. K\u0101 ar\u012b vair\u0101k par NBA kausu un sazvans ar Edgaru Masa\u013cski, kur\u0161 dal\u0101s ar inside info par U20 Latvijas hokeja izlasi.<\/p>\n<p>    <a href=\"https:\/\/www.facebook.com\/sharer.php?u=https%3A%2F%2Fsportacentrs.com%2Fklausitava%2F19122025-klausitava_faceoff_podkasts_nba_cup_ikski\" data-share=\"1\" class=\"nav-item nav-link text-center share facebook\" rel=\"nofollow noopener\" target=\"_blank\"><\/a><br \/>\n    <a href=\"https:\/\/twitter.com\/share?url=https%3A%2F%2Fsportacentrs.com%2Fklausitava%2F19122025-klausitava_faceoff_podkasts_nba_cup_ikski\" data-share=\"1\" class=\"nav-item nav-link text-center twitter\" target=\"_blank\" rel=\"nofollow noopener\"><\/a><br \/>\n    <a href=\"https:\/\/www.draugiem.lv\/say\/ext\/add.php?url=https%3A%2F%2Fsportacentrs.com%2Fklausitava%2F19122025-klausitava_faceoff_podkasts_nba_cup_ikski&amp;title=Klaus%C4%ABtava%20%7C%20%27%27FaceOff%20Podk%C4%81sts%27%27%3A%20NBA%20Cup%20%C4%ABk%C5%A1%C4%B7is%20un%20k%C4%81%20iet%20Masa%C4%BCskim%20ar%20U-20\" data-share=\"1\" class=\"nav-item nav-link text-center draugiem\" target=\"_blank\" rel=\"nofollow noopener\"><\/a><\/p>\n<p><img loading=\"lazy\" decoding=\"async\" src=\"https:\/\/www.europesays.com\/lv\/wp-content\/uploads\/2025\/12\/1766166974_274_seg\" width=\"1\" height=\"1\" alt=\"\"\/><\/p>\n<p><script async src=\"https:\/\/platform.twitter.com\/widgets.js\" charset=\"utf-8\"><\/script><\/p>\n","protected":false},"excerpt":{"rendered":"Klaus\u012btava | &#8221;FaceOff Podk\u0101sts&#8221;: NBA Cup \u012bk\u0161\u0137is un k\u0101 iet Masa\u013cskim ar U-20 \u2013 Klaus\u012btava \u2013 Sportacentrs.com Layout:&hellip;\n","protected":false},"author":2,"featured_media":80222,"comment_status":"","ping_status":"","sticky":false,"template":"","format":"standard","meta":{"footnotes":""},"categories":[17],"tags":[1570,35,39,38,36,37,34,40,67],"class_list":{"0":"post-80221","1":"post","2":"type-post","3":"status-publish","4":"format-standard","5":"has-post-thumbnail","7":"category-sports","8":"tag-klausitava","9":"tag-latvia","10":"tag-latvian","11":"tag-latviesu","12":"tag-latviesu-valoda","13":"tag-latviesuvaloda","14":"tag-latvija","15":"tag-lv","16":"tag-sports"},"share_on_mastodon":{"url":"https:\/\/pubeurope.com\/@lv\/115747526180234418","error":""},"_links":{"self":[{"href":"https:\/\/www.europesays.com\/lv\/wp-json\/wp\/v2\/posts\/80221","targetHints":{"allow":["GET"]}}],"collection":[{"href":"https:\/\/www.europesays.com\/lv\/wp-json\/wp\/v2\/posts"}],"about":[{"href":"https:\/\/www.europesays.com\/lv\/wp-json\/wp\/v2\/types\/post"}],"author":[{"embeddable":true,"href":"https:\/\/www.europesays.com\/lv\/wp-json\/wp\/v2\/users\/2"}],"replies":[{"embeddable":true,"href":"https:\/\/www.europesays.com\/lv\/wp-json\/wp\/v2\/comments?post=80221"}],"version-history":[{"count":0,"href":"https:\/\/www.europesays.com\/lv\/wp-json\/wp\/v2\/posts\/80221\/revisions"}],"wp:featuredmedia":[{"embeddable":true,"href":"https:\/\/www.europesays.com\/lv\/wp-json\/wp\/v2\/media\/80222"}],"wp:attachment":[{"href":"https:\/\/www.europesays.com\/lv\/wp-json\/wp\/v2\/media?parent=80221"}],"wp:term":[{"taxonomy":"category","embeddable":true,"href":"https:\/\/www.europesays.com\/lv\/wp-json\/wp\/v2\/categories?post=80221"},{"taxonomy":"post_tag","embeddable":true,"href":"https:\/\/www.europesays.com\/lv\/wp-json\/wp\/v2\/tags?post=80221"}],"curies":[{"name":"wp","href":"https:\/\/api.w.org\/{rel}","templated":true}]}}