{"id":80291,"date":"2025-12-19T20:04:10","date_gmt":"2025-12-19T20:04:10","guid":{"rendered":"https:\/\/www.europesays.com\/lv\/80291\/"},"modified":"2025-12-19T20:04:10","modified_gmt":"2025-12-19T20:04:10","slug":"sidnejas-pludmales-uzbrukuma-varonim-saziedots-vairak-neka-25-miljonu-australijas-dolaru-vina-stavoklis-ir-smagaks-neka-cerets-jauns-lv","status":"publish","type":"post","link":"https:\/\/www.europesays.com\/lv\/80291\/","title":{"rendered":"Sidnejas pludmales uzbrukuma varonim saziedots vair\u0101k nek\u0101 2,5 miljonu Austr\u0101lijas dol\u0101ru: vi\u0146a st\u0101voklis ir smag\u0101ks, nek\u0101 cer\u0113ts &#8211; Jauns.lv"},"content":{"rendered":"<ol>\n<li><a href=\"https:\/\/news.google.com\/rss\/articles\/CBMi-AFBVV95cUxQTUtFeDlGOHRoM0FLY19Wd1JkY3B2WWxrdm1kNFg4Rzlqc1MtSmE0R01vSzdsdlR3azlYZU15M19OMWVFTzlYM2pYTnFvT0NQcnNvLXFmc29IanB1cDgzQldHdzd4T1UwMWlRT1BZWFh2NnBqUUJWU285WGxFRTJrMlBvc19tSGVydHF6bENhTjdpX25KSV9OTTJ6S0piaDEtTE5iNmJMTVQ0MnhVLTRoX0JOcGdxeEtlOEtXMzJZeUtzTEZOUTY3QW1ESHFjRHRxeUxMSG9OaUZKMUJXaHhCZHhSdlJ3UHh3R0NnVEtWLU8xNlB4bDNWZw?oc=5\" target=\"_blank\" rel=\"nofollow noopener\">Sidnejas pludmales uzbrukuma varonim saziedots vair\u0101k nek\u0101 2,5 miljonu Austr\u0101lijas dol\u0101ru: vi\u0146a st\u0101voklis ir smag\u0101ks, nek\u0101 cer\u0113ts<\/a>&nbsp;&nbsp;Jauns.lv<\/li>\n<li><a href=\"https:\/\/news.google.com\/rss\/articles\/CBMi5gFBVV95cUxPN2g5MkN5dGoweENPTFU2Y0Z4ZDB0c2k1dmJRTkR5QkdDNGY4RWRoRDhIWXA4d1dfOG1lbjloS3l4YzFVY0FSakpnWGlUN3NjR0VPX09vWjZzR0tWN0Z1R1VRSWtiZzFraFRERFVCV0ZkWk44Z1RPVTJJTXpBSEJ0VEk0dlNjQzRxSGpnVWl4WGxnNzdaamFpSThzeTIyVmF3aWRYR0NBaUZsQ1ZLX3JfWld1OEhuWEZwbjNRRlZpQ1ljTDBsTHZwZjFGZnY5QnE2NkplWWViT3NWRlpTTHl5Z0toNVo2UQ?oc=5\" target=\"_blank\" rel=\"nofollow noopener\">P\u0113c masu ap\u0161audes Austr\u0101lij\u0101 vald\u012bba lemj atpirkt no \u012bpa\u0161niekiem nevajadz\u012bgos \u0161aujamiero\u010dus<\/a>&nbsp;&nbsp;LSM<\/li>\n<li><a href=\"https:\/\/news.google.com\/rss\/articles\/CBMiiAFBVV95cUxOdF82ZVdsSTlRa0lJQlZoUUtVbnM4VGpDOEtHRHBHNlRjeWs4anJtem05ZkxIcVJpSHRwWThLeTFiTDN3cDZIY2RNeG5BYXVOcFRiMmwzOWhBY25Oc3NGVlBkdXJZeEdwc3VGckhzRG1nNnZ4aGFTT1ZWTXFWdjN0TV9EWDlzUnhL?oc=5\" target=\"_blank\" rel=\"nofollow noopener\">Austr\u0101lija pazi\u0146o par \u0161aujamiero\u010du atpirk\u0161anas pl\u0101nu<\/a>&nbsp;&nbsp;TVNET<\/li>\n<li><a href=\"https:\/\/news.google.com\/rss\/articles\/CBMi4AFBVV95cUxNV1JXWEVkeDNjcFNzeXhqQW5ydGR1STVRbXE2Zk5ldFJ4ODZDSksyN3VpbWxDajhUX1hFeFlEQ0t1WXVVOVZZT2c5WlRna3I2NXljMFNFS1dBS25rZlhCbjhFQnVmTmlsQXExRVRXQnVpY0paZV9wY0pfMzlhS2dhUm43YlhmNzBOeWg3UVhxNThGX2FNWE4wQU8yQjNUdnlxQzNqbmJrbzZ3Nl90V3dLR3Q1ZXExRlYtOFBLOTdET1B6QmJIOS1ERmFKeUFTSUgxd2xtYWZpRUJfa05iVmRQZg?oc=5\" target=\"_blank\" rel=\"nofollow noopener\">Varonis Bondi pludmal\u0113 atbru\u0146oja uzbruc\u0113ju, bet radies jaut\u0101jums, k\u0101p\u0113c vi\u0146\u0161 neizmantoja ieroci<\/a>&nbsp;&nbsp;Delfi<\/li>\n<li><a href=\"https:\/\/news.google.com\/rss\/articles\/CBMimwFBVV95cUxOSTQtR1MzTDBoMTNPblU3R3N2Z1VWVzhzVEx4a2gtMWcycEtnWWhvRkRpYVFpelA2a3VTS3hMT3RVX3F1ZkxKODQ1ZlJpejRNbk5aQmRhdFBMSkpGcDZiWDgtcDhjcGRmNTdMTERaaVFfMUN1cWhCcTlTTFFQajFDUURkU3A0YmRMY1BpeERhY0VLaHg5MFpQWlZPQQ?oc=5\" target=\"_blank\" rel=\"nofollow noopener\">Netanjahu pieprasa Rietumiem r\u012bkoties<\/a>&nbsp;&nbsp;NRA<\/li>\n<\/ol>\n","protected":false},"excerpt":{"rendered":"Sidnejas pludmales uzbrukuma varonim saziedots vair\u0101k nek\u0101 2,5 miljonu Austr\u0101lijas dol\u0101ru: vi\u0146a st\u0101voklis ir smag\u0101ks, nek\u0101 cer\u0113ts&nbsp;&nbsp;Jauns.lv P\u0113c&hellip;\n","protected":false},"author":2,"featured_media":80292,"comment_status":"","ping_status":"","sticky":false,"template":"","format":"standard","meta":{"footnotes":""},"categories":[14],"tags":[23,57,28,29,32,33,22,30,31,35,39,38,36,37,34,40,20,26,27,24,25,54,55,56,21,58],"class_list":{"0":"post-80291","1":"post","2":"type-post","3":"status-publish","4":"format-standard","5":"has-post-thumbnail","7":"category-zinas-no-arvalstim","8":"tag-aktualitates","9":"tag-arvalstim","10":"tag-breaking-news","11":"tag-breakingnews","12":"tag-featured-news","13":"tag-featurednews","14":"tag-headlines","15":"tag-latest-news","16":"tag-latestnews","17":"tag-latvia","18":"tag-latvian","19":"tag-latviesu","20":"tag-latviesu-valoda","21":"tag-latviesuvaloda","22":"tag-latvija","23":"tag-lv","24":"tag-news","25":"tag-popularakas-zinas","26":"tag-popularakaszinas","27":"tag-top-stories","28":"tag-topstories","29":"tag-world","30":"tag-world-news","31":"tag-worldnews","32":"tag-zinas","33":"tag-zinas-no-arvalstim"},"share_on_mastodon":{"url":"https:\/\/pubeurope.com\/@lv\/115748029355570178","error":""},"_links":{"self":[{"href":"https:\/\/www.europesays.com\/lv\/wp-json\/wp\/v2\/posts\/80291","targetHints":{"allow":["GET"]}}],"collection":[{"href":"https:\/\/www.europesays.com\/lv\/wp-json\/wp\/v2\/posts"}],"about":[{"href":"https:\/\/www.europesays.com\/lv\/wp-json\/wp\/v2\/types\/post"}],"author":[{"embeddable":true,"href":"https:\/\/www.europesays.com\/lv\/wp-json\/wp\/v2\/users\/2"}],"replies":[{"embeddable":true,"href":"https:\/\/www.europesays.com\/lv\/wp-json\/wp\/v2\/comments?post=80291"}],"version-history":[{"count":0,"href":"https:\/\/www.europesays.com\/lv\/wp-json\/wp\/v2\/posts\/80291\/revisions"}],"wp:featuredmedia":[{"embeddable":true,"href":"https:\/\/www.europesays.com\/lv\/wp-json\/wp\/v2\/media\/80292"}],"wp:attachment":[{"href":"https:\/\/www.europesays.com\/lv\/wp-json\/wp\/v2\/media?parent=80291"}],"wp:term":[{"taxonomy":"category","embeddable":true,"href":"https:\/\/www.europesays.com\/lv\/wp-json\/wp\/v2\/categories?post=80291"},{"taxonomy":"post_tag","embeddable":true,"href":"https:\/\/www.europesays.com\/lv\/wp-json\/wp\/v2\/tags?post=80291"}],"curies":[{"name":"wp","href":"https:\/\/api.w.org\/{rel}","templated":true}]}}