{"id":80297,"date":"2025-12-19T20:10:21","date_gmt":"2025-12-19T20:10:21","guid":{"rendered":"https:\/\/www.europesays.com\/lv\/80297\/"},"modified":"2025-12-19T20:10:21","modified_gmt":"2025-12-19T20:10:21","slug":"aviokatastrofa-gajis-boja-legendarais-nascar-braucejs-gregs-bifls-ar-visu-gimeni","status":"publish","type":"post","link":"https:\/\/www.europesays.com\/lv\/80297\/","title":{"rendered":"Aviokatastrof\u0101 g\u0101jis boj\u0101 le\u0123end\u0101rais NASCAR brauc\u0113js Gregs Bifls ar visu \u0123imeni"},"content":{"rendered":"<p>Tom\u0113r, neskatoties uz vis\u0101m sac\u012bkst\u0113m un nedaudzaj\u0101m neaizmirstamaj\u0101m uzvar\u0101m, vi\u0146\u0161, iesp\u0113jams, vislab\u0101k palicis atmi\u0146\u0101 par savu nesavt\u012bgo un nenogursto\u0161o darbu, pal\u012bdzot citiem k\u0101 helikoptera pilots, sniedzot pal\u012bdz\u012bbu pirms gada viesu\u013cv\u0113tras Hel\u0113nas atst\u0101tajos post\u012bjumos.<\/p>\n<p>Biflam patika lidot, un ceturtdien, 19. decembr\u012b, vi\u0146\u0161 atkal bija gais\u0101 neliel\u0101 lidma\u0161\u012bn\u0101, kas avar\u0113ja Steitsvilas lidost\u0101 uz zieme\u013ciem no \u0160arlotes, pazi\u0146oja varas iest\u0101des. Tiek uzskat\u012bts, ka vi\u0146\u0161 ir starp septi\u0146iem boj\u0101g\u0101ju\u0161ajiem, tostarp vi\u0146a sieva un divi b\u0113rni. Vi\u0146am bija 55 gadi.<\/p>\n<blockquote class=\"twitter-tweet\" data-width=\"550\" data-dnt=\"true\">\n<p lang=\"en\" dir=\"ltr\">\ud83d\udea8 JUST IN: TERRIFYING new footage of the plane crash which kiIIed NASCAR legend and humanitarian Greg Biffle earlier today<\/p>\n<p>Seven people are confirmed deceased, including Greg, his wife Cristina, daughter Emma, and son Ryder<\/p>\n<p>Keep their family in your prayers tonight \ud83d\ude4f\ud83c\udffb <\/p>\n<p>h\/t\u2026 <a href=\"https:\/\/t.co\/hOsqyVIfvZ\" rel=\"nofollow\">pic.twitter.com\/hOsqyVIfvZ<\/a><\/p>\n<p>\u2014 Nick Sortor (@nicksortor) <a href=\"https:\/\/twitter.com\/nicksortor\/status\/2001785934128533585?ref_src=twsrc%5Etfw\" rel=\"nofollow noopener\" target=\"_blank\">December 18, 2025<\/a><\/p>\n<\/blockquote>\n<p>\u201c\u0160\u012b tra\u0123\u0113dija ir atst\u0101jusi visas m\u016bsu \u0123imenes neizsak\u0101mi satriektas,\u201d teikts kop\u012bgaj\u0101 pazi\u0146ojum\u0101 upuru v\u0101rd\u0101. \u201cGregs un Krist\u012bna bija uztic\u012bgi vec\u0101ki un akt\u012bvi filantropi, kuru dz\u012bves centr\u0101 bija vi\u0146u jaunais d\u0113ls Raiders un Grega meita Emma. Emma bija br\u012bni\u0161\u0137\u012bgs cilv\u0113ks ar laipnu dv\u0113seli, kuru m\u012bl\u0113ja daudzi cilv\u0113ki. Raiders bija akt\u012bvs, zin\u0101tk\u0101rs un bezgala priec\u012bgs b\u0113rns.\u201d<\/p>\n<p>Pazi\u0146ojum\u0101 p\u0101r\u0113jie pasa\u017eieri tika identific\u0113ti k\u0101 Deniss Datons, vi\u0146a d\u0113ls D\u017eeks un Kreigs Vedsvorts, kurus visus \u201cm\u012bl\u0113ja liel\u0101 NASCAR kopien\u0101\u201d.<\/p>\n<p class=\"ad-desc ad-desc-main\">Saturs turpin\u0101s p\u0113c rekl\u0101mas<\/p>\n<p class=\"ad-desc ad-desc-sec\">Rekl\u0101ma<\/p>\n<p>Bifls ieguva \u010dempiontitulus gan zem\u0101k\u0101 l\u012bme\u0146a nacion\u0101laj\u0101 kravas automa\u0161\u012bnu, gan Xfinity s\u0113rij\u0101 \u2014 pirmais brauc\u0113js, kur\u0161 to paveica \u2014 un gandr\u012bz visu savu karjeru pavad\u012bja, braucot \u201cRoush Fenway Racing\u201d komand\u0101, kuras galven\u0101 m\u012btne atrodas aptuveni 40 j\u016bdzes uz dienvidiem no av\u0101rijas vietas.<\/p>\n<p>S\u0101pes p\u0101r\u0146\u0113mu\u0161as draudz\u012bgo autosac\u012bk\u0161u kopienu, s\u0101kot no brauc\u0113jiem l\u012bdz komandu \u012bpa\u0161niekiem, piem\u0113ram, \u010cipam Ganassi. Zieme\u013ckarol\u012bnas gubernators D\u017eo\u0161s Steins izc\u0113la Biflu par vi\u0146a \u201cdrosmi un l\u012bdzj\u016bt\u012bbu\u201d un pal\u012bdz\u012bbu viesu\u013cv\u0113tras upuriem. T\u0101pat r\u012bkoj\u0101s ar\u012b NASCAR.<\/p>\n<p>\u201cGregs bija vair\u0101k nek\u0101 \u010dempions brauc\u0113js \u2014 vi\u0146\u0161 bija iem\u012b\u013cots NASCAR kopienas loceklis, s\u012bvs konkurents un draugs daudziem,\u201d teikts seri\u0101la pazi\u0146ojum\u0101. \u201cPapildus sac\u012bk\u0161u karjerai vi\u0146\u0161 velt\u012bja sevi m\u016bsu kopienas uzlabo\u0161anai. Visiev\u0113rojam\u0101kais ir tas, ka Gregs neskait\u0101mas stundas velt\u012bja Zieme\u013ckarol\u012bnas iedz\u012bvot\u0101ju pal\u012bdz\u0113\u0161anai katastrofu laik\u0101, kas sekoja viesu\u013cv\u0113trai Hel\u0113nai. Vi\u0146a nenogursto\u0161ais darbs gl\u0101ba dz\u012bv\u012bbas.\u201d<\/p>\n<p>Dzimis Vank\u016bver\u0101, Va\u0161ingtonas \u0161tat\u0101, Bifls ir start\u0113jis vair\u0101k nek\u0101 800 reizes NASCAR trij\u0101s s\u0113rij\u0101s un 2000. gad\u0101 ieguvis Truck Series titulu un 2002. gad\u0101 Xfinity titulu. Kopum\u0101 vi\u0146\u0161 uzvar\u0113ja 54 sac\u012bkst\u0113s NASCAR trij\u0101s nacion\u0101laj\u0101s tras\u0113s, tostarp 19 augst\u0101kaj\u0101s Cup Series l\u012bmen\u012b. 2005. gad\u0101, sav\u0101 lab\u0101kaj\u0101 sezon\u0101, vi\u0146\u0161 \u010dempion\u0101ta kopv\u0113rt\u0113jum\u0101 fini\u0161\u0113ja otraj\u0101 viet\u0101 aiz Tonija Stjuarta, un tr\u012bs gadus v\u0113l\u0101k k\u013cuva par pirmo brauc\u0113ju, kur\u0161 viena gada laik\u0101 uzvar\u0113jis div\u0101s izsl\u0113g\u0161anas sac\u012bkst\u0113s.<\/p>\n<p>Bifls debit\u0113ja Cup izc\u012b\u0146\u0101 2002. gad\u0101. Vi\u0146\u0161 ieguva vietu \u201cRoush\u201d komand\u0101, izmantojot t\u0101s veco \u201cGong Show\u201d metodi, kur\u0101 brauc\u0113ji tika izv\u0113l\u0113ti, kandid\u0101ti sacent\u0101s aci pret aci, cen\u0161oties ieg\u016bt darbu vien\u0101 no NASCAR lab\u0101kaj\u0101m komand\u0101m.<\/p>\n<p><script async src=\"https:\/\/platform.twitter.com\/widgets.js\" charset=\"utf-8\"><\/script><\/p>\n","protected":false},"excerpt":{"rendered":"Tom\u0113r, neskatoties uz vis\u0101m sac\u012bkst\u0113m un nedaudzaj\u0101m neaizmirstamaj\u0101m uzvar\u0101m, vi\u0146\u0161, iesp\u0113jams, vislab\u0101k palicis atmi\u0146\u0101 par savu nesavt\u012bgo un&hellip;\n","protected":false},"author":2,"featured_media":80298,"comment_status":"","ping_status":"","sticky":false,"template":"","format":"standard","meta":{"footnotes":""},"categories":[14],"tags":[23,57,28,29,32,33,20124,22,30,31,35,39,38,36,37,34,40,20,26,27,24,25,54,55,56,21,58],"class_list":{"0":"post-80297","1":"post","2":"type-post","3":"status-publish","4":"format-standard","5":"has-post-thumbnail","7":"category-zinas-no-arvalstim","8":"tag-aktualitates","9":"tag-arvalstim","10":"tag-breaking-news","11":"tag-breakingnews","12":"tag-featured-news","13":"tag-featurednews","14":"tag-gregs-biflsin-memoriamnascar","15":"tag-headlines","16":"tag-latest-news","17":"tag-latestnews","18":"tag-latvia","19":"tag-latvian","20":"tag-latviesu","21":"tag-latviesu-valoda","22":"tag-latviesuvaloda","23":"tag-latvija","24":"tag-lv","25":"tag-news","26":"tag-popularakas-zinas","27":"tag-popularakaszinas","28":"tag-top-stories","29":"tag-topstories","30":"tag-world","31":"tag-world-news","32":"tag-worldnews","33":"tag-zinas","34":"tag-zinas-no-arvalstim"},"share_on_mastodon":{"url":"https:\/\/pubeurope.com\/@lv\/115748052904418601","error":""},"_links":{"self":[{"href":"https:\/\/www.europesays.com\/lv\/wp-json\/wp\/v2\/posts\/80297","targetHints":{"allow":["GET"]}}],"collection":[{"href":"https:\/\/www.europesays.com\/lv\/wp-json\/wp\/v2\/posts"}],"about":[{"href":"https:\/\/www.europesays.com\/lv\/wp-json\/wp\/v2\/types\/post"}],"author":[{"embeddable":true,"href":"https:\/\/www.europesays.com\/lv\/wp-json\/wp\/v2\/users\/2"}],"replies":[{"embeddable":true,"href":"https:\/\/www.europesays.com\/lv\/wp-json\/wp\/v2\/comments?post=80297"}],"version-history":[{"count":0,"href":"https:\/\/www.europesays.com\/lv\/wp-json\/wp\/v2\/posts\/80297\/revisions"}],"wp:featuredmedia":[{"embeddable":true,"href":"https:\/\/www.europesays.com\/lv\/wp-json\/wp\/v2\/media\/80298"}],"wp:attachment":[{"href":"https:\/\/www.europesays.com\/lv\/wp-json\/wp\/v2\/media?parent=80297"}],"wp:term":[{"taxonomy":"category","embeddable":true,"href":"https:\/\/www.europesays.com\/lv\/wp-json\/wp\/v2\/categories?post=80297"},{"taxonomy":"post_tag","embeddable":true,"href":"https:\/\/www.europesays.com\/lv\/wp-json\/wp\/v2\/tags?post=80297"}],"curies":[{"name":"wp","href":"https:\/\/api.w.org\/{rel}","templated":true}]}}