{"id":80311,"date":"2025-12-19T20:29:13","date_gmt":"2025-12-19T20:29:13","guid":{"rendered":"https:\/\/www.europesays.com\/lv\/80311\/"},"modified":"2025-12-19T20:29:13","modified_gmt":"2025-12-19T20:29:13","slug":"vina-nepiedavaja-palidzibu-bet-meginaja-noskaidrot-vai-vestule-ir-ista-egils-helmanis-publiski-nopel-delfi-zurnalisti","status":"publish","type":"post","link":"https:\/\/www.europesays.com\/lv\/80311\/","title":{"rendered":"\u201cVi\u0146a nepied\u0101v\u0101ja pal\u012bdz\u012bbu, bet m\u0113\u0123in\u0101ja noskaidrot, vai v\u0113stule ir \u012bsta\u2026.\u201d Egils Helmanis publiski nope\u013c \u201cDelfi\u201d \u017eurn\u0101listi"},"content":{"rendered":"<p>    <img decoding=\"async\" src=\"https:\/\/www.europesays.com\/lv\/wp-content\/uploads\/2025\/12\/LET_24733106-1024x684.jpg\" alt=\"&#10;\"\/><\/p>\n<p>Foto: Lita Milere\/LETA\n<\/p>\n<p>17:39, 19. decembris 2025<\/p>\n<p>\u201cM\u016bsu valsts ir palikusi policejiska,\u201d soci\u0101laj\u0101 t\u012bkl\u0101 \u201cFacebook\u201d raksta Ogres novada domes priek\u0161s\u0113d\u0113t\u0101js Egils Helmanis, pau\u017eot sa\u0161utumu par k\u0101das \u017eurn\u0101listes r\u012bc\u012bbu. Helmanis nor\u0101da, ka gan vi\u0146\u0161, gan vi\u0146a kol\u0113\u0123i no \u010cernihivas rajona domes bija p\u0101rsteigti, sa\u0146emot v\u0113stuli no Delfu \u017eurn\u0101listes Katr\u012bnas \u017dukovas-Zal\u0101nes<\/p>\n<p>        Las\u012bt\u0101kie<br \/>\n        <a data-imagesrc=\"{&quot;300&quot;:&quot;https:\\\/\\\/lastatic.ams3.cdn.digitaloceanspaces.com\\\/2025\\\/12\\\/png-24-300x200.png&quot;,&quot;1024&quot;:&quot;https:\\\/\\\/lastatic.ams3.cdn.digitaloceanspaces.com\\\/2025\\\/12\\\/png-24-1024x683.png&quot;,&quot;1536&quot;:&quot;https:\\\/\\\/lastatic.ams3.cdn.digitaloceanspaces.com\\\/2025\\\/12\\\/png-24-1536x1024.png&quot;,&quot;500&quot;:&quot;https:\\\/\\\/lastatic.ams3.cdn.digitaloceanspaces.com\\\/2025\\\/12\\\/png-24-500x333.png&quot;,&quot;800&quot;:&quot;https:\\\/\\\/lastatic.ams3.cdn.digitaloceanspaces.com\\\/2025\\\/12\\\/png-24-800x533.png&quot;,&quot;1800&quot;:&quot;https:\\\/\\\/lastatic.ams3.cdn.digitaloceanspaces.com\\\/2025\\\/12\\\/png-24.png&quot;}\" data-focuspoint=\"&quot;&quot;\" data-p=\"2474424\" href=\"https:\/\/www.la.lv\/smiekligi-bet-patiesi-sis-3-zodiaka-zimes-sogad-pelnijusas-zagarus-zem-eglites\" class=\"content-item lazy-load\" wp_automatic_readability=\"26.5\" rel=\"nofollow noopener\" target=\"_blank\"><\/p>\n<p>                                <img decoding=\"async\" src=\"\" alt=\"\" style=\"\" data-imageid=\"\"\/><\/p>\n<p>                                Kokteilis<\/p>\n<p>\n                                                Smiekl\u012bgi, bet patiesi: \u0161\u012bs 3 zodiaka z\u012bmes \u0161ogad peln\u012bju\u0161as \u017eagarus zem egl\u012btes<\/p>\n<p><\/a><a data-imagesrc=\"{&quot;300&quot;:&quot;https:\\\/\\\/lastatic.ams3.cdn.digitaloceanspaces.com\\\/2025\\\/04\\\/Bez-nosaukuma-1500-x-1000-pikseli-72-300x200.jpg&quot;,&quot;1024&quot;:&quot;https:\\\/\\\/lastatic.ams3.cdn.digitaloceanspaces.com\\\/2025\\\/04\\\/Bez-nosaukuma-1500-x-1000-pikseli-72-1024x683.jpg&quot;,&quot;768&quot;:&quot;https:\\\/\\\/lastatic.ams3.cdn.digitaloceanspaces.com\\\/2025\\\/04\\\/Bez-nosaukuma-1500-x-1000-pikseli-72-768x512.jpg&quot;,&quot;200&quot;:&quot;https:\\\/\\\/lastatic.ams3.cdn.digitaloceanspaces.com\\\/2025\\\/04\\\/Bez-nosaukuma-1500-x-1000-pikseli-72-200x133.jpg&quot;,&quot;400&quot;:&quot;https:\\\/\\\/lastatic.ams3.cdn.digitaloceanspaces.com\\\/2025\\\/04\\\/Bez-nosaukuma-1500-x-1000-pikseli-72-400x267.jpg&quot;,&quot;500&quot;:&quot;https:\\\/\\\/lastatic.ams3.cdn.digitaloceanspaces.com\\\/2025\\\/04\\\/Bez-nosaukuma-1500-x-1000-pikseli-72-500x333.jpg&quot;,&quot;800&quot;:&quot;https:\\\/\\\/lastatic.ams3.cdn.digitaloceanspaces.com\\\/2025\\\/04\\\/Bez-nosaukuma-1500-x-1000-pikseli-72-800x533.jpg&quot;,&quot;1000&quot;:&quot;https:\\\/\\\/lastatic.ams3.cdn.digitaloceanspaces.com\\\/2025\\\/04\\\/Bez-nosaukuma-1500-x-1000-pikseli-72-1000x667.jpg&quot;,&quot;1500&quot;:&quot;https:\\\/\\\/lastatic.ams3.cdn.digitaloceanspaces.com\\\/2025\\\/04\\\/Bez-nosaukuma-1500-x-1000-pikseli-72.jpg&quot;}\" data-focuspoint=\"&quot;&quot;\" data-p=\"2483615\" href=\"https:\/\/www.la.lv\/krievi-uzbruk-putinam-ar-vel-vienu-neertu-jautajumu-iznicinot-kremla-mitus\" class=\"content-item lazy-load\" wp_automatic_readability=\"26.5\" rel=\"nofollow noopener\" target=\"_blank\"><\/p>\n<p>                                <img decoding=\"async\" src=\"\" alt=\"\" style=\"\" data-imageid=\"\"\/><\/p>\n<p>\n                                                Krievi uzbr\u016bk Putinam ar v\u0113l vienu ne\u0113rtu jaut\u0101jumu, izn\u012bcinot Krem\u013ca m\u012btus\n                            <\/p>\n<p><\/a><a data-imagesrc=\"{&quot;300&quot;:&quot;https:\\\/\\\/lastatic.ams3.cdn.digitaloceanspaces.com\\\/2024\\\/05\\\/Anna-Bendika-300x200.png&quot;,&quot;1024&quot;:&quot;https:\\\/\\\/lastatic.ams3.cdn.digitaloceanspaces.com\\\/2024\\\/05\\\/Anna-Bendika-1024x683.png&quot;,&quot;768&quot;:&quot;https:\\\/\\\/lastatic.ams3.cdn.digitaloceanspaces.com\\\/2024\\\/05\\\/Anna-Bendika-768x512.png&quot;,&quot;200&quot;:&quot;https:\\\/\\\/lastatic.ams3.cdn.digitaloceanspaces.com\\\/2024\\\/05\\\/Anna-Bendika-200x133.png&quot;,&quot;400&quot;:&quot;https:\\\/\\\/lastatic.ams3.cdn.digitaloceanspaces.com\\\/2024\\\/05\\\/Anna-Bendika-400x267.png&quot;,&quot;500&quot;:&quot;https:\\\/\\\/lastatic.ams3.cdn.digitaloceanspaces.com\\\/2024\\\/05\\\/Anna-Bendika-500x334.png&quot;,&quot;800&quot;:&quot;https:\\\/\\\/lastatic.ams3.cdn.digitaloceanspaces.com\\\/2024\\\/05\\\/Anna-Bendika-800x534.png&quot;,&quot;1000&quot;:&quot;https:\\\/\\\/lastatic.ams3.cdn.digitaloceanspaces.com\\\/2024\\\/05\\\/Anna-Bendika-1000x667.png&quot;,&quot;1217&quot;:&quot;https:\\\/\\\/lastatic.ams3.cdn.digitaloceanspaces.com\\\/2024\\\/05\\\/Anna-Bendika.png&quot;}\" data-focuspoint=\"&quot;&quot;\" data-p=\"2483633\" href=\"https:\/\/www.la.lv\/video-anete-bendika-asaras-pamet-grupu-kas-isti-notika-slavenibu-kopigaja-celojuma\" class=\"content-item lazy-load\" wp_automatic_readability=\"26\" rel=\"nofollow noopener\" target=\"_blank\"><\/p>\n<p>                                <img decoding=\"async\" src=\"\" alt=\"\" style=\"\" data-imageid=\"\"\/><\/p>\n<p>                                Kokteilis<\/p>\n<p>\n                                                VIDEO. Anete Bendika asar\u0101s pamet grupu. Kas \u012bsti notika slaven\u012bbu kop\u012bgaj\u0101 ce\u013cojum\u0101?\n                            <\/p>\n<p><\/a><br \/>\n        <a class=\"read-more\" href=\"https:\/\/www.la.lv\/top\" rel=\"nofollow noopener\" target=\"_blank\">Las\u012bt citas zi\u0146as<\/a><\/p>\n<p>\u201cAt\u013cau\u0161os nelielu atk\u0101pi. \u010cernihiva ir Ogres novada sadraudz\u012bbas pils\u0113ta, bet \u010cernihivas apgabalam sniedz pal\u012bdz\u012bbu visa Latvijas valsts. \u017durn\u0101liste nejaut\u0101ja \u201ck\u0101da pal\u012bdz\u012bba jums ir vajadz\u012bga?\u201d un nepras\u012bja \u201ck\u00e0 j\u016bs tiekat gal\u0101 ar \u0161ahedu uzlidojumiem?\u201d, vi\u0146a nepied\u0101v\u0101ja pal\u012bdz\u012bbu, bet m\u0113\u0123in\u0101ja noskaidrot, vai atbalsta v\u0113stule Egilam Helmanim, ko rakst\u012bja \u010cernihivas apgabala deput\u0101tu dome, adres\u0113ta Ogres novada deput\u0101tiem, ir \u012bsta,\u201d raksta Helmanis.<\/p>\n<p>Vi\u0146\u0161 ar\u012b nor\u0101da uz, vi\u0146apr\u0101t, politisku kontekstu: \u201c\u017durn\u0101liste sav\u0101 v\u0113stul\u0113 rakst\u012bja, ka \u0161\u012b atbalsta v\u0113stule nopublic\u0113ta man\u0101 priv\u0101taj\u0101 kont\u0101 Facebook\u0101, bet noklus\u0113ja, ka \u0161\u012bs v\u0113stule tika nolas\u012bta Ogres novada domes s\u0113d\u0113 un nopublic\u0113ta Ogres novada m\u0101jaslap\u0101 un Facebook kont\u0101. Es saprotu, ka Delfus ir piebarojusi Vienot\u012bbas vad\u012bt\u0101 vald\u012bba un vi\u0146u pien\u0101kums ir uzbrukt tiem, kas kritiz\u0113 Vienot\u012bbu, bet tas, kas saist\u012bts ar m\u016bsu valsts aizsardz\u012bbu un pal\u012bdz\u012bbu Ukrainai, ir j\u0101b\u016bt \u0101rpus \u0161\u012bm primit\u012bvaj\u0101m politiskaj\u0101m sp\u0113l\u0113m.\u201d<\/p>\n<p>    CITI \u0160OBR\u012aD LASA<\/p>\n<p>Helmanis pau\u017e p\u0101rmetumu \u017eurn\u0101listes pieejai un iesaka koncentr\u0113ties uz b\u016btisko. \u201c\u017durn\u00e0listei iesaku uzrakst\u012bt Ze\u013censkim un p\u0101rbaud\u012bt, vai es neesmu pats izkalis sev to vi\u0146a meda\u013cu, uzrakst\u012bt Ukrainas aizsardz\u012bbas ministrijai, Augst\u0101kai Radai, Ukrainas pareiztic\u012bgo bazn\u012bcai ar\u012b pajaut\u0101t to pa\u0161u par vi\u0146u man pie\u0161\u0137irtajiem apbalvojumiem. T\u0101 k\u0101 es skaitos \u010cernihivas apgabala goda pilsonis, to ar\u012b vajadz\u0113tu p\u0101rbaud\u012bt. \u017durn\u0101listi, l\u016bdzu, dom\u0101jam, k\u0101 m\u0113s var\u0113tu pal\u012bdz\u0113t Ukrainai un pa\u0161i sev, nevis urbinamies savos pu\u0146\u0137os un aprakstam to saturu un formu,\u201d pau\u017e Ogres novada domes priek\u0161s\u0113d\u0113t\u0101js. <\/p>\n<p>T\u0113mas<\/p>\n<p>    SAIST\u012aTIE RAKSTI<\/p>\n","protected":false},"excerpt":{"rendered":"Foto: Lita Milere\/LETA 17:39, 19. decembris 2025 \u201cM\u016bsu valsts ir palikusi policejiska,\u201d soci\u0101laj\u0101 t\u012bkl\u0101 \u201cFacebook\u201d raksta Ogres novada&hellip;\n","protected":false},"author":2,"featured_media":80312,"comment_status":"","ping_status":"","sticky":false,"template":"","format":"standard","meta":{"footnotes":""},"categories":[12],"tags":[23,28,29,32,33,22,30,31,35,39,38,36,37,34,40,20,26,27,24,25,21],"class_list":{"0":"post-80311","1":"post","2":"type-post","3":"status-publish","4":"format-standard","5":"has-post-thumbnail","7":"category-latvija","8":"tag-aktualitates","9":"tag-breaking-news","10":"tag-breakingnews","11":"tag-featured-news","12":"tag-featurednews","13":"tag-headlines","14":"tag-latest-news","15":"tag-latestnews","16":"tag-latvia","17":"tag-latvian","18":"tag-latviesu","19":"tag-latviesu-valoda","20":"tag-latviesuvaloda","21":"tag-latvija","22":"tag-lv","23":"tag-news","24":"tag-popularakas-zinas","25":"tag-popularakaszinas","26":"tag-top-stories","27":"tag-topstories","28":"tag-zinas"},"share_on_mastodon":{"url":"https:\/\/pubeurope.com\/@lv\/115748127704602172","error":""},"_links":{"self":[{"href":"https:\/\/www.europesays.com\/lv\/wp-json\/wp\/v2\/posts\/80311","targetHints":{"allow":["GET"]}}],"collection":[{"href":"https:\/\/www.europesays.com\/lv\/wp-json\/wp\/v2\/posts"}],"about":[{"href":"https:\/\/www.europesays.com\/lv\/wp-json\/wp\/v2\/types\/post"}],"author":[{"embeddable":true,"href":"https:\/\/www.europesays.com\/lv\/wp-json\/wp\/v2\/users\/2"}],"replies":[{"embeddable":true,"href":"https:\/\/www.europesays.com\/lv\/wp-json\/wp\/v2\/comments?post=80311"}],"version-history":[{"count":0,"href":"https:\/\/www.europesays.com\/lv\/wp-json\/wp\/v2\/posts\/80311\/revisions"}],"wp:featuredmedia":[{"embeddable":true,"href":"https:\/\/www.europesays.com\/lv\/wp-json\/wp\/v2\/media\/80312"}],"wp:attachment":[{"href":"https:\/\/www.europesays.com\/lv\/wp-json\/wp\/v2\/media?parent=80311"}],"wp:term":[{"taxonomy":"category","embeddable":true,"href":"https:\/\/www.europesays.com\/lv\/wp-json\/wp\/v2\/categories?post=80311"},{"taxonomy":"post_tag","embeddable":true,"href":"https:\/\/www.europesays.com\/lv\/wp-json\/wp\/v2\/tags?post=80311"}],"curies":[{"name":"wp","href":"https:\/\/api.w.org\/{rel}","templated":true}]}}