{"id":80317,"date":"2025-12-19T20:34:11","date_gmt":"2025-12-19T20:34:11","guid":{"rendered":"https:\/\/www.europesays.com\/lv\/80317\/"},"modified":"2025-12-19T20:34:11","modified_gmt":"2025-12-19T20:34:11","slug":"katru-dienu-ukraina-mirst-nevainigi-cilveki-bet-putins-pazino-ka-vinam-ar-to-nav-nekadu-saistibu","status":"publish","type":"post","link":"https:\/\/www.europesays.com\/lv\/80317\/","title":{"rendered":"Katru dienu Ukrain\u0101 mirst nevain\u012bgi cilv\u0113ki, bet Putins pazi\u0146o, ka vi\u0146am ar to nav nek\u0101du saist\u012bbu"},"content":{"rendered":"<p>    <img decoding=\"async\" src=\"https:\/\/www.europesays.com\/lv\/wp-content\/uploads\/2025\/12\/10255165-1024x754.jpg\" alt=\"&#10;Vladimirs Putins&#10;\"\/><\/p>\n<p>Vladimirs Putins<\/p>\n<p>Foto. Scanpix\/LETA\/EPA\/MIKHAEL KLIMENTYEV \/ SPUTNIK \/ KREMLIN POOL MANDATORY CREDIT\n<\/p>\n<p>18:47, 19. decembris 2025<\/p>\n<p>Krievijas prezidents Vladimirs Putins piektdien, 19. decembr\u012b, r\u012bkoja tradicion\u0101lo gada nosl\u0113guma preses konferenci, kur\u0101 sniedz atbildes uz \u017eurn\u0101listu un sabiedr\u012bbas jaut\u0101jumiem, v\u0113sta \u201cMeduza\u201d. <\/p>\n<p>        Las\u012bt\u0101kie<br \/>\n        <a data-imagesrc=\"{&quot;300&quot;:&quot;https:\\\/\\\/lastatic.ams3.cdn.digitaloceanspaces.com\\\/2025\\\/12\\\/png-24-300x200.png&quot;,&quot;1024&quot;:&quot;https:\\\/\\\/lastatic.ams3.cdn.digitaloceanspaces.com\\\/2025\\\/12\\\/png-24-1024x683.png&quot;,&quot;1536&quot;:&quot;https:\\\/\\\/lastatic.ams3.cdn.digitaloceanspaces.com\\\/2025\\\/12\\\/png-24-1536x1024.png&quot;,&quot;500&quot;:&quot;https:\\\/\\\/lastatic.ams3.cdn.digitaloceanspaces.com\\\/2025\\\/12\\\/png-24-500x333.png&quot;,&quot;800&quot;:&quot;https:\\\/\\\/lastatic.ams3.cdn.digitaloceanspaces.com\\\/2025\\\/12\\\/png-24-800x533.png&quot;,&quot;1800&quot;:&quot;https:\\\/\\\/lastatic.ams3.cdn.digitaloceanspaces.com\\\/2025\\\/12\\\/png-24.png&quot;}\" data-focuspoint=\"&quot;&quot;\" data-p=\"2474424\" href=\"https:\/\/www.la.lv\/smiekligi-bet-patiesi-sis-3-zodiaka-zimes-sogad-pelnijusas-zagarus-zem-eglites\" class=\"content-item lazy-load\" wp_automatic_readability=\"26.5\" rel=\"nofollow noopener\" target=\"_blank\"><\/p>\n<p>                                <img decoding=\"async\" src=\"\" alt=\"\" style=\"\" data-imageid=\"\"\/><\/p>\n<p>                                Kokteilis<\/p>\n<p>\n                                                Smiekl\u012bgi, bet patiesi: \u0161\u012bs 3 zodiaka z\u012bmes \u0161ogad peln\u012bju\u0161as \u017eagarus zem egl\u012btes<\/p>\n<p><\/a><a data-imagesrc=\"{&quot;300&quot;:&quot;https:\\\/\\\/lastatic.ams3.cdn.digitaloceanspaces.com\\\/2025\\\/04\\\/Bez-nosaukuma-1500-x-1000-pikseli-72-300x200.jpg&quot;,&quot;1024&quot;:&quot;https:\\\/\\\/lastatic.ams3.cdn.digitaloceanspaces.com\\\/2025\\\/04\\\/Bez-nosaukuma-1500-x-1000-pikseli-72-1024x683.jpg&quot;,&quot;768&quot;:&quot;https:\\\/\\\/lastatic.ams3.cdn.digitaloceanspaces.com\\\/2025\\\/04\\\/Bez-nosaukuma-1500-x-1000-pikseli-72-768x512.jpg&quot;,&quot;200&quot;:&quot;https:\\\/\\\/lastatic.ams3.cdn.digitaloceanspaces.com\\\/2025\\\/04\\\/Bez-nosaukuma-1500-x-1000-pikseli-72-200x133.jpg&quot;,&quot;400&quot;:&quot;https:\\\/\\\/lastatic.ams3.cdn.digitaloceanspaces.com\\\/2025\\\/04\\\/Bez-nosaukuma-1500-x-1000-pikseli-72-400x267.jpg&quot;,&quot;500&quot;:&quot;https:\\\/\\\/lastatic.ams3.cdn.digitaloceanspaces.com\\\/2025\\\/04\\\/Bez-nosaukuma-1500-x-1000-pikseli-72-500x333.jpg&quot;,&quot;800&quot;:&quot;https:\\\/\\\/lastatic.ams3.cdn.digitaloceanspaces.com\\\/2025\\\/04\\\/Bez-nosaukuma-1500-x-1000-pikseli-72-800x533.jpg&quot;,&quot;1000&quot;:&quot;https:\\\/\\\/lastatic.ams3.cdn.digitaloceanspaces.com\\\/2025\\\/04\\\/Bez-nosaukuma-1500-x-1000-pikseli-72-1000x667.jpg&quot;,&quot;1500&quot;:&quot;https:\\\/\\\/lastatic.ams3.cdn.digitaloceanspaces.com\\\/2025\\\/04\\\/Bez-nosaukuma-1500-x-1000-pikseli-72.jpg&quot;}\" data-focuspoint=\"&quot;&quot;\" data-p=\"2483615\" href=\"https:\/\/www.la.lv\/krievi-uzbruk-putinam-ar-vel-vienu-neertu-jautajumu-iznicinot-kremla-mitus\" class=\"content-item lazy-load\" wp_automatic_readability=\"26.5\" rel=\"nofollow noopener\" target=\"_blank\"><\/p>\n<p>                                <img decoding=\"async\" src=\"\" alt=\"\" style=\"\" data-imageid=\"\"\/><\/p>\n<p>\n                                                Krievi uzbr\u016bk Putinam ar v\u0113l vienu ne\u0113rtu jaut\u0101jumu, izn\u012bcinot Krem\u013ca m\u012btus\n                            <\/p>\n<p><\/a><a data-imagesrc=\"{&quot;300&quot;:&quot;https:\\\/\\\/lastatic.ams3.cdn.digitaloceanspaces.com\\\/2024\\\/05\\\/Anna-Bendika-300x200.png&quot;,&quot;1024&quot;:&quot;https:\\\/\\\/lastatic.ams3.cdn.digitaloceanspaces.com\\\/2024\\\/05\\\/Anna-Bendika-1024x683.png&quot;,&quot;768&quot;:&quot;https:\\\/\\\/lastatic.ams3.cdn.digitaloceanspaces.com\\\/2024\\\/05\\\/Anna-Bendika-768x512.png&quot;,&quot;200&quot;:&quot;https:\\\/\\\/lastatic.ams3.cdn.digitaloceanspaces.com\\\/2024\\\/05\\\/Anna-Bendika-200x133.png&quot;,&quot;400&quot;:&quot;https:\\\/\\\/lastatic.ams3.cdn.digitaloceanspaces.com\\\/2024\\\/05\\\/Anna-Bendika-400x267.png&quot;,&quot;500&quot;:&quot;https:\\\/\\\/lastatic.ams3.cdn.digitaloceanspaces.com\\\/2024\\\/05\\\/Anna-Bendika-500x334.png&quot;,&quot;800&quot;:&quot;https:\\\/\\\/lastatic.ams3.cdn.digitaloceanspaces.com\\\/2024\\\/05\\\/Anna-Bendika-800x534.png&quot;,&quot;1000&quot;:&quot;https:\\\/\\\/lastatic.ams3.cdn.digitaloceanspaces.com\\\/2024\\\/05\\\/Anna-Bendika-1000x667.png&quot;,&quot;1217&quot;:&quot;https:\\\/\\\/lastatic.ams3.cdn.digitaloceanspaces.com\\\/2024\\\/05\\\/Anna-Bendika.png&quot;}\" data-focuspoint=\"&quot;&quot;\" data-p=\"2483633\" href=\"https:\/\/www.la.lv\/video-anete-bendika-asaras-pamet-grupu-kas-isti-notika-slavenibu-kopigaja-celojuma\" class=\"content-item lazy-load\" wp_automatic_readability=\"26\" rel=\"nofollow noopener\" target=\"_blank\"><\/p>\n<p>                                <img decoding=\"async\" src=\"\" alt=\"\" style=\"\" data-imageid=\"\"\/><\/p>\n<p>                                Kokteilis<\/p>\n<p>\n                                                VIDEO. Anete Bendika asar\u0101s pamet grupu. Kas \u012bsti notika slaven\u012bbu kop\u012bgaj\u0101 ce\u013cojum\u0101?\n                            <\/p>\n<p><\/a><br \/>\n        <a class=\"read-more\" href=\"https:\/\/www.la.lv\/top\" rel=\"nofollow noopener\" target=\"_blank\">Las\u012bt citas zi\u0146as<\/a><\/p>\n<p>\u0160\u012bs konferences laik\u0101 NBC \u017eurn\u0101lists K\u012brs Simsons Putinam vaic\u0101ja, vai Krievija uz\u0146emsies atbild\u012bbu par krievu un ukrai\u0146u n\u0101vi 2026. gad\u0101, ja vi\u0146\u0161 noraid\u012bs ASV prezidenta Donalda Trampa pied\u0101v\u0101to miera pl\u0101nu?<\/p>\n<p>Uz ko Putins atbild\u0113ja: \u201cM\u0113s neuzskat\u0101m sevi par atbild\u012bgiem par cilv\u0113ku n\u0101vi, jo m\u0113s nes\u0101k\u0101m \u0161o karu. Tas s\u0101k\u0101s p\u0113c konstit\u016bcijai neatbilsto\u0161a bru\u0146ota apv\u0113rsuma Ukrain\u0101.<\/p>\n<p>    CITI \u0160OBR\u012aD LASA<\/p>\n<p>Putins sac\u012bja, ka vi\u0146\u0161 augstu v\u0113rt\u0113 Trampa miera iniciat\u012bvu un apgalvoja, ka tik\u0161an\u0101s laik\u0101 A\u013cask\u0101 vi\u0146\u0161 praktiski piekritis Trampa priek\u0161likumiem, pat ja tie pras\u012btu gr\u016btus l\u0113mumus.<\/p>\n<p>Vi\u0146\u0161 nor\u0101d\u012bja, ka Krievija ir gatava sarun\u0101m un kara izbeig\u0161anai mierm\u012bl\u012bg\u0101 ce\u013c\u0101. \u201cBumba ir Kijevas re\u017e\u012bma vad\u012bt\u0101ja un vi\u0146a Eiropas sponsoru pus\u0113,\u201d sac\u012bja Putins. <\/p>\n<p>Vienlaikus Putins apgalvoja, ka Kijiva atsak\u0101s izbeigt karu mierm\u012bl\u012bg\u0101 ce\u013c\u0101: \u201cPagaid\u0101m m\u0113s tie\u0161\u0101m neredzam \u0161\u0101du gatav\u012bbu,\u201d atbild\u0113ja Putins, atsaucoties uz Ukrainas nev\u0113l\u0113\u0161anos pie\u0146emt kara izbeig\u0161anu p\u0113c vi\u0146a nosac\u012bjumiem. Vi\u0146\u0161 ar\u012b nor\u0101d\u012bja, ka Krievija negras\u0101s uzbrukt Eiropai un nepl\u0101no jaunas \u201cspeci\u0101l\u0101s milit\u0101r\u0101s oper\u0101cijas\u201d.<\/p>\n<blockquote class=\"twitter-tweet\" data-media-max-width=\"560\" wp_automatic_readability=\"9.4790996784566\">\n<p lang=\"en\" dir=\"ltr\">Putin:<\/p>\n<p>We do not consider ourselves responsible for the deaths of people because we didn&#8217;t start this war.<\/p>\n<p>A war criminal that waged the largest war in Europe in 80 years keeps cynically lying about deaths of so many people. <a href=\"https:\/\/t.co\/BpWhNmgDKb\" rel=\"nofollow\">pic.twitter.com\/BpWhNmgDKb<\/a><\/p>\n<p>\u2014 Anton Gerashchenko (@Gerashchenko_en) <a href=\"https:\/\/twitter.com\/Gerashchenko_en\/status\/2001971554914320822?ref_src=twsrc%5Etfw\" rel=\"nofollow noopener\" target=\"_blank\">December 19, 2025<\/a><\/p>\n<\/blockquote>\n<p>T\u0113mas<\/p>\n<p>    SAIST\u012aTIE RAKSTI<\/p>\n<p>                            <script async src=\"https:\/\/platform.twitter.com\/widgets.js\" charset=\"utf-8\"><\/script><\/p>\n","protected":false},"excerpt":{"rendered":"Vladimirs Putins Foto. Scanpix\/LETA\/EPA\/MIKHAEL KLIMENTYEV \/ SPUTNIK \/ KREMLIN POOL MANDATORY CREDIT 18:47, 19. decembris 2025 Krievijas prezidents&hellip;\n","protected":false},"author":2,"featured_media":80318,"comment_status":"","ping_status":"","sticky":false,"template":"","format":"standard","meta":{"footnotes":""},"categories":[14],"tags":[23,57,28,29,32,33,22,30,31,35,39,38,36,37,34,40,20,26,27,24,25,54,55,56,21,58],"class_list":{"0":"post-80317","1":"post","2":"type-post","3":"status-publish","4":"format-standard","5":"has-post-thumbnail","7":"category-zinas-no-arvalstim","8":"tag-aktualitates","9":"tag-arvalstim","10":"tag-breaking-news","11":"tag-breakingnews","12":"tag-featured-news","13":"tag-featurednews","14":"tag-headlines","15":"tag-latest-news","16":"tag-latestnews","17":"tag-latvia","18":"tag-latvian","19":"tag-latviesu","20":"tag-latviesu-valoda","21":"tag-latviesuvaloda","22":"tag-latvija","23":"tag-lv","24":"tag-news","25":"tag-popularakas-zinas","26":"tag-popularakaszinas","27":"tag-top-stories","28":"tag-topstories","29":"tag-world","30":"tag-world-news","31":"tag-worldnews","32":"tag-zinas","33":"tag-zinas-no-arvalstim"},"share_on_mastodon":{"url":"https:\/\/pubeurope.com\/@lv\/115748147499796756","error":""},"_links":{"self":[{"href":"https:\/\/www.europesays.com\/lv\/wp-json\/wp\/v2\/posts\/80317","targetHints":{"allow":["GET"]}}],"collection":[{"href":"https:\/\/www.europesays.com\/lv\/wp-json\/wp\/v2\/posts"}],"about":[{"href":"https:\/\/www.europesays.com\/lv\/wp-json\/wp\/v2\/types\/post"}],"author":[{"embeddable":true,"href":"https:\/\/www.europesays.com\/lv\/wp-json\/wp\/v2\/users\/2"}],"replies":[{"embeddable":true,"href":"https:\/\/www.europesays.com\/lv\/wp-json\/wp\/v2\/comments?post=80317"}],"version-history":[{"count":0,"href":"https:\/\/www.europesays.com\/lv\/wp-json\/wp\/v2\/posts\/80317\/revisions"}],"wp:featuredmedia":[{"embeddable":true,"href":"https:\/\/www.europesays.com\/lv\/wp-json\/wp\/v2\/media\/80318"}],"wp:attachment":[{"href":"https:\/\/www.europesays.com\/lv\/wp-json\/wp\/v2\/media?parent=80317"}],"wp:term":[{"taxonomy":"category","embeddable":true,"href":"https:\/\/www.europesays.com\/lv\/wp-json\/wp\/v2\/categories?post=80317"},{"taxonomy":"post_tag","embeddable":true,"href":"https:\/\/www.europesays.com\/lv\/wp-json\/wp\/v2\/tags?post=80317"}],"curies":[{"name":"wp","href":"https:\/\/api.w.org\/{rel}","templated":true}]}}