{"id":80380,"date":"2025-12-19T22:18:08","date_gmt":"2025-12-19T22:18:08","guid":{"rendered":"https:\/\/www.europesays.com\/lv\/80380\/"},"modified":"2025-12-19T22:18:08","modified_gmt":"2025-12-19T22:18:08","slug":"tramps-grib-padarit-eiropu-atkal-baltu","status":"publish","type":"post","link":"https:\/\/www.europesays.com\/lv\/80380\/","title":{"rendered":"Tramps grib padar\u012bt Eiropu atkal baltu"},"content":{"rendered":"<p><a href=\"https:\/\/www.tvnet.lv\/term\/555410\/asv\" class=\"topicLink\" target=\"_blank\" rel=\"nofollow noopener\">ASV<\/a> prezidenta Donalda Trampa pras\u012bbas Eiropai b\u016btiski at\u0161\u0137iras no eiropie\u0161u izpratnes par transatlantiskaj\u0101m attiec\u012bb\u0101m.<\/p>\n<p>Eiropas l\u012bderi v\u0113las saglab\u0101t ASV dro\u0161\u012bbas garantijas, nepiekr\u012btot Trampa ideolo\u0123iskajam projektam. Savuk\u0101rt Tramps pieprasa, lai vi\u0146i pievienotos MAGA glob\u0101lajai k\u0101rt\u012bbai, pret\u012b pied\u0101v\u0101jot \u013coti maz.<\/p>\n<p>B\u016bt\u012bb\u0101 Tramps ierosina aizst\u0101t strat\u0113\u0123isko solidarit\u0101ti starp ASV un Eiropu \u2013 vieno\u0161anos, kurai vi\u0146\u0161 vairs netic \u2013, ar t\u0101 d\u0113v\u0113to civiliz\u0101cijas aliansi, kas balst\u012bta uz trim pamatnosac\u012bjumiem.<\/p>\n","protected":false},"excerpt":{"rendered":"ASV prezidenta Donalda Trampa pras\u012bbas Eiropai b\u016btiski at\u0161\u0137iras no eiropie\u0161u izpratnes par transatlantiskaj\u0101m attiec\u012bb\u0101m. Eiropas l\u012bderi v\u0113las saglab\u0101t&hellip;\n","protected":false},"author":2,"featured_media":80381,"comment_status":"","ping_status":"","sticky":false,"template":"","format":"standard","meta":{"footnotes":""},"categories":[14],"tags":[23,57,292,28,29,542,427,32,33,22,30,31,35,39,38,36,37,34,40,20,26,27,19448,24,25,2238,54,55,56,21,58],"class_list":{"0":"post-80380","1":"post","2":"type-post","3":"status-publish","4":"format-standard","5":"has-post-thumbnail","7":"category-zinas-no-arvalstim","8":"tag-aktualitates","9":"tag-arvalstim","10":"tag-asv","11":"tag-breaking-news","12":"tag-breakingnews","13":"tag-donalds-tramps","14":"tag-eiropa","15":"tag-featured-news","16":"tag-featurednews","17":"tag-headlines","18":"tag-latest-news","19":"tag-latestnews","20":"tag-latvia","21":"tag-latvian","22":"tag-latviesu","23":"tag-latviesu-valoda","24":"tag-latviesuvaloda","25":"tag-latvija","26":"tag-lv","27":"tag-news","28":"tag-popularakas-zinas","29":"tag-popularakaszinas","30":"tag-project-syndicate","31":"tag-top-stories","32":"tag-topstories","33":"tag-tvnet-arvalstis","34":"tag-world","35":"tag-world-news","36":"tag-worldnews","37":"tag-zinas","38":"tag-zinas-no-arvalstim"},"share_on_mastodon":{"url":"https:\/\/pubeurope.com\/@lv\/115748556189887135","error":""},"_links":{"self":[{"href":"https:\/\/www.europesays.com\/lv\/wp-json\/wp\/v2\/posts\/80380","targetHints":{"allow":["GET"]}}],"collection":[{"href":"https:\/\/www.europesays.com\/lv\/wp-json\/wp\/v2\/posts"}],"about":[{"href":"https:\/\/www.europesays.com\/lv\/wp-json\/wp\/v2\/types\/post"}],"author":[{"embeddable":true,"href":"https:\/\/www.europesays.com\/lv\/wp-json\/wp\/v2\/users\/2"}],"replies":[{"embeddable":true,"href":"https:\/\/www.europesays.com\/lv\/wp-json\/wp\/v2\/comments?post=80380"}],"version-history":[{"count":0,"href":"https:\/\/www.europesays.com\/lv\/wp-json\/wp\/v2\/posts\/80380\/revisions"}],"wp:featuredmedia":[{"embeddable":true,"href":"https:\/\/www.europesays.com\/lv\/wp-json\/wp\/v2\/media\/80381"}],"wp:attachment":[{"href":"https:\/\/www.europesays.com\/lv\/wp-json\/wp\/v2\/media?parent=80380"}],"wp:term":[{"taxonomy":"category","embeddable":true,"href":"https:\/\/www.europesays.com\/lv\/wp-json\/wp\/v2\/categories?post=80380"},{"taxonomy":"post_tag","embeddable":true,"href":"https:\/\/www.europesays.com\/lv\/wp-json\/wp\/v2\/tags?post=80380"}],"curies":[{"name":"wp","href":"https:\/\/api.w.org\/{rel}","templated":true}]}}