{"id":80390,"date":"2025-12-19T22:30:10","date_gmt":"2025-12-19T22:30:10","guid":{"rendered":"https:\/\/www.europesays.com\/lv\/80390\/"},"modified":"2025-12-19T22:30:10","modified_gmt":"2025-12-19T22:30:10","slug":"ciles-prezidenta-velesanas-parliecinosi-uzvarejis-konservativais-lideris-hose-antonio-kasts-lente-lv","status":"publish","type":"post","link":"https:\/\/www.europesays.com\/lv\/80390\/","title":{"rendered":"\u010c\u012bles prezidenta v\u0113l\u0113\u0161an\u0101s p\u0101rliecino\u0161i uzvar\u0113jis konservat\u012bvais l\u012bderis Hos\u0113 Antonio Kasts\u00a0\u2014\u00a0Lente.lv"},"content":{"rendered":"<p>Konservat\u012bvie sp\u0113ki svin uzvaru \u010c\u012bles prezidenta v\u0113l\u0113\u0161an\u0101s<\/p>\n<p>\u010c\u012bl\u0113 notiku\u0161aj\u0101s prezidenta v\u0113l\u0113\u0161an\u0101s uzvaru ir guvis konservat\u012bv\u0101s Republik\u0101\u0146u partijas l\u012bderis Hos\u0113 Antonio Kasts, izc\u012bnot p\u0101rliecino\u0161u balsu vair\u0101kumu. K\u0101 inform\u0113 port\u0101ls jauns.lv, \u0161\u012b uzvara iez\u012bm\u0113 noz\u012bm\u012bgu pav\u0113rsienu valsts politiskaj\u0101 ainav\u0101, dodot cer\u012bbu Kastam un vi\u0146a atbalst\u012bt\u0101jiem, kuri ilgoju\u0161ies p\u0113c stabil\u0101kas un tradicion\u0101l\u0101k\u0101m v\u0113rt\u012bb\u0101m balst\u012btas politikas.<\/p>\n<p>Kasta ce\u013c\u0161 uz uzvaru<\/p>\n<p>Hos\u0113 Antonio Kasts, kur\u0161 ir paz\u012bstams ar saviem stingrajiem konservat\u012bvajiem uzskatiem, ir sp\u0113jis mobiliz\u0113t iev\u0113rojamu da\u013cu v\u0113l\u0113t\u0101ju. Vi\u0146a kampa\u0146a koncentr\u0113j\u0101s uz t\u0101d\u0101m t\u0113m\u0101m k\u0101 dro\u0161\u012bba, ekonomikas atvese\u013co\u0161ana un tradicion\u0101lo \u0123imenes v\u0113rt\u012bbu aizst\u0101v\u012bba. Lai gan vi\u0146a politiskais stils ir izrais\u012bjis gan saj\u016bsmu, gan kritiku, \u0161\u0137iet, ka vi\u0146a v\u0113st\u012bjums ir rezon\u0113jis ar pietiekami daudziem \u010d\u012blie\u0161iem, lai nodro\u0161in\u0101tu vi\u0146am uzvaru. \u0160\u012b uzvara ir glu\u017ei k\u0101 gaid\u012bts pavasaris vi\u0146a partijas sekot\u0101jiem, kuriem tas ir sen gaid\u012bts pan\u0101kums.<\/p>\n<p>Izaicin\u0101jumi un n\u0101kotnes perspekt\u012bvas<\/p>\n<p>Neskatoties uz uzvaru, Kasta priek\u0161\u0101 st\u0101v noz\u012bm\u012bgi izaicin\u0101jumi. \u010c\u012ble joproj\u0101m saskaras ar ekonomisk\u0101m gr\u016bt\u012bb\u0101m un soci\u0101l\u0101m probl\u0113m\u0101m, kas piepras\u012bs t\u0101lredz\u012bgu un efekt\u012bvu vad\u012bbu. P\u0113cpadomju \u010c\u012bles politisk\u0101 aina ir bijusi dinamiska, un Kastam b\u016bs j\u0101sp\u0113j rast kompromisus un sadarboties ar politiskajiem oponentiem, lai \u012bstenotu savu politisko darba k\u0101rt\u012bbu. Analiz\u0113jot situ\u0101ciju, var secin\u0101t, ka vi\u0146a sp\u0113ja uzklaus\u012bt da\u017e\u0101das balsis un \u0146emt v\u0113r\u0101 visas sabiedr\u012bbas grupas intereses b\u016bs iz\u0161\u0137iro\u0161a vi\u0146a prezident\u016bras veiksmei. Vai vi\u0146\u0161 sp\u0113s ieviest cer\u0113t\u0101s p\u0101rmai\u0146as, r\u0101d\u012bs laiks, ta\u010du cer\u012bbu liesma vi\u0146a atbalst\u012bt\u0101ju vid\u016b ir iedegta spilgti.<\/p>\n<p>Starptautisk\u0101 reakcija<\/p>\n<p>Kasta uzvara ir izrais\u012bjusi pla\u0161u rezonansi starptautiskaj\u0101 l\u012bmen\u012b. Daudzas valstis un politiskie nov\u0113rot\u0101ji uzman\u012bgi seko l\u012bdzi notikumiem \u010c\u012bl\u0113, jo Kastam ir reput\u0101cija k\u0101 politi\u0137im ar izteiktiem konservat\u012bviem uzskatiem. Gaid\u0101ms, ka vi\u0146a prezident\u016bra var\u0113tu ietekm\u0113t re\u0123ion\u0101l\u0101s attiec\u012bbas un \u010c\u012bles lomu pasaules politik\u0101. \u0160\u012b ir br\u012bni\u0161\u0137\u012bga iesp\u0113ja jaunam s\u0101kumam, ta\u010du ar\u012b milz\u012bga atbild\u012bba.<\/p>\n","protected":false},"excerpt":{"rendered":"Konservat\u012bvie sp\u0113ki svin uzvaru \u010c\u012bles prezidenta v\u0113l\u0113\u0161an\u0101s \u010c\u012bl\u0113 notiku\u0161aj\u0101s prezidenta v\u0113l\u0113\u0161an\u0101s uzvaru ir guvis konservat\u012bv\u0101s Republik\u0101\u0146u partijas l\u012bderis&hellip;\n","protected":false},"author":2,"featured_media":80391,"comment_status":"","ping_status":"","sticky":false,"template":"","format":"standard","meta":{"footnotes":""},"categories":[14],"tags":[23,57,28,29,19053,32,33,22,19740,20142,30,31,35,39,38,36,37,34,40,20,26,27,9353,14437,24,25,54,55,56,21,58],"class_list":{"0":"post-80390","1":"post","2":"type-post","3":"status-publish","4":"format-standard","5":"has-post-thumbnail","7":"category-zinas-no-arvalstim","8":"tag-aktualitates","9":"tag-arvalstim","10":"tag-breaking-news","11":"tag-breakingnews","12":"tag-cile","13":"tag-featured-news","14":"tag-featurednews","15":"tag-headlines","16":"tag-hose-antonio-kasts","17":"tag-konservativie","18":"tag-latest-news","19":"tag-latestnews","20":"tag-latvia","21":"tag-latvian","22":"tag-latviesu","23":"tag-latviesu-valoda","24":"tag-latviesuvaloda","25":"tag-latvija","26":"tag-lv","27":"tag-news","28":"tag-popularakas-zinas","29":"tag-popularakaszinas","30":"tag-prezidenta-velesanas","31":"tag-republikanu-partija","32":"tag-top-stories","33":"tag-topstories","34":"tag-world","35":"tag-world-news","36":"tag-worldnews","37":"tag-zinas","38":"tag-zinas-no-arvalstim"},"share_on_mastodon":{"url":"","error":"Validation failed: Text character limit of 500 exceeded"},"_links":{"self":[{"href":"https:\/\/www.europesays.com\/lv\/wp-json\/wp\/v2\/posts\/80390","targetHints":{"allow":["GET"]}}],"collection":[{"href":"https:\/\/www.europesays.com\/lv\/wp-json\/wp\/v2\/posts"}],"about":[{"href":"https:\/\/www.europesays.com\/lv\/wp-json\/wp\/v2\/types\/post"}],"author":[{"embeddable":true,"href":"https:\/\/www.europesays.com\/lv\/wp-json\/wp\/v2\/users\/2"}],"replies":[{"embeddable":true,"href":"https:\/\/www.europesays.com\/lv\/wp-json\/wp\/v2\/comments?post=80390"}],"version-history":[{"count":0,"href":"https:\/\/www.europesays.com\/lv\/wp-json\/wp\/v2\/posts\/80390\/revisions"}],"wp:featuredmedia":[{"embeddable":true,"href":"https:\/\/www.europesays.com\/lv\/wp-json\/wp\/v2\/media\/80391"}],"wp:attachment":[{"href":"https:\/\/www.europesays.com\/lv\/wp-json\/wp\/v2\/media?parent=80390"}],"wp:term":[{"taxonomy":"category","embeddable":true,"href":"https:\/\/www.europesays.com\/lv\/wp-json\/wp\/v2\/categories?post=80390"},{"taxonomy":"post_tag","embeddable":true,"href":"https:\/\/www.europesays.com\/lv\/wp-json\/wp\/v2\/tags?post=80390"}],"curies":[{"name":"wp","href":"https:\/\/api.w.org\/{rel}","templated":true}]}}