{"id":80541,"date":"2025-12-20T04:31:12","date_gmt":"2025-12-20T04:31:12","guid":{"rendered":"https:\/\/www.europesays.com\/lv\/80541\/"},"modified":"2025-12-20T04:31:12","modified_gmt":"2025-12-20T04:31:12","slug":"brauc-pie-mums-krievija-uz-gulagu-ka-beidzas-dienesta-parbaude-par-kristapa-joku-kuru-nesaprata-policija","status":"publish","type":"post","link":"https:\/\/www.europesays.com\/lv\/80541\/","title":{"rendered":"&#8220;Brauc pie mums Krievij\u0101 uz gulagu!&#8221; K\u0101 beidz\u0101s dienesta p\u0101rbaude par Kristapa joku, kuru nesaprata policija"},"content":{"rendered":"<p>&#8220;Ja tu k\u0101du sodi, tad tev j\u0101b\u016bt simtprocent\u012bgi p\u0101rliecin\u0101tam par to, ko dari.&#8221; Par to ir p\u0101rliecin\u0101ts digit\u0101l\u0101 satura veidot\u0101js Kristaps Bi\u010dkausks, kuru soct\u012bklos paz\u012bstam K Kristapu Bi\u010d. Nav nosl\u0113pums, ka oktobr\u012b Valsts policija vi\u0146u sod\u012bja par k\u0101du sarkastisku video, kur\u0101 v\u012brietis izsm\u0113jis Krievijas propagandu. V\u0113l\u0101k gan sods tika atcelts, ta\u010du tik\u0101mies ar Kristapu, lai saprastu, k\u0101 l\u012bdz \u0161\u0101dai situ\u0101cijai gad\u012bj\u0101s non\u0101kt.<\/p>\n<p>Nosl\u0113gusies ar\u012b dienesta p\u0101rbaude Valsts policij\u0101. K\u0101 gad\u012bj\u0101s, ka Kristapam tika piespriests sods par joku?<br \/>\u00a0<\/p>\n","protected":false},"excerpt":{"rendered":"&#8220;Ja tu k\u0101du sodi, tad tev j\u0101b\u016bt simtprocent\u012bgi p\u0101rliecin\u0101tam par to, ko dari.&#8221; Par to ir p\u0101rliecin\u0101ts digit\u0101l\u0101&hellip;\n","protected":false},"author":2,"featured_media":80542,"comment_status":"","ping_status":"","sticky":false,"template":"","format":"standard","meta":{"footnotes":""},"categories":[14],"tags":[23,57,28,29,32,33,22,12490,30,31,35,39,38,36,37,34,40,20,26,27,8477,11426,24,25,900,138,54,55,56,21,58],"class_list":{"0":"post-80541","1":"post","2":"type-post","3":"status-publish","4":"format-standard","5":"has-post-thumbnail","7":"category-zinas-no-arvalstim","8":"tag-aktualitates","9":"tag-arvalstim","10":"tag-breaking-news","11":"tag-breakingnews","12":"tag-featured-news","13":"tag-featurednews","14":"tag-headlines","15":"tag-influenceri","16":"tag-latest-news","17":"tag-latestnews","18":"tag-latvia","19":"tag-latvian","20":"tag-latviesu","21":"tag-latviesu-valoda","22":"tag-latviesuvaloda","23":"tag-latvija","24":"tag-lv","25":"tag-news","26":"tag-popularakas-zinas","27":"tag-popularakaszinas","28":"tag-socialie-mediji","29":"tag-socialie-tikli","30":"tag-top-stories","31":"tag-topstories","32":"tag-tvnet-cilvekstasti","33":"tag-valsts-policija","34":"tag-world","35":"tag-world-news","36":"tag-worldnews","37":"tag-zinas","38":"tag-zinas-no-arvalstim"},"share_on_mastodon":{"url":"","error":"Validation failed: Text character limit of 500 exceeded"},"_links":{"self":[{"href":"https:\/\/www.europesays.com\/lv\/wp-json\/wp\/v2\/posts\/80541","targetHints":{"allow":["GET"]}}],"collection":[{"href":"https:\/\/www.europesays.com\/lv\/wp-json\/wp\/v2\/posts"}],"about":[{"href":"https:\/\/www.europesays.com\/lv\/wp-json\/wp\/v2\/types\/post"}],"author":[{"embeddable":true,"href":"https:\/\/www.europesays.com\/lv\/wp-json\/wp\/v2\/users\/2"}],"replies":[{"embeddable":true,"href":"https:\/\/www.europesays.com\/lv\/wp-json\/wp\/v2\/comments?post=80541"}],"version-history":[{"count":0,"href":"https:\/\/www.europesays.com\/lv\/wp-json\/wp\/v2\/posts\/80541\/revisions"}],"wp:featuredmedia":[{"embeddable":true,"href":"https:\/\/www.europesays.com\/lv\/wp-json\/wp\/v2\/media\/80542"}],"wp:attachment":[{"href":"https:\/\/www.europesays.com\/lv\/wp-json\/wp\/v2\/media?parent=80541"}],"wp:term":[{"taxonomy":"category","embeddable":true,"href":"https:\/\/www.europesays.com\/lv\/wp-json\/wp\/v2\/categories?post=80541"},{"taxonomy":"post_tag","embeddable":true,"href":"https:\/\/www.europesays.com\/lv\/wp-json\/wp\/v2\/tags?post=80541"}],"curies":[{"name":"wp","href":"https:\/\/api.w.org\/{rel}","templated":true}]}}