{"id":80560,"date":"2025-12-20T04:58:08","date_gmt":"2025-12-20T04:58:08","guid":{"rendered":"https:\/\/www.europesays.com\/lv\/80560\/"},"modified":"2025-12-20T04:58:08","modified_gmt":"2025-12-20T04:58:08","slug":"guntars-racs-ziemassvetkus-sagaida-ar-sarkastisku-poemu-pieaugusajiem-ziemassvetku-paltuss-lente-lv","status":"publish","type":"post","link":"https:\/\/www.europesays.com\/lv\/80560\/","title":{"rendered":"Guntars Ra\u010ds Ziemassv\u0113tkus sagaida ar sarkastisku po\u0113mu pieaugu\u0161ajiem: \u00abZiemassv\u0113tku paltuss\u00bb\u00a0\u2014\u00a0Lente.lv"},"content":{"rendered":"<p>Sv\u0113tku p\u0101rsteigums no m\u016bzi\u0137a<\/p>\n<p>Gada nogal\u0113, gaidot sv\u0113tku laiku, dzejnieks un m\u016bzi\u0137is Guntars Ra\u010ds p\u0101rsteidz las\u012bt\u0101jus ar jaunu izdevumu. K\u0101 inform\u0113 port\u0101ls NRA, p\u0113c sal\u012bdzino\u0161i nesen izdot\u0101 dzejo\u013cu kr\u0101juma \u201cUzplaukt\u201d, kas v\u0113l aizvien notur augstas poz\u012bcijas gr\u0101matn\u012bcu topos, izdevniec\u012bba \u201cMicRec\u201d laidusi klaj\u0101 \u012bpa\u0161u gr\u0101mati\u0146u. \u0160is darbs, ar nosaukumu \u201cZiemassv\u0113tku paltuss\u201d, ir adres\u0113ts \u201cpieaugu\u0161ajiem b\u0113rniem\u201d un ietver aspr\u0101t\u012bgu, sarkastisku po\u0113mu, kas tematiz\u0113 sv\u0113tku gaid\u012b\u0161anu.<\/p>\n<p>R\u016b\u0137a Zigfr\u012bda st\u0101sts<\/p>\n<p>Centr\u0101lais t\u0113ls jaunaj\u0101 dzejas darb\u0101 ir r\u016b\u0137is Zigfr\u012bds, kur\u0161, k\u0101 atkl\u0101ts, jau kop\u0161 b\u0113rn\u012bbas j\u016btas v\u012blies sv\u0113tkos un neizprot spo\u017eo lampi\u0146u un zvani\u0146u \u0161\u0137indo\u0146as burv\u012bbu. Gr\u0101mata pied\u0101v\u0101 aspr\u0101t\u012bgu un gaum\u012bgi ironisku skat\u012bjumu uz Ziemassv\u0113tku burzmu, cent\u012bgos m\u0113\u0123inot saprast, k\u0101p\u0113c k\u0101dam \u0161is laiks neasoci\u0113jas ar prieku. Darbs tapis organiski \u2013 pats dzejolis tika sarakst\u012bts p\u0113rn, lai izklaid\u0113tu klaus\u012bt\u0101jus grupas \u201cbet bet\u201d Ziemassv\u0113tku koncertu s\u0113rijas laik\u0101.<\/p>\n<p>Sadarb\u012bba un ilustr\u0101cijas<\/p>\n<p>K\u0101 atz\u012bst pats autors, \u201cZiemassv\u0113tku paltuss\u201d ir noz\u012bm\u012bgs kopdarbs. Darbu vizu\u0101li papildina m\u0101kslinieces Agijas Stakas ilustr\u0101cijas, radot unik\u0101lu atmosf\u0113ru. Staka ir ilggad\u0113ja un ra\u017e\u012bga ilustratore, kas Latvij\u0101 vizu\u0101li noform\u0113jusi vair\u0101k nek\u0101 100 gr\u0101matas, sa\u0146\u0113musi ar\u012b vair\u0101kus apbalvojumus par savu ieguld\u012bjumu.<\/p>\n<p>Pieejam\u012bba un las\u012bt\u0101ju interese<\/p>\n<p>P\u0113c s\u0101kotn\u0113j\u0101 publiskot\u0101 dzejo\u013ca atsauksmes biju\u0161as pozit\u012bvas, kas mudin\u0101ju\u0161as izdev\u0113jus to pied\u0101v\u0101t ar\u012b gr\u0101matas form\u0101t\u0101. Gr\u0101matai ir ierobe\u017eota tir\u0101\u017ea, un t\u0101 ir pieejama gan gr\u0101matn\u012bc\u0101s, gan pas\u016bt\u0101ma tie\u0161saist\u0113. T\u0101pat k\u0101 iepriek\u0161\u0113jie Guntara Ra\u010da darbi, ar\u012b \u201cZiemassv\u0113tku paltuss\u201d b\u016bs pieejams grupas \u201cbet bet\u201d gaid\u0101maj\u0101s decembra koncertt\u016br\u0113s.<\/p>\n","protected":false},"excerpt":{"rendered":"Sv\u0113tku p\u0101rsteigums no m\u016bzi\u0137a Gada nogal\u0113, gaidot sv\u0113tku laiku, dzejnieks un m\u016bzi\u0137is Guntars Ra\u010ds p\u0101rsteidz las\u012bt\u0101jus ar jaunu&hellip;\n","protected":false},"author":2,"featured_media":80561,"comment_status":"","ping_status":"","sticky":false,"template":"","format":"standard","meta":{"footnotes":""},"categories":[19],"tags":[20217,89,3209,90,35,39,38,36,37,34,40,20218,20216,20215],"class_list":{"0":"post-80560","1":"post","2":"type-post","3":"status-publish","4":"format-standard","5":"has-post-thumbnail","7":"category-izklaide","8":"tag-agija-staka","9":"tag-entertainment","10":"tag-guntars-racs","11":"tag-izklaide","12":"tag-latvia","13":"tag-latvian","14":"tag-latviesu","15":"tag-latviesu-valoda","16":"tag-latviesuvaloda","17":"tag-latvija","18":"tag-lv","19":"tag-micrec","20":"tag-sarkastiska-poema","21":"tag-ziemassvetku-paltuss"},"share_on_mastodon":{"url":"https:\/\/pubeurope.com\/@lv\/115750129135647611","error":""},"_links":{"self":[{"href":"https:\/\/www.europesays.com\/lv\/wp-json\/wp\/v2\/posts\/80560","targetHints":{"allow":["GET"]}}],"collection":[{"href":"https:\/\/www.europesays.com\/lv\/wp-json\/wp\/v2\/posts"}],"about":[{"href":"https:\/\/www.europesays.com\/lv\/wp-json\/wp\/v2\/types\/post"}],"author":[{"embeddable":true,"href":"https:\/\/www.europesays.com\/lv\/wp-json\/wp\/v2\/users\/2"}],"replies":[{"embeddable":true,"href":"https:\/\/www.europesays.com\/lv\/wp-json\/wp\/v2\/comments?post=80560"}],"version-history":[{"count":0,"href":"https:\/\/www.europesays.com\/lv\/wp-json\/wp\/v2\/posts\/80560\/revisions"}],"wp:featuredmedia":[{"embeddable":true,"href":"https:\/\/www.europesays.com\/lv\/wp-json\/wp\/v2\/media\/80561"}],"wp:attachment":[{"href":"https:\/\/www.europesays.com\/lv\/wp-json\/wp\/v2\/media?parent=80560"}],"wp:term":[{"taxonomy":"category","embeddable":true,"href":"https:\/\/www.europesays.com\/lv\/wp-json\/wp\/v2\/categories?post=80560"},{"taxonomy":"post_tag","embeddable":true,"href":"https:\/\/www.europesays.com\/lv\/wp-json\/wp\/v2\/tags?post=80560"}],"curies":[{"name":"wp","href":"https:\/\/api.w.org\/{rel}","templated":true}]}}