{"id":80564,"date":"2025-12-20T05:01:09","date_gmt":"2025-12-20T05:01:09","guid":{"rendered":"https:\/\/www.europesays.com\/lv\/80564\/"},"modified":"2025-12-20T05:01:09","modified_gmt":"2025-12-20T05:01:09","slug":"krievija-neiedomajamos-apmeros-izmantojusi-kimiskos-ierocus-kada-iedarbiba-tiem-ir-uz-cilvekiem","status":"publish","type":"post","link":"https:\/\/www.europesays.com\/lv\/80564\/","title":{"rendered":"Krievija neiedom\u0101jamos apm\u0113ros izmantojusi \u0137\u012bmiskos iero\u010dus. K\u0101da iedarb\u012bba tiem ir uz cilv\u0113kiem?"},"content":{"rendered":"<p>    <img decoding=\"async\" src=\"https:\/\/www.europesays.com\/lv\/wp-content\/uploads\/2025\/12\/241106-99-952830_dpai-1024x683.jpg\" alt=\"&#10;Ilustrat\u012bvs att\u0113ls&#10;\"\/><\/p>\n<p>Ilustrat\u012bvs att\u0113ls<\/p>\n<p>Foto. Scanpix\/LETA\/Pia Bayer\/dpa\n<\/p>\n<p>Pilna m\u0113roga kara laik\u0101 pret Ukrainu ir dokument\u0113ti gandr\u012bz 12 000 gad\u012bjumu, kad izmantotas \u0137\u012bmisk\u0101s mun\u012bcijas vielas, kas ir aizliegtas ar starptautiskaj\u0101m ties\u012bb\u0101m, par liecina Ukrainas Bru\u0146oto sp\u0113ku \u0122ener\u0101l\u0161t\u0101ba dati. <\/p>\n<p>        Las\u012bt\u0101kie<br \/>\n        <a data-imagesrc=\"{&quot;300&quot;:&quot;https:\\\/\\\/lastatic.ams3.cdn.digitaloceanspaces.com\\\/2025\\\/12\\\/person-300x225.jpg&quot;,&quot;1024&quot;:&quot;https:\\\/\\\/lastatic.ams3.cdn.digitaloceanspaces.com\\\/2025\\\/12\\\/person-1024x768.jpg&quot;,&quot;1536&quot;:&quot;https:\\\/\\\/lastatic.ams3.cdn.digitaloceanspaces.com\\\/2025\\\/12\\\/person-1536x1152.jpg&quot;,&quot;500&quot;:&quot;https:\\\/\\\/lastatic.ams3.cdn.digitaloceanspaces.com\\\/2025\\\/12\\\/person-500x375.jpg&quot;,&quot;800&quot;:&quot;https:\\\/\\\/lastatic.ams3.cdn.digitaloceanspaces.com\\\/2025\\\/12\\\/person-800x600.jpg&quot;,&quot;1600&quot;:&quot;https:\\\/\\\/lastatic.ams3.cdn.digitaloceanspaces.com\\\/2025\\\/12\\\/person.jpg&quot;}\" data-focuspoint=\"&quot;&quot;\" data-p=\"2484333\" href=\"https:\/\/www.la.lv\/atrs-psihologiskais-tests-sarkana-zila-vai-dzeltena-kuru-krasu-izvelies-tu\" class=\"content-item lazy-load\" wp_automatic_readability=\"26.5\" rel=\"nofollow noopener\" target=\"_blank\"><\/p>\n<p>                                <img decoding=\"async\" src=\"\" alt=\"\" style=\"\" data-imageid=\"\"\/><\/p>\n<p>                                Kokteilis<\/p>\n<p>\n                                                \u0100trs psiholo\u0123iskais tests: sarkana, zila vai dzeltena \u2013 kuru kr\u0101su izv\u0113lies tu?\n                            <\/p>\n<p><\/a><a data-imagesrc=\"{&quot;300&quot;:&quot;https:\\\/\\\/lastatic.ams3.cdn.digitaloceanspaces.com\\\/2025\\\/02\\\/pexels-anastasia-shuraeva-4079281-300x200.jpg&quot;,&quot;1024&quot;:&quot;https:\\\/\\\/lastatic.ams3.cdn.digitaloceanspaces.com\\\/2025\\\/02\\\/pexels-anastasia-shuraeva-4079281-1024x683.jpg&quot;,&quot;768&quot;:&quot;https:\\\/\\\/lastatic.ams3.cdn.digitaloceanspaces.com\\\/2025\\\/02\\\/pexels-anastasia-shuraeva-4079281-768x512.jpg&quot;,&quot;1536&quot;:&quot;https:\\\/\\\/lastatic.ams3.cdn.digitaloceanspaces.com\\\/2025\\\/02\\\/pexels-anastasia-shuraeva-4079281-1536x1024.jpg&quot;,&quot;2048&quot;:&quot;https:\\\/\\\/lastatic.ams3.cdn.digitaloceanspaces.com\\\/2025\\\/02\\\/pexels-anastasia-shuraeva-4079281-2048x1365.jpg&quot;,&quot;200&quot;:&quot;https:\\\/\\\/lastatic.ams3.cdn.digitaloceanspaces.com\\\/2025\\\/02\\\/pexels-anastasia-shuraeva-4079281-200x133.jpg&quot;,&quot;400&quot;:&quot;https:\\\/\\\/lastatic.ams3.cdn.digitaloceanspaces.com\\\/2025\\\/02\\\/pexels-anastasia-shuraeva-4079281-400x267.jpg&quot;,&quot;500&quot;:&quot;https:\\\/\\\/lastatic.ams3.cdn.digitaloceanspaces.com\\\/2025\\\/02\\\/pexels-anastasia-shuraeva-4079281-500x333.jpg&quot;,&quot;800&quot;:&quot;https:\\\/\\\/lastatic.ams3.cdn.digitaloceanspaces.com\\\/2025\\\/02\\\/pexels-anastasia-shuraeva-4079281-800x533.jpg&quot;,&quot;1000&quot;:&quot;https:\\\/\\\/lastatic.ams3.cdn.digitaloceanspaces.com\\\/2025\\\/02\\\/pexels-anastasia-shuraeva-4079281-1000x667.jpg&quot;,&quot;2560&quot;:&quot;https:\\\/\\\/lastatic.ams3.cdn.digitaloceanspaces.com\\\/2025\\\/02\\\/pexels-anastasia-shuraeva-4079281-scaled.jpg&quot;}\" data-focuspoint=\"&quot;&quot;\" data-p=\"2478881\" href=\"https:\/\/www.la.lv\/loti-negodigi-ir-sadalits-valsts-gimenes-pabalsts-ar-ko-divi-berni-atskiras-no-viena-mamma-mara-izgaismo-pretrunu-likumos\" class=\"content-item lazy-load\" wp_automatic_readability=\"26.5\" rel=\"nofollow noopener\" target=\"_blank\"><\/p>\n<p>                                <img decoding=\"async\" src=\"\" alt=\"\" style=\"\" data-imageid=\"\"\/><\/p>\n<p>                                RAKSTA REDAKTORS<\/p>\n<p>\n                                                \u201c\u013boti negod\u012bgi ir sadal\u012bts valsts \u0123imenes pabalsts \u2013 ar ko divi b\u0113rni at\u0161\u0137iras no viena?\u201d mamma M\u0101ra izgaismo pretrunu likumos\n                            <\/p>\n<p><\/a><a data-imagesrc=\"{&quot;300&quot;:&quot;https:\\\/\\\/lastatic.ams3.cdn.digitaloceanspaces.com\\\/2025\\\/12\\\/png-24-300x200.png&quot;,&quot;1024&quot;:&quot;https:\\\/\\\/lastatic.ams3.cdn.digitaloceanspaces.com\\\/2025\\\/12\\\/png-24-1024x683.png&quot;,&quot;1536&quot;:&quot;https:\\\/\\\/lastatic.ams3.cdn.digitaloceanspaces.com\\\/2025\\\/12\\\/png-24-1536x1024.png&quot;,&quot;500&quot;:&quot;https:\\\/\\\/lastatic.ams3.cdn.digitaloceanspaces.com\\\/2025\\\/12\\\/png-24-500x333.png&quot;,&quot;800&quot;:&quot;https:\\\/\\\/lastatic.ams3.cdn.digitaloceanspaces.com\\\/2025\\\/12\\\/png-24-800x533.png&quot;,&quot;1800&quot;:&quot;https:\\\/\\\/lastatic.ams3.cdn.digitaloceanspaces.com\\\/2025\\\/12\\\/png-24.png&quot;}\" data-focuspoint=\"&quot;&quot;\" data-p=\"2474424\" href=\"https:\/\/www.la.lv\/smiekligi-bet-patiesi-sis-3-zodiaka-zimes-sogad-pelnijusas-zagarus-zem-eglites\" class=\"content-item lazy-load\" wp_automatic_readability=\"26.5\" rel=\"nofollow noopener\" target=\"_blank\"><\/p>\n<p>                                <img decoding=\"async\" src=\"\" alt=\"\" style=\"\" data-imageid=\"\"\/><\/p>\n<p>                                Kokteilis<\/p>\n<p>\n                                                Smiekl\u012bgi, bet patiesi: \u0161\u012bs 3 zodiaka z\u012bmes \u0161ogad peln\u012bju\u0161as \u017eagarus zem egl\u012btes<\/p>\n<p><\/a><br \/>\n        <a class=\"read-more\" href=\"https:\/\/www.la.lv\/top\" rel=\"nofollow noopener\" target=\"_blank\">Las\u012bt citas zi\u0146as<\/a><\/p>\n<p>Krievija tikm\u0113r turpina p\u0101rk\u0101pt starptautisk\u0101s ties\u012bbas, kaujas lauk\u0101 izmantojot kairino\u0161us \u0137\u012bmiskos iero\u010dus, par to raksta Dialog.ua. Apr\u012bl\u012b Krievijas karasp\u0113ks veica rekordlielu \u0137\u012bmisko iero\u010du uzbrukumu skaitu \u2013 894. <\/p>\n<p>2025. gad\u0101 vien re\u0123istr\u0113ts  6540 \u0161\u0101du gad\u012bjumu, kad izmantotas K-51 un RG-VO gran\u0101tas, kas bija piel\u0101d\u0113tas ar CS un CN. <\/p>\n<p>    CITI \u0160OBR\u012aD LASA<\/p>\n<p>\u0160ie savienojumi ofici\u0101li tiek klasific\u0113ti k\u0101 nemieru nov\u0113r\u0161anas l\u012bdzek\u013ci, un da\u017e\u0101s valst\u012bs ties\u012bbaizsardz\u012bbas iest\u0101des tos dr\u012bkst lietot, tikai stingri iev\u0113rojot noteikumus un ierobe\u017eojumus, bet to izmanto\u0161ana kara situ\u0101cij\u0101s ir aizliegta. <\/p>\n<p>Visi Ukrainas speci\u0101listu sav\u0101ktie paraugi tiek iesniegti tiesu medic\u012bnas anal\u012bzei. Tiesa gam CS un CN netiek klasific\u0113ti k\u0101 n\u0101v\u0113jo\u0161i kaujas l\u012bdzek\u013ci un nav paredz\u0113ti t\u016bl\u012bt\u0113jas let\u0101las iedarb\u012bbas izrais\u012b\u0161anai. <\/p>\n<p>To lieto\u0161ana front\u0113 ir paredz\u0113ta, lai \u012bslaic\u012bgi padar\u012btu milit\u0101rpersonas r\u012bc\u012bbnesp\u0113j\u012bgas. \u0160ie l\u012bdzek\u013ci izraisa smagu acu un elpce\u013cu g\u013cot\u0101du kairin\u0101jumu, asaro\u0161anu, klepu, nosmak\u0161anu, dezorient\u0101ciju un \u012bslaic\u012bgu kaujas efektivit\u0101tes zudumu. <\/p>\n<p>Saska\u0146\u0101 ar Konvenciju par \u0137\u012bmisko iero\u010du izstr\u0101des, ra\u017eo\u0161anas un pielieto\u0161anas aizliegumu \u0161\u0101du vielu izmanto\u0161ana k\u0101 kara iero\u010di ir stingri aizliegta. T\u0101dej\u0101di Krievija ne tikai p\u0101rk\u0101pj starptautisk\u0101s saist\u012bbas, bet ar\u012b rada tie\u0161us draudus Ukrainas aizst\u0101vju dz\u012bv\u012bbai un vesel\u012bbai.<\/p>\n<p>T\u0113mas<\/p>\n<p>    SAIST\u012aTIE RAKSTI<\/p>\n","protected":false},"excerpt":{"rendered":"Ilustrat\u012bvs att\u0113ls Foto. Scanpix\/LETA\/Pia Bayer\/dpa Pilna m\u0113roga kara laik\u0101 pret Ukrainu ir dokument\u0113ti gandr\u012bz 12 000 gad\u012bjumu, kad&hellip;\n","protected":false},"author":2,"featured_media":80565,"comment_status":"","ping_status":"","sticky":false,"template":"","format":"standard","meta":{"footnotes":""},"categories":[14],"tags":[23,57,28,29,32,33,22,30,31,35,39,38,36,37,34,40,20,26,27,24,25,54,55,56,21,58],"class_list":{"0":"post-80564","1":"post","2":"type-post","3":"status-publish","4":"format-standard","5":"has-post-thumbnail","7":"category-zinas-no-arvalstim","8":"tag-aktualitates","9":"tag-arvalstim","10":"tag-breaking-news","11":"tag-breakingnews","12":"tag-featured-news","13":"tag-featurednews","14":"tag-headlines","15":"tag-latest-news","16":"tag-latestnews","17":"tag-latvia","18":"tag-latvian","19":"tag-latviesu","20":"tag-latviesu-valoda","21":"tag-latviesuvaloda","22":"tag-latvija","23":"tag-lv","24":"tag-news","25":"tag-popularakas-zinas","26":"tag-popularakaszinas","27":"tag-top-stories","28":"tag-topstories","29":"tag-world","30":"tag-world-news","31":"tag-worldnews","32":"tag-zinas","33":"tag-zinas-no-arvalstim"},"share_on_mastodon":{"url":"https:\/\/pubeurope.com\/@lv\/115750140919768662","error":""},"_links":{"self":[{"href":"https:\/\/www.europesays.com\/lv\/wp-json\/wp\/v2\/posts\/80564","targetHints":{"allow":["GET"]}}],"collection":[{"href":"https:\/\/www.europesays.com\/lv\/wp-json\/wp\/v2\/posts"}],"about":[{"href":"https:\/\/www.europesays.com\/lv\/wp-json\/wp\/v2\/types\/post"}],"author":[{"embeddable":true,"href":"https:\/\/www.europesays.com\/lv\/wp-json\/wp\/v2\/users\/2"}],"replies":[{"embeddable":true,"href":"https:\/\/www.europesays.com\/lv\/wp-json\/wp\/v2\/comments?post=80564"}],"version-history":[{"count":0,"href":"https:\/\/www.europesays.com\/lv\/wp-json\/wp\/v2\/posts\/80564\/revisions"}],"wp:featuredmedia":[{"embeddable":true,"href":"https:\/\/www.europesays.com\/lv\/wp-json\/wp\/v2\/media\/80565"}],"wp:attachment":[{"href":"https:\/\/www.europesays.com\/lv\/wp-json\/wp\/v2\/media?parent=80564"}],"wp:term":[{"taxonomy":"category","embeddable":true,"href":"https:\/\/www.europesays.com\/lv\/wp-json\/wp\/v2\/categories?post=80564"},{"taxonomy":"post_tag","embeddable":true,"href":"https:\/\/www.europesays.com\/lv\/wp-json\/wp\/v2\/tags?post=80564"}],"curies":[{"name":"wp","href":"https:\/\/api.w.org\/{rel}","templated":true}]}}