{"id":80572,"date":"2025-12-20T05:07:10","date_gmt":"2025-12-20T05:07:10","guid":{"rendered":"https:\/\/www.europesays.com\/lv\/80572\/"},"modified":"2025-12-20T05:07:10","modified_gmt":"2025-12-20T05:07:10","slug":"saruna-%e2%9f%a9-sieviete-kas-pierakstija-99-domas-no-indijas-okeana","status":"publish","type":"post","link":"https:\/\/www.europesays.com\/lv\/80572\/","title":{"rendered":"SARUNA \u27e9 Sieviete, kas pierakst\u012bja 99 domas no Indijas oke\u0101na"},"content":{"rendered":"<p>Ir ce\u013cojumi, kuros cilv\u0113ks dodas, lai atp\u016bstos. Un ir ce\u013cojumi, kurus dz\u012bve iepl\u0101no, lai pamodin\u0101tu. \u0160rilankas piekrast\u0113, m\u0113ness izgaismot\u0101 nakt\u012b, st\u0101vot viena pret\u012b Indijas oke\u0101nam, vi\u0146a sajuta, ka \u0161eit s\u0101kas saruna. Oke\u0101ns vi\u0146ai k\u013cuva par skolot\u0101ju, vilnis \u2014 par z\u012bmi un k\u0101d\u0101 \u0161\u0137ietami nejau\u0161\u0101 mirkl\u012b pie k\u0101j\u0101m izskalot\u0101 pildspalva \u2014 par atbildi, ka viss pieredz\u0113tais nav j\u0101glab\u0101 tikai dienasgr\u0101mat\u0101.<\/p>\n","protected":false},"excerpt":{"rendered":"Ir ce\u013cojumi, kuros cilv\u0113ks dodas, lai atp\u016bstos. Un ir ce\u013cojumi, kurus dz\u012bve iepl\u0101no, lai pamodin\u0101tu. \u0160rilankas piekrast\u0113, m\u0113ness&hellip;\n","protected":false},"author":2,"featured_media":80573,"comment_status":"","ping_status":"","sticky":false,"template":"","format":"standard","meta":{"footnotes":""},"categories":[14],"tags":[23,57,28,29,32,33,2610,22,237,20231,30,31,35,39,38,36,37,34,40,20,26,27,24,25,54,55,56,21,58],"class_list":{"0":"post-80572","1":"post","2":"type-post","3":"status-publish","4":"format-standard","5":"has-post-thumbnail","7":"category-zinas-no-arvalstim","8":"tag-aktualitates","9":"tag-arvalstim","10":"tag-breaking-news","11":"tag-breakingnews","12":"tag-featured-news","13":"tag-featurednews","14":"tag-gramata","15":"tag-headlines","16":"tag-intervija","17":"tag-lasamviela","18":"tag-latest-news","19":"tag-latestnews","20":"tag-latvia","21":"tag-latvian","22":"tag-latviesu","23":"tag-latviesu-valoda","24":"tag-latviesuvaloda","25":"tag-latvija","26":"tag-lv","27":"tag-news","28":"tag-popularakas-zinas","29":"tag-popularakaszinas","30":"tag-top-stories","31":"tag-topstories","32":"tag-world","33":"tag-world-news","34":"tag-worldnews","35":"tag-zinas","36":"tag-zinas-no-arvalstim"},"share_on_mastodon":{"url":"https:\/\/pubeurope.com\/@lv\/115750164454208644","error":""},"_links":{"self":[{"href":"https:\/\/www.europesays.com\/lv\/wp-json\/wp\/v2\/posts\/80572","targetHints":{"allow":["GET"]}}],"collection":[{"href":"https:\/\/www.europesays.com\/lv\/wp-json\/wp\/v2\/posts"}],"about":[{"href":"https:\/\/www.europesays.com\/lv\/wp-json\/wp\/v2\/types\/post"}],"author":[{"embeddable":true,"href":"https:\/\/www.europesays.com\/lv\/wp-json\/wp\/v2\/users\/2"}],"replies":[{"embeddable":true,"href":"https:\/\/www.europesays.com\/lv\/wp-json\/wp\/v2\/comments?post=80572"}],"version-history":[{"count":0,"href":"https:\/\/www.europesays.com\/lv\/wp-json\/wp\/v2\/posts\/80572\/revisions"}],"wp:featuredmedia":[{"embeddable":true,"href":"https:\/\/www.europesays.com\/lv\/wp-json\/wp\/v2\/media\/80573"}],"wp:attachment":[{"href":"https:\/\/www.europesays.com\/lv\/wp-json\/wp\/v2\/media?parent=80572"}],"wp:term":[{"taxonomy":"category","embeddable":true,"href":"https:\/\/www.europesays.com\/lv\/wp-json\/wp\/v2\/categories?post=80572"},{"taxonomy":"post_tag","embeddable":true,"href":"https:\/\/www.europesays.com\/lv\/wp-json\/wp\/v2\/tags?post=80572"}],"curies":[{"name":"wp","href":"https:\/\/api.w.org\/{rel}","templated":true}]}}