{"id":80590,"date":"2025-12-20T05:31:11","date_gmt":"2025-12-20T05:31:11","guid":{"rendered":"https:\/\/www.europesays.com\/lv\/80590\/"},"modified":"2025-12-20T05:31:11","modified_gmt":"2025-12-20T05:31:11","slug":"lielbritanija-aicina-cilvekus-nepirkt-dubaijas-sokoladi-kas-noticis","status":"publish","type":"post","link":"https:\/\/www.europesays.com\/lv\/80590\/","title":{"rendered":"Lielbrit\u0101nij\u0101 aicina cilv\u0113kus nepirkt Dubaijas \u0161okol\u0101di: kas noticis"},"content":{"rendered":"<p>&#8220;Cilv\u0113ki, kuri cie\u0161 no aler\u0123ij\u0101m, nedr\u012bkst lietot Dubaijas \u0161okol\u0101di. Ja j\u016bs p\u0113rkat d\u0101vanu personai ar aler\u0123iju, m\u0113s iesak\u0101m attur\u0113ties no \u0161o produktu ieg\u0101des. Tas attiecas uz vis\u0101m aler\u0123ij\u0101m, ne tikai uz aler\u0123iju pret zemesriekstiem un sezamu. Cilv\u0113ki bez aler\u0123ij\u0101m var lietot \u0161os produktus, \u012bpa\u0161i, ja tos pieg\u0101d\u0101 paz\u012bstami z\u012bmoli un mazumtirgot\u0101ji,&#8221; piebilda vi\u0146a.<\/p>\n","protected":false},"excerpt":{"rendered":"&#8220;Cilv\u0113ki, kuri cie\u0161 no aler\u0123ij\u0101m, nedr\u012bkst lietot Dubaijas \u0161okol\u0101di. Ja j\u016bs p\u0113rkat d\u0101vanu personai ar aler\u0123iju, m\u0113s iesak\u0101m&hellip;\n","protected":false},"author":2,"featured_media":80591,"comment_status":"","ping_status":"","sticky":false,"template":"","format":"standard","meta":{"footnotes":""},"categories":[14],"tags":[23,57,28,29,32,33,22,30,31,35,39,38,36,37,34,40,20,26,27,24,25,54,55,56,21,58],"class_list":{"0":"post-80590","1":"post","2":"type-post","3":"status-publish","4":"format-standard","5":"has-post-thumbnail","7":"category-zinas-no-arvalstim","8":"tag-aktualitates","9":"tag-arvalstim","10":"tag-breaking-news","11":"tag-breakingnews","12":"tag-featured-news","13":"tag-featurednews","14":"tag-headlines","15":"tag-latest-news","16":"tag-latestnews","17":"tag-latvia","18":"tag-latvian","19":"tag-latviesu","20":"tag-latviesu-valoda","21":"tag-latviesuvaloda","22":"tag-latvija","23":"tag-lv","24":"tag-news","25":"tag-popularakas-zinas","26":"tag-popularakaszinas","27":"tag-top-stories","28":"tag-topstories","29":"tag-world","30":"tag-world-news","31":"tag-worldnews","32":"tag-zinas","33":"tag-zinas-no-arvalstim"},"share_on_mastodon":{"url":"https:\/\/pubeurope.com\/@lv\/115750258805491069","error":""},"_links":{"self":[{"href":"https:\/\/www.europesays.com\/lv\/wp-json\/wp\/v2\/posts\/80590","targetHints":{"allow":["GET"]}}],"collection":[{"href":"https:\/\/www.europesays.com\/lv\/wp-json\/wp\/v2\/posts"}],"about":[{"href":"https:\/\/www.europesays.com\/lv\/wp-json\/wp\/v2\/types\/post"}],"author":[{"embeddable":true,"href":"https:\/\/www.europesays.com\/lv\/wp-json\/wp\/v2\/users\/2"}],"replies":[{"embeddable":true,"href":"https:\/\/www.europesays.com\/lv\/wp-json\/wp\/v2\/comments?post=80590"}],"version-history":[{"count":0,"href":"https:\/\/www.europesays.com\/lv\/wp-json\/wp\/v2\/posts\/80590\/revisions"}],"wp:featuredmedia":[{"embeddable":true,"href":"https:\/\/www.europesays.com\/lv\/wp-json\/wp\/v2\/media\/80591"}],"wp:attachment":[{"href":"https:\/\/www.europesays.com\/lv\/wp-json\/wp\/v2\/media?parent=80590"}],"wp:term":[{"taxonomy":"category","embeddable":true,"href":"https:\/\/www.europesays.com\/lv\/wp-json\/wp\/v2\/categories?post=80590"},{"taxonomy":"post_tag","embeddable":true,"href":"https:\/\/www.europesays.com\/lv\/wp-json\/wp\/v2\/tags?post=80590"}],"curies":[{"name":"wp","href":"https:\/\/api.w.org\/{rel}","templated":true}]}}