{"id":80622,"date":"2025-12-20T06:37:29","date_gmt":"2025-12-20T06:37:29","guid":{"rendered":"https:\/\/www.europesays.com\/lv\/80622\/"},"modified":"2025-12-20T06:37:29","modified_gmt":"2025-12-20T06:37:29","slug":"ecb-nemaina-procentu-likmes-2","status":"publish","type":"post","link":"https:\/\/www.europesays.com\/lv\/80622\/","title":{"rendered":"ECB nemaina procentu likmes"},"content":{"rendered":"<p class=\"lead\">\n                                Eiropas Centr\u0101l\u0101 banka (ECB) ceturtdien nol\u0113ma nemain\u012bt procentu likmes. ECB padomes s\u0113d\u0113 Frankfurt\u0113 tika nolemts noguld\u012bjumu iesp\u0113jas uz nakti likmi saglab\u0101t 2% apm\u0113r\u0101, galveno refinans\u0113\u0161anas oper\u0101ciju likmi 2,15% apm\u0113r\u0101 un aizdevumu iesp\u0113jas uz nakti likmi 2,4% apm\u0113r\u0101.\n                            <\/p>\n<p style=\"margin-left:0px;\">\u0160\u012bs likmes ir sp\u0113k\u0101 kop\u0161 11. j\u016bnija.<\/p>\n<p style=\"margin-left:0px;\">P\u0113c s\u0113des publiskotaj\u0101 pazi\u0146ojum\u0101 teikts, ka padome ap\u0146\u0113musies vid\u0113j\u0101 termi\u0146\u0101 nodro\u0161in\u0101t infl\u0101cijas stabiliz\u0113\u0161anos t\u0101s 2% m\u0113r\u0137a l\u012bmen\u012b.<\/p>\n<p style=\"margin-left:0px;\">&#8220;Padomes pieeja, katr\u0101 san\u0101ksm\u0113 nosakot atbilsto\u0161o monet\u0101r\u0101s politikas nost\u0101ju, ar\u012b turpm\u0101k b\u016bs balst\u012bta uz datiem. Konkr\u0113t\u0101k, padomes l\u0113mumi par procentu likm\u0113m b\u016bs atkar\u012bgi no nov\u0113rt\u0113juma par infl\u0101cijas perspekt\u012bvu un riskiem, kas to apdraud, \u0146emot v\u0113r\u0101 sa\u0146emtos tautsaimniec\u012bbas un finan\u0161u datus, k\u0101 ar\u012b pamatinfl\u0101cijas dinamiku un monet\u0101r\u0101s politikas transmisijas sp\u0113ku,&#8221; teikts ECB pazi\u0146ojum\u0101.<\/p>\n<p style=\"margin-left:0px;\">Taj\u0101 piebilsts, ka padome iepriek\u0161 neap\u0146emas virz\u012bt procentu likmes konkr\u0113t\u0101 virzien\u0101.<\/p>\n<p style=\"margin-left:0px;\">Speci\u0101listi tagad paredz, ka kop\u0113j\u0101 infl\u0101cija 2025. gad\u0101 sasniegs vid\u0113ji 2,1%, 2026. gad\u0101 t\u0101 veidos 1,9%, 2027. gad\u0101 &#8211; 1,8%, bet 2028. gad\u0101 &#8211; 2%. Attiec\u012bb\u0101 uz infl\u0101ciju (neietverot ener\u0123ijas un p\u0101rtikas cenas) speci\u0101listi paredz, ka 2025. gad\u0101 t\u0101 vid\u0113ji b\u016bs 2,4%, 2026. gad\u0101 &#8211; 2,2%, 2027. gad\u0101 &#8211; 1,9% un 2028. gad\u0101 &#8211; 2%. Infl\u0101cijas perspekt\u012bva 2026. gadam ir paaugstin\u0101ta galvenok\u0101rt t\u0101p\u0113c, ka speci\u0101listi tagad prognoz\u0113 l\u0113n\u0101ku pakalpojumu infl\u0101cijas samazin\u0101\u0161an\u0101s tempu.<\/p>\n<p style=\"margin-left:0px;\">Vienlaikus speci\u0101listi prognoz\u0113, ka eirozonas ekonomikas izaugsme b\u016bs sp\u0113c\u012bg\u0101ka, nek\u0101 paredz\u0113ts septembra iesp\u0113ju apl\u0113s\u0113s. To \u012bpa\u0161i noteiks iek\u0161zemes piepras\u012bjums. Izaugsmes temps 2025. gad\u0101 paaugstin\u0101ts l\u012bdz 1,4%, 2026. gad\u0101 &#8211; l\u012bdz 1,2% un 2027. gad\u0101 &#8211; l\u012bdz 1,4%. Gaid\u0101ms, ka 2028. gad\u0101 tas saglab\u0101sies 1,4% l\u012bmen\u012b.<\/p>\n<p style=\"margin-left:0px;\">Jau v\u0113st\u012bts, ka ECB visas tr\u012bs procentu likmes samazin\u0101ja iepriek\u0161\u0113j\u0101s san\u0101ksm\u0113s pag\u0101ju\u0161\u0101 gada septembr\u012b, oktobr\u012b un decembr\u012b, k\u0101 ar\u012b \u0161\u0101 gada janv\u0101r\u012b, mart\u0101, apr\u012bl\u012b un j\u016bnij\u0101. P\u0113rn j\u016blij\u0101 likmes netika main\u012btas, ta\u010du pirms tam san\u0101ksm\u0113 j\u016bnij\u0101 visas tr\u012bs likmes tika samazin\u0101tas.<\/p>\n<p style=\"margin-left:0px;\">Nol\u016bk\u0101 c\u012bn\u012bties pret augsto infl\u0101ciju ECB padome no 2022. gada j\u016blija l\u012bdz 2023. gada septembrim desmit san\u0101ksmes p\u0113c k\u0101rtas pak\u0101peniski paaugstin\u0101ja procentu likmes l\u012bdz rekordaugstam l\u012bmenim, bet p\u0113c tam t\u0101s saglab\u0101ja nemain\u012bgas.<\/p>\n<p style=\"margin-left:0px;\">P\u0113c &#8220;Eurostat&#8221; datiem, gada infl\u0101cija eirozon\u0101 novembr\u012b palielin\u0101jusies l\u012bdz 2,2% sal\u012bdzin\u0101jum\u0101 ar 2,1% oktobr\u012b.<\/p>\n<p class=\"paragraph-muted\">Izv\u0113lies savu soct\u012bklu platformu, lai sekotu LASI.LV: <a href=\"https:\/\/www.facebook.com\/portals.lasi.lv\" target=\"_blank\" rel=\"noopener noreferrer nofollow\">Facebook<\/a>, <a href=\"https:\/\/twitter.com\/lasilvportals\" target=\"_blank\" rel=\"noopener noreferrer nofollow\">X<\/a>, <a href=\"https:\/\/bsky.app\/profile\/lasilv.bsky.social\" target=\"_blank\" rel=\"noopener noreferrer nofollow\">Bluesky<\/a>, <a href=\"https:\/\/www.draugiem.lv\/lasilv\/?pg=4\" target=\"_blank\" rel=\"noopener noreferrer nofollow\">Draugiem<\/a> vai ar\u012b <a href=\"https:\/\/www.instagram.com\/lasilv_zinas\/\" target=\"_blank\" rel=\"noopener noreferrer nofollow\">Instagram<\/a>. Pievienojies m\u016bsu las\u012bt\u0101ju pulkam, lai sa\u0146emtu \u012bpa\u0161i tev atlas\u012btu noder\u012bgu, praktisku un aktu\u0101lu saturu.\u00a0<\/p>\n<p><a href=\"https:\/\/lasi.lv\/abonesana\" rel=\"nofollow noopener\" target=\"_blank\">Abon\u0113<\/a>\u00a0LASI.LV gadam\u00a0vai k\u0101du no\u00a0&#8220;Latvijas Mediju&#8221; periodiskajiem izdevumiem 2026. gadam, un laim\u0113 1500 eiro vai Philips kafijas autom\u0101tu. Loterijas at\u013caujas nr. 8744.<\/p>\n<p><img decoding=\"async\" src=\"https:\/\/www.europesays.com\/lv\/wp-content\/uploads\/2025\/12\/1765963873_985_2025100311425268df8c8c1572e.jpg\" alt=\"\" loading=\"lazy\"\/><\/p>\n<p style=\"margin-left:auto;\">Pieraksties LASI.LV redaktora v\u0113stkopai <a href=\"https:\/\/lasi.lv\/vestkopa\/lasi-lv-galvena-redaktora-vestkopa\" rel=\"nofollow noopener\" target=\"_blank\">\u0161eit<\/a>.<\/p>\n<p>Pieraksties v\u0113stkopai un divas reizes ned\u0113\u013c\u0101 sa\u0146em padzi\u013cin\u0101tu LASI.LV galven\u0101 redaktora aktu\u0101lo zi\u0146u, kompetentu viedok\u013cu un interesant\u0101ko interviju apkopojumu.<\/p>\n<p>Ko tu sa\u0146emsi:<\/p>\n<ul>\n<li>Daudzveid\u012bgus koment\u0101rus un kompetentus Latvijas Mediju \u017eurn\u0101listu un autoru viedok\u013cus par aktu\u0101lo<\/li>\n<li>Ekspertu koment\u0101rus par da\u017e\u0101diem praktiskiem, noder\u012bgiem tematiem<\/li>\n<li>Aizraujo\u0161us materi\u0101lus par v\u0113sturi, psiholo\u0123iju, kult\u016bru<\/li>\n<li>Gata \u0160\u013c\u016bkas karikat\u016bru<\/li>\n<li>Tav\u0101 e-pasta kast\u012bt\u0113 katru ceturtdienu<\/li>\n<\/ul>\n<p style=\"margin-left:auto;\">\u00a0<\/p>\n<p><script async src=\"https:\/\/platform.twitter.com\/widgets.js\" charset=\"utf-8\"><\/script><script async src=\"\/\/www.instagram.com\/embed.js\"><\/script><\/p>\n","protected":false},"excerpt":{"rendered":"Eiropas Centr\u0101l\u0101 banka (ECB) ceturtdien nol\u0113ma nemain\u012bt procentu likmes. ECB padomes s\u0113d\u0113 Frankfurt\u0113 tika nolemts noguld\u012bjumu iesp\u0113jas uz&hellip;\n","protected":false},"author":2,"featured_media":36929,"comment_status":"","ping_status":"","sticky":false,"template":"","format":"standard","meta":{"footnotes":""},"categories":[14],"tags":[23,57,28,29,32,33,22,30,31,35,39,38,36,37,34,40,20,26,27,24,25,54,55,56,21,58],"class_list":{"0":"post-80622","1":"post","2":"type-post","3":"status-publish","4":"format-standard","5":"has-post-thumbnail","7":"category-zinas-no-arvalstim","8":"tag-aktualitates","9":"tag-arvalstim","10":"tag-breaking-news","11":"tag-breakingnews","12":"tag-featured-news","13":"tag-featurednews","14":"tag-headlines","15":"tag-latest-news","16":"tag-latestnews","17":"tag-latvia","18":"tag-latvian","19":"tag-latviesu","20":"tag-latviesu-valoda","21":"tag-latviesuvaloda","22":"tag-latvija","23":"tag-lv","24":"tag-news","25":"tag-popularakas-zinas","26":"tag-popularakaszinas","27":"tag-top-stories","28":"tag-topstories","29":"tag-world","30":"tag-world-news","31":"tag-worldnews","32":"tag-zinas","33":"tag-zinas-no-arvalstim"},"share_on_mastodon":{"url":"https:\/\/pubeurope.com\/@lv\/115750518460453455","error":""},"_links":{"self":[{"href":"https:\/\/www.europesays.com\/lv\/wp-json\/wp\/v2\/posts\/80622","targetHints":{"allow":["GET"]}}],"collection":[{"href":"https:\/\/www.europesays.com\/lv\/wp-json\/wp\/v2\/posts"}],"about":[{"href":"https:\/\/www.europesays.com\/lv\/wp-json\/wp\/v2\/types\/post"}],"author":[{"embeddable":true,"href":"https:\/\/www.europesays.com\/lv\/wp-json\/wp\/v2\/users\/2"}],"replies":[{"embeddable":true,"href":"https:\/\/www.europesays.com\/lv\/wp-json\/wp\/v2\/comments?post=80622"}],"version-history":[{"count":0,"href":"https:\/\/www.europesays.com\/lv\/wp-json\/wp\/v2\/posts\/80622\/revisions"}],"wp:featuredmedia":[{"embeddable":true,"href":"https:\/\/www.europesays.com\/lv\/wp-json\/wp\/v2\/media\/36929"}],"wp:attachment":[{"href":"https:\/\/www.europesays.com\/lv\/wp-json\/wp\/v2\/media?parent=80622"}],"wp:term":[{"taxonomy":"category","embeddable":true,"href":"https:\/\/www.europesays.com\/lv\/wp-json\/wp\/v2\/categories?post=80622"},{"taxonomy":"post_tag","embeddable":true,"href":"https:\/\/www.europesays.com\/lv\/wp-json\/wp\/v2\/tags?post=80622"}],"curies":[{"name":"wp","href":"https:\/\/api.w.org\/{rel}","templated":true}]}}