{"id":80625,"date":"2025-12-20T06:40:12","date_gmt":"2025-12-20T06:40:12","guid":{"rendered":"https:\/\/www.europesays.com\/lv\/80625\/"},"modified":"2025-12-20T06:40:12","modified_gmt":"2025-12-20T06:40:12","slug":"ieraugot-cepumus-klustu-zals-santa","status":"publish","type":"post","link":"https:\/\/www.europesays.com\/lv\/80625\/","title":{"rendered":"\u00abIeraugot cepumus, k\u013c\u016bstu za\u013c\u0161\u00bb \u2014 Santa"},"content":{"rendered":"<p>Pret\u0113ji vair\u0101kumam latvie\u0161u m\u016bzi\u0137u Lauku muzikanti koncertturnej\u0101 dodas bez piesaistes jubilejai. K\u0101 jums tas izdevies?<\/p>\n<p>P\u0113rn ar \u010detriem piln\u012bb\u0101 izp\u0101rdotiem koncertiem da\u017e\u0101d\u0101s Latvijas viet\u0101s atz\u012bm\u0113j\u0101m manu 60. jubileju. Kad tie izskan\u0113ja, sa\u0146\u0113mu jaut\u0101jumu, k\u0101p\u0113c neuzst\u0101j\u0101mies cit\u0101s pils\u0113t\u0101s \u2013 Ventspil\u012b, Jelgav\u0101. Saprat\u0101m, ka cilv\u0113ki m\u016bs grib dzird\u0113t, ir pien\u0101cis laiks turnejai.<\/p>\n<p>J\u016bs vienm\u0113r esat tik eleganti t\u0113rpu\u0161ies, ka izskat\u0101ties nevis p\u0113c lauku, bet pils\u0113tas muzikantiem. <\/p>\n<p>Laucinieki jau ar\u012b nestaig\u0101 tikai galo\u0161\u0101s un treni\u0146biks\u0113s. T\u0101 nu sagad\u012bjies, ka mana dz\u012bve s\u0101k\u0101s laukos \u2013 burv\u012bg\u0101 viet\u0101 Salacgr\u012bv\u0101, kur pirms gandr\u012bz 40 gadiem tika dibin\u0101ta grupa. Toreiz bez liek\u0101m amb\u012bcij\u0101m dev\u0101m \u0161\u0101du nosaukumu. Tas k\u013cuvis par atpaz\u012bstam\u012bbas z\u012bmi, main\u012bt b\u016btu \u013coti mu\u013c\u0137\u012bgi.<\/p>\n<p>Ar k\u0101diem ancukiem p\u0101rsteigsiet koncertturnej\u0101?<\/p>\n<p>Atst\u0101\u0161u vietu intrigai. Idejas ir, bet joproj\u0101m ir \u0161aubas, vai b\u016bs pietiekami labi.<\/p>\n<p>Esat no tiem, kam der t\u0101 pati \u017eakete, kas pirms 20 gadiem?<\/p>\n<p>Man skapis ir tik pieb\u0101zts, ka, lai to aiztais\u012btu, ar k\u0101ju durvis j\u0101spie\u017e ciet. Tas ir pilns ar krekliem un \u017eaket\u0113m, kurus ar gr\u016bt\u012bb\u0101m varu aiztais\u012bt. P\u0113d\u0113j\u0101 laik\u0101 gan esmu sasniedzis redzamu progresu \u2013 sp\u0113ju iel\u012bst ar\u012b k\u0101du laiku nen\u0113s\u0101tos kreklos.<\/p>\n<p>K\u0101 tas izdev\u0101s?<\/p>\n<p>Pal\u012bdz\u0113ja sal\u0101tu terapija.<\/p>\n<p>Oho, t\u0101da v\u0113l nebija dzird\u0113ta\u2026 <\/p>\n<p>Nesen paman\u012bju, ka radinieki, kuri visu m\u016b\u017eu biju\u0161i palieli apal\u012b\u0161i, s\u0101ku\u0161i izskat\u012bties pavisam cit\u0101d\u0101k: viens nometis 26 kg, otrs \u2013 padsmit. Zinot, ka vi\u0146i sevi \u0113diena zi\u0146\u0101 \u012bpa\u0161i neierobe\u017eo, painteres\u0113jos, kas ir \u0161o br\u012bnumaino p\u0101rv\u0113rt\u012bbu pamat\u0101. Vi\u0146i atkl\u0101ja, ka viss ir gau\u017e\u0101m vienk\u0101r\u0161i \u2013 pirms malt\u012btes j\u0101\u0113d sal\u0101ti. Ar sievu pam\u0113\u0123in\u0101j\u0101m, un patie\u0161\u0101m darbojas. Pirmo reizi m\u016b\u017e\u0101 esmu sasniedzis redzamus rezult\u0101tus.<\/p>\n<p>Vec\u0101 paaudze saviem elkiem vienm\u0113r atnes\u012bs k\u0101du pu\u0137\u012bti, d\u0101vani\u0146u. Ar ko j\u016bs var iepriecin\u0101t?<\/p>\n<p>Smaidu, ar\u012b ziediem. Tie visi tiek sievai, vi\u0146a par tiem \u013coti priec\u0101jas. Nekad pu\u0137es koncertviet\u0101 neatst\u0101ju. Un pat ja gad\u0101s k\u0101du ziedi\u0146u p\u0113c fotograf\u0113\u0161an\u0101s aizmirst, par to s\u0101p, jo zinu, ka cilv\u0113ks man to d\u0101v\u0101jis no sirds.<\/p>\n<p>        <a href=\"https:\/\/www.europesays.com\/lv\/wp-content\/uploads\/2025\/12\/71598405bb3f.jpg\"><img decoding=\"async\" alt=\"Normunds \u0136ietis.\" class=\"no-convert\" src=\"https:\/\/www.europesays.com\/lv\/wp-content\/uploads\/2025\/12\/71598405bb3f.jpg\"\/><\/a><\/p>\n<p> Foto: Picture Agency<\/p>\n<p>Normunds \u0136ietis.<\/p>\n<p>\u00a0<\/p>\n<p>K\u0101du raideru izs\u016bt\u0101t kult\u016bras namiem?<\/p>\n<blockquote><p>&#13;<\/p>\n<p>Tagad esmu nol\u0113mis iek\u013caut vienu treknu punktu \u2013 aizliegts pied\u0101v\u0101t cepumus un k\u016bkas. Es t\u0101s ien\u012bstu!<\/p>\n<p>&#13;\n<\/p><\/blockquote>\n<p>Kad ieraugu, ka man priek\u0161\u0101 nolikti tikai cepumi vai mazi ar p\u016bdercukuru apb\u0113rti p\u012br\u0101dzi\u0146i, k\u013c\u016bstu za\u013c\u0161. Tas man saboj\u0101 garast\u0101vokli un uzdzen asinsspiedienu. Varb\u016bt esmu skarbs, bet cepumus es grib\u0113tu aizliegt k\u0101 sugu.<\/p>\n<p>Varb\u016bt grupas biedri priec\u0101jas par tiem p\u012br\u0101dzi\u0146iem?<\/p>\n<p>Neviens nepriec\u0101jas. Grup\u0101 esam pieci v\u012brie\u0161i, un r\u016bgti mald\u0101s tie, kas dom\u0101, ka visu vakaru varam p\u0101rtikt tikai no p\u012br\u0101dzi\u0146iem.<\/p>\n<p>Kas ir trak\u0101k koncert\u0101 \u2013 ieskurbu\u0161as d\u0101mas vai v\u012bri?<\/p>\n<p>Ar d\u0101m\u0101m \u013coti j\u0101uzman\u0101s. Vi\u0146as m\u0113dz k\u013c\u016bt va\u013c\u012bgas, un tad \u013coti viegli rod kontaktu ar m\u016bzi\u0137iem. V\u012brietis jau t\u0101ds mulsto\u0161s rad\u012bjums vien ir un dara, ko vi\u0146am liek. Un, ja atn\u0101k d\u0101ma ar konjaka pudeli rok\u0101s un, sakot: \u00abPui\u0161i, m\u016bsu pus\u0113 t\u0101 pie\u0146emts!\u00bb, s\u0101k to liet gl\u0101z\u012bt\u0113s, gr\u016bti atteikt. Ar to parasti nebeidzas. P\u0113c pirm\u0101 ap\u013ca, savies\u012bgi p\u013c\u0101p\u0101jot, aiziet otrais, tre\u0161ais, un beig\u0101s jau j\u016bt, ka pui\u0161i uz skatuves s\u0101k peld\u0113t. Ar iereibu\u0161iem v\u012briem parasti t\u0101 saruna ir \u012bs\u0101ka un vienk\u0101r\u0161\u0101ka. Vi\u0146u v\u0113lme p\u0101rsvar\u0101 ir, lai nodziedam k\u0101du dziesmu. Cen\u0161amies to izpild\u012bt.<\/p>\n<p>J\u016bsu ve\u010du komp\u0101niju agr\u0101k at\u0161\u0137aid\u012bja akordeoniste Inita \u0100boli\u0146a. Ta\u010du pirms p\u0101ris gadiem vi\u0146a pameta grupu. K\u0101p\u0113c?<\/p>\n<p>Nezinu. Man, protams, ir k\u0101di iek\u0161\u0113ji pie\u0146\u0113mumi par \u0161o Initas l\u0113mumu. Pirmk\u0101rt, gadiem ejot, nogurst v\u0113los vakaros un br\u012bvdien\u0101s brauk\u0101t apk\u0101rt ar koncertiem. Otrk\u0101rt, iesp\u0113jams, juta, ka neizmanto visu savu potenci\u0101lu un nesp\u0113j piln\u012bb\u0101 par\u0101d\u012bt talantu. M\u016bsu grup\u0101 akordeons ir sekund\u0101rs \u2013 ne visur iederas. Un, tre\u0161k\u0101rt, dro\u0161i vien vi\u0146ai nepatika, ka tiek sal\u012bdzin\u0101ta ar amatieriem.<\/p>\n<p>Nepietr\u016bkst sievietes?<\/p>\n<p>No vienas puses, pietr\u016bkst \u2013 kad bija Inita, fanes pie mums uz skatuves l\u012bda daudz ret\u0101k.<\/p>\n<p>Ja vajadz\u0113tu iedot v\u0101rdu savai \u0123it\u0101rai, k\u0101ds tas b\u016btu?<\/p>\n<p>Dotu savas sievas v\u0101rdu Ilona. Vi\u0146a ir mana liel\u0101k\u0101 m\u016bza.<\/p>\n<p>K\u0101du dziesmu grib\u0113tu sa\u0146emt Apsveikumu koncert\u0101?<\/p>\n<p>Man pat\u012bk ASV kantri m\u016bzi\u0137is Kriss Kristofersons, kas pirms gada nomira, un vi\u0146a dziesma Help Me Make It Through the Night. Ilm\u0101rs Dzenis, nu jau ar\u012b nelai\u0137is, iedzied\u0101jis \u0161\u012bs dziesmas latvisko versiju \u013bauj, lai matu cirtas kr\u012bt. Ta\u010du ori\u0123in\u0101ls man ir \u0101rk\u0101rt\u012bgi m\u012b\u013c\u0161.<\/p>\n<blockquote><p>&#13;<\/p>\n<p>Ar sievu, kad mums ir romantisks noska\u0146ojums, iedzeram gl\u0101zi v\u012bna vai tekilu un padejojam pie vi\u0146a m\u016bzikas.<\/p>\n<p>&#13;\n<\/p><\/blockquote>\n<p>Vai pat\u012bk dzied\u0101t du\u0161\u0101?<\/p>\n<p>Nekad neesmu sapratis \u0161o fenomenu. Tur ta\u010du ir ska\u013ci, troksnis, kaimi\u0146i pa ventil\u0101cijas \u0161ahtu noteikti visu dzird. Man galvenais virsuzdevums du\u0161\u0101 ir nepasl\u012bd\u0113t un nenokrist.<\/p>\n<p>K\u0101ds ir j\u016bsu briesm\u012bg\u0101kais ieradums?<\/p>\n<p>Ja kaut kas nepat\u012bk, nesp\u0113ju to nosl\u0113pt. Sevi\u0161\u0137i, ja nepat\u012bk kaut kas muzik\u0101li. Tad s\u0101ku krat\u012bties, tr\u012bties, nevaru nos\u0113d\u0113t un m\u016bku. Nevaru nosl\u0113pt ar\u012b nepatiku pret cilv\u0113kiem, kuri melo un liel\u0101s.<\/p>\n<p>        <a href=\"https:\/\/www.europesays.com\/lv\/wp-content\/uploads\/2025\/12\/69b9764719e6.jpg\"><img decoding=\"async\" alt=\"Normunds \u0136ietis.\" class=\"no-convert\" src=\"https:\/\/www.europesays.com\/lv\/wp-content\/uploads\/2025\/12\/69b9764719e6.jpg\"\/><\/a><\/p>\n<p> Foto: Picture Agency<\/p>\n<p>Normunds \u0136ietis.<\/p>\n<p>\u00a0<\/p>\n<p>Savulaik Salacgr\u012bv\u0101 esat str\u0101d\u0101jis par ce\u013cu meistaru. K\u0101di bija darba pien\u0101kumi? L\u0113j\u0101t asfaltu?<\/p>\n<p>Es ta\u010du biju ar augst\u0101ko izgl\u012bt\u012bbu, ar asfalta rulli ce\u013ca meistari nestr\u0101d\u0101. Tie bija pirmie gadi p\u0113c augstskolas beig\u0161anas, mana pirm\u0101 darbavieta, kad non\u0101cu Salacgr\u012bv\u0101. Toreiz, jauns gur\u0137is b\u016bdams, ien\u0101cu 20 v\u012bru kolekt\u012bv\u0101, kur visi zina, kas ir kas. Un te priek\u0161\u0101 es, no R\u012bgas atn\u0101cis jampampi\u0146\u0161, kur\u0161 gras\u0101s k\u0101dreiz te b\u016bt priek\u0161nieks. Tas bija mazs iecirkn\u012btis, un man tur bija visai nenopietni pien\u0101kumi. Neb\u016bv\u0113j\u0101m, vair\u0101k uzlaboj\u0101m. Man bija j\u0101skaita kravas ma\u0161\u012bnas, j\u0101r\u0113\u0137ina, cik t\u0101s atved asfaltu, un vakar\u0101 j\u0101raksta pavadz\u012bme. Un tad j\u0101noklaus\u0101s t\u0101lbrauc\u0113ju tra\u0123\u0113dijas, jo katrs \u0161oferis pien\u0101ca pie manis ar skumju \u0123\u012bmi, sakot: \u00abNormund, man tur nekas nesan\u0101k. Piemet k\u0101du kravu kl\u0101t.\u00bb<\/p>\n<blockquote><p>&#13;<\/p>\n<p>Es tur biju t\u0101dus kalnus kl\u0101t pierakst\u012bjis, ka kauns atcer\u0113ties.\u00a0Ceru, ka mani par to vairs nevar ies\u0113din\u0101t. (Smejas.)<\/p>\n<p>&#13;\n<\/p><\/blockquote>\n<p>Laikam t\u0101p\u0113c man bija viegli no \u0161\u012b darba aiziet, jo mor\u0101li to visu nesp\u0113ju iztur\u0113t. Kol\u0113\u0123i ar\u012b teica \u2013 ne\u0101ksties un dari, kas tev pat\u012bk!<\/p>\n<p>K\u0101 p\u0101ris v\u0101rdos var\u0113tu aprakst\u012bt Latvijas autoce\u013cus?<\/p>\n<p>Nevar s\u016bdz\u0113ties.<\/p>\n<p>Ja vajadz\u0113tu aizst\u0101v\u0113ties, kur\u0161 instruments ir pateic\u012bg\u0101kais?<\/p>\n<p>Bundziniekam ir daudz \u0161ai lietai der\u012bgu priek\u0161metu. Ar \u0161\u0137\u012bvjiem var t\u012bri labi apdullin\u0101t.<\/p>\n<p>K\u0101p\u0113c meitenes kniks\u0113, bet pui\u0161i \u2013 paklan\u0101s? <\/p>\n<p>M\u016bsdien\u0101s s\u0101ku\u0161i kniks\u0113t ar\u012b pui\u0161i, bet man lab\u0101k pat\u012bk, kad to dara meitenes. Ja vi\u0146as klan\u0101s, mati iet pa gaisu un neko jauki tas neizskat\u0101s.<\/p>\n<p>Pirms da\u017eiem gadiem pa\u0146\u0113m\u0101t no patversmes melnbaltu runci Ri\u010diju. Vai pa \u0161o laiku jau esat sapratu\u0161i, ka j\u016bs dz\u012bvojat pie ka\u0137a, nevis vi\u0146\u0161 pie jums?<\/p>\n<p>Protams! M\u0113s barojam vi\u0146u ar da\u017e\u0101d\u0101m delikates\u0113m.<\/p>\n<p>Dziedat vi\u0146am dziesmu \u2013 ka\u0137\u012bt\u2019s mans, melns ar balt\u0101m \u0137epi\u0146\u0101m?<\/p>\n<p>Tik traki ar mani v\u0113l nav. Apbr\u012bnoju cilv\u0113kus, kas dz\u012bvniekus m\u012bl vair\u0101k nek\u0101 cilv\u0113kus. Nereti aizdom\u0101jos: nu ko tam dz\u012bvniekam v\u0113l vajag \u2013 vi\u0146am viss jau t\u0101 tiek dots, lepn\u0101k\u0101 gu\u013cvieta, \u0113diens, manti\u0146as, bet tik un t\u0101 cilv\u0113ks vi\u0146am j\u016btas par\u0101d\u0101. Turkl\u0101t dz\u012bvnieks, \u012bpa\u0161i jau ka\u0137is, tevi re\u0101li \u010dakar\u0113.<\/p>\n<p>K\u0101 ir kaija v\u012brie\u0161u dzimt\u0113?<\/p>\n<p>Nu tagad jau mani liter\u0101ri s\u0101k \u010dakar\u0113t. Dom\u0101ju: t\u0101 pati kaija vien ir.<br \/>&#13;<br \/>\nCik rei\u017eu esat uzvar\u0113ju\u0161i Latvijas sirdsdziesm\u0101?<\/p>\n<p>Ne reizi. Bet m\u0113r\u0137tiec\u012bgi uz to virz\u0101mies. Tur liela siena priek\u0161\u0101, nesauk\u0161u gan m\u016bsu liel\u0101kos konkurentus.<\/p>\n<p>Balsojat par sevi aptauj\u0101s?<\/p>\n<p>Esmu to p\u0101ris rei\u017eu dar\u012bjis.<\/p>\n<p>\u0160\u0137ietat romantisks ne tikai uz skatuves, bet ar\u012b dz\u012bv\u0113. K\u0101 lutin\u0101t \u0123imenes sievietes?<\/p>\n<p>\u0160obr\u012bd man atlicis lutin\u0101t tikai sievu Ilonu, meitas jau devu\u0161\u0101s sav\u0101 dz\u012bv\u0113. Sieva, t\u0101pat k\u0101 es, daudz str\u0101d\u0101 par priv\u0101tskolot\u0101ju, t\u0101p\u0113c cen\u0161os padar\u012bt vi\u0146as dz\u012bvi skaist\u0101ku. Katru dienu p\u0113c darba sagaidu ar vakari\u0146\u0101m, da\u017ereiz ar\u012b padziedu, jo da\u013ca dziesmu radu\u0161\u0101s, dom\u0101jot par vi\u0146u.<\/p>\n<p>Ar sievu Ilonu esat kop\u0101 no 10 gadu vecuma, 29. decembr\u012b svin\u0113siet k\u0101zu 41. jubileju. K\u0101 atz\u012bm\u0113siet?<\/p>\n<p>Dro\u0161i vien dosimies uz k\u0101du restor\u0101nu, bet pavasar\u012b aizbrauksim ce\u013cojum\u0101. Tradicion\u0101li mart\u0101 braucam uz Tenerifi, jo tas nav p\u0101r\u0101k t\u0101lu, un tur ir silts. Tur p\u0113c trak\u0101 darba c\u0113liena atp\u016b\u0161amies un gu\u013cam k\u0101 beigtas zivis j\u016bras krast\u0101, sau\u013cojamies, peldam, \u0113dam, dzeram un las\u0101m rom\u0101nus.<\/p>\n<p>Dr\u012bz Ziemassv\u0113tki un Jaungads. K\u0101p\u0113c \u0161ajos sv\u0113tkos latvie\u0161i \u0113d t\u0101, it k\u0101 b\u016btu p\u0113d\u0113j\u0101 \u0113dienreize vi\u0146u m\u016b\u017e\u0101?<\/p>\n<p>Man \u0161\u0137iet, tas \u0113diena kults ir mazliet mazin\u0101jies. Nekur citur pasaul\u0113 neesmu redz\u0113jis, ka t\u0101 var piekraut galdus. P\u0113c tam gan jau liel\u0101k\u0101 da\u013ca non\u0101k miskast\u0113, jo nevar ta\u010du visu ap\u0113st. Tas ir \u0101rpr\u0101ts! Savuk\u0101rt V\u0101cij\u0101 sv\u0113tkos ir t\u0101: ir viens \u0161\u0137\u012bvis, ja nepasp\u0113si no t\u0101 pa\u0146emt, neko ar\u012b nedab\u016bsi.<\/p>\n<p>Saka \u2013 kad izaugsi, saprat\u012bsi. Ko esat sapratis, kad izaug\u0101t?<\/p>\n<p>Ka visskaist\u0101k\u0101s ir t\u0101s vienk\u0101r\u0161\u0101s lietas.<\/p>\n","protected":false},"excerpt":{"rendered":"Pret\u0113ji vair\u0101kumam latvie\u0161u m\u016bzi\u0137u Lauku muzikanti koncertturnej\u0101 dodas bez piesaistes jubilejai. K\u0101 jums tas izdevies? P\u0113rn ar \u010detriem&hellip;\n","protected":false},"author":2,"featured_media":80626,"comment_status":"","ping_status":"","sticky":false,"template":"","format":"standard","meta":{"footnotes":""},"categories":[19],"tags":[89,90,35,39,38,36,37,34,40],"class_list":{"0":"post-80625","1":"post","2":"type-post","3":"status-publish","4":"format-standard","5":"has-post-thumbnail","7":"category-izklaide","8":"tag-entertainment","9":"tag-izklaide","10":"tag-latvia","11":"tag-latvian","12":"tag-latviesu","13":"tag-latviesu-valoda","14":"tag-latviesuvaloda","15":"tag-latvija","16":"tag-lv"},"share_on_mastodon":{"url":"https:\/\/pubeurope.com\/@lv\/115750530412196826","error":""},"_links":{"self":[{"href":"https:\/\/www.europesays.com\/lv\/wp-json\/wp\/v2\/posts\/80625","targetHints":{"allow":["GET"]}}],"collection":[{"href":"https:\/\/www.europesays.com\/lv\/wp-json\/wp\/v2\/posts"}],"about":[{"href":"https:\/\/www.europesays.com\/lv\/wp-json\/wp\/v2\/types\/post"}],"author":[{"embeddable":true,"href":"https:\/\/www.europesays.com\/lv\/wp-json\/wp\/v2\/users\/2"}],"replies":[{"embeddable":true,"href":"https:\/\/www.europesays.com\/lv\/wp-json\/wp\/v2\/comments?post=80625"}],"version-history":[{"count":0,"href":"https:\/\/www.europesays.com\/lv\/wp-json\/wp\/v2\/posts\/80625\/revisions"}],"wp:featuredmedia":[{"embeddable":true,"href":"https:\/\/www.europesays.com\/lv\/wp-json\/wp\/v2\/media\/80626"}],"wp:attachment":[{"href":"https:\/\/www.europesays.com\/lv\/wp-json\/wp\/v2\/media?parent=80625"}],"wp:term":[{"taxonomy":"category","embeddable":true,"href":"https:\/\/www.europesays.com\/lv\/wp-json\/wp\/v2\/categories?post=80625"},{"taxonomy":"post_tag","embeddable":true,"href":"https:\/\/www.europesays.com\/lv\/wp-json\/wp\/v2\/tags?post=80625"}],"curies":[{"name":"wp","href":"https:\/\/api.w.org\/{rel}","templated":true}]}}