{"id":80629,"date":"2025-12-20T06:43:08","date_gmt":"2025-12-20T06:43:08","guid":{"rendered":"https:\/\/www.europesays.com\/lv\/80629\/"},"modified":"2025-12-20T06:43:08","modified_gmt":"2025-12-20T06:43:08","slug":"nato-ir-pamats-uztraukties-eksperts-bridina-krievija-savelk-karaspeku-pie-nato-robezam-nra","status":"publish","type":"post","link":"https:\/\/www.europesays.com\/lv\/80629\/","title":{"rendered":"NATO ir pamats uztraukties? Eksperts br\u012bdina &#8211; Krievija savelk karasp\u0113ku pie NATO robe\u017e\u0101m &#8211; NRA"},"content":{"rendered":"<ol>\n<li><a href=\"https:\/\/news.google.com\/rss\/articles\/CBMieEFVX3lxTE5qcHRVMnlPRzdyUHJORDVLdGlxM2dQMnZBMEJjZ29wXzUxWmNQa25KWVJtMV9wRlRRMkNuWDM2TkZNVXlPQl9xVXg4akdZM0Nzdld2QnJnamoxOW1WelFvQldaNG41LS1la25fTTFBemdZR0lxbVJQRA?oc=5\" target=\"_blank\" rel=\"nofollow noopener\">NATO ir pamats uztraukties? Eksperts br\u012bdina &#8211; Krievija savelk karasp\u0113ku pie NATO robe\u017e\u0101m<\/a>&nbsp;&nbsp;NRA<\/li>\n<li><a href=\"https:\/\/news.google.com\/rss\/articles\/CBMiwAFBVV95cUxPOVE2Vmlyd18yZWR4TmI5N1N5ZVk5MHB6eWpjSmVKaFRuQ0FBWmdTNE83SVpISGlEV1lqaGJwRUl0UFp6OVhMdTlaTnVTWlNORHF5SEhIUlpWZElxend4OFY0UzJ6ek1MZDhZcmlPOVk3cnd6WjdZOHNoN3hIeVN1U2V1WlVtQ19hLVZtcUlxTXpWZXBJcmtjZkx0b1VHNjBiWkRhSUtOWW9HU1A4MkVhNDZBNndjYUVFbUtLc1dDSnk?oc=5\" target=\"_blank\" rel=\"nofollow noopener\">Aizsardz\u012bbas ministrija koment\u0113 zi\u0146as par masveid\u012bgu Krievijas karav\u012bru kl\u0101tb\u016btni Baltkrievij\u0101<\/a>&nbsp;&nbsp;TVNET<\/li>\n<li><a href=\"https:\/\/news.google.com\/rss\/articles\/CBMi9AFBVV95cUxNUnRVVXBJRkRJVEV1MmZLLXlVd05lc3BONGRrMDQwVFhXRkxrOE1TaWdBZ2RTU19zdE9pYTZja0xjNHBQcDRldUxRaFBZWGZrbXNoSlloSUFXUXZsVXRXbzk1ZWpWOUhQTmRNQjFleGZVLVY5UU5WMllzR0ZVWEs3TXpoaEV4V0NhRXZsSmp2SURFYkRqR2x4TC1kRXpmcndwOXZuS0dLU0JsWTBrZ0o3VHpiM3ZiYnFvd21QXy1pSm52QmNnMDBOYXB0WWNjNE45Y2pxaVEzNHVmbE8xV1pBNEF0a3hTVzlGd1ItVWtYR015UjZf?oc=5\" target=\"_blank\" rel=\"nofollow noopener\">Aizsardz\u012bbas ministrija klied\u0113 baumas: Nav inform\u0101cijas par masveid\u012bgu Krievijas karasp\u0113ka koncentr\u0101ciju Baltkrievij\u0101<\/a>&nbsp;&nbsp;Lente.lv<\/li>\n<li><a href=\"https:\/\/news.google.com\/rss\/articles\/CBMiywFBVV95cUxNMVR4aldYYkFHU0pPaUZESGR1TF9ES0JyemFyS3ZrZDJlOGcydC1Fd1JKWXRvX0FwTjM0SFplWUFQV2xUT25wbTRZVkNOMHl6eENnNW1kUUNVSkVpZm1GT25nRzBXUEhjc2tucEJ4ZnkwZnc5OFZZYWd1YlY0YldEejdtR2R1OTdsQUl6WmRSR3VIdGkzREpEbklhWHNfZkRfV2VpR0Zkem1GQzJiS09GNkpiWW1YTzRnMFR0UkdGZExhckx2QmdUaG9tbw?oc=5\" target=\"_blank\" rel=\"nofollow noopener\">Strauji izplat\u0101s runas par Krievijas milzu armiju Baltkrievij\u0101 pie NATO robe\u017eas. Lietuvas armija rea\u0123\u0113<\/a>&nbsp;&nbsp;Inbox.lv<\/li>\n<li><a href=\"https:\/\/news.google.com\/rss\/articles\/CBMinAFBVV95cUxQbkE0ZnJXbEV1ek5XOXBoZnZhUnN6eEgwTnNpeW9WMXVjcUkweTVES1JOSUtVMnpwSC10N2tjbGtBMHFZR0pQb2gtdHNrOVVoZ3NQYkt1T213ODJ3MkhkckJnZUZ1Tmttc1gwX0ZRQVNFMDFMVU9KT3NnTVhxWlY4YWhmeHF0UHpWWDJacnliZDJxRnZ6ZVNBQld0a3k?oc=5\" target=\"_blank\" rel=\"nofollow noopener\">Krievija Baltkrievij\u0101 ir izvietojusi 360 000 karav\u012bru; eksperts 2026. gadu nosauc par &#8220;draud\u012bgu&#8221;<\/a>&nbsp;&nbsp;NRA<\/li>\n<\/ol>\n","protected":false},"excerpt":{"rendered":"NATO ir pamats uztraukties? Eksperts br\u012bdina &#8211; Krievija savelk karasp\u0113ku pie NATO robe\u017e\u0101m&nbsp;&nbsp;NRA Aizsardz\u012bbas ministrija koment\u0113 zi\u0146as par&hellip;\n","protected":false},"author":2,"featured_media":80630,"comment_status":"","ping_status":"","sticky":false,"template":"","format":"standard","meta":{"footnotes":""},"categories":[14],"tags":[23,57,28,29,32,33,22,30,31,35,39,38,36,37,34,40,20,26,27,24,25,54,55,56,21,58],"class_list":{"0":"post-80629","1":"post","2":"type-post","3":"status-publish","4":"format-standard","5":"has-post-thumbnail","7":"category-zinas-no-arvalstim","8":"tag-aktualitates","9":"tag-arvalstim","10":"tag-breaking-news","11":"tag-breakingnews","12":"tag-featured-news","13":"tag-featurednews","14":"tag-headlines","15":"tag-latest-news","16":"tag-latestnews","17":"tag-latvia","18":"tag-latvian","19":"tag-latviesu","20":"tag-latviesu-valoda","21":"tag-latviesuvaloda","22":"tag-latvija","23":"tag-lv","24":"tag-news","25":"tag-popularakas-zinas","26":"tag-popularakaszinas","27":"tag-top-stories","28":"tag-topstories","29":"tag-world","30":"tag-world-news","31":"tag-worldnews","32":"tag-zinas","33":"tag-zinas-no-arvalstim"},"share_on_mastodon":{"url":"https:\/\/pubeurope.com\/@lv\/115750541847068068","error":""},"_links":{"self":[{"href":"https:\/\/www.europesays.com\/lv\/wp-json\/wp\/v2\/posts\/80629","targetHints":{"allow":["GET"]}}],"collection":[{"href":"https:\/\/www.europesays.com\/lv\/wp-json\/wp\/v2\/posts"}],"about":[{"href":"https:\/\/www.europesays.com\/lv\/wp-json\/wp\/v2\/types\/post"}],"author":[{"embeddable":true,"href":"https:\/\/www.europesays.com\/lv\/wp-json\/wp\/v2\/users\/2"}],"replies":[{"embeddable":true,"href":"https:\/\/www.europesays.com\/lv\/wp-json\/wp\/v2\/comments?post=80629"}],"version-history":[{"count":0,"href":"https:\/\/www.europesays.com\/lv\/wp-json\/wp\/v2\/posts\/80629\/revisions"}],"wp:featuredmedia":[{"embeddable":true,"href":"https:\/\/www.europesays.com\/lv\/wp-json\/wp\/v2\/media\/80630"}],"wp:attachment":[{"href":"https:\/\/www.europesays.com\/lv\/wp-json\/wp\/v2\/media?parent=80629"}],"wp:term":[{"taxonomy":"category","embeddable":true,"href":"https:\/\/www.europesays.com\/lv\/wp-json\/wp\/v2\/categories?post=80629"},{"taxonomy":"post_tag","embeddable":true,"href":"https:\/\/www.europesays.com\/lv\/wp-json\/wp\/v2\/tags?post=80629"}],"curies":[{"name":"wp","href":"https:\/\/api.w.org\/{rel}","templated":true}]}}