{"id":80631,"date":"2025-12-20T06:49:07","date_gmt":"2025-12-20T06:49:07","guid":{"rendered":"https:\/\/www.europesays.com\/lv\/80631\/"},"modified":"2025-12-20T06:49:07","modified_gmt":"2025-12-20T06:49:07","slug":"vai-mums-viniem-iemacit-lasit-karti-igaunija-pec-incidenta-uz-mola-apsver-robezas-slegsanu","status":"publish","type":"post","link":"https:\/\/www.europesays.com\/lv\/80631\/","title":{"rendered":"\u201cVai mums vi\u0146iem iem\u0101c\u012bt las\u012bt karti?\u201d Igaunija p\u0113c incidenta uz mola apsver robe\u017eas sl\u0113g\u0161anu"},"content":{"rendered":"<p>    <img decoding=\"async\" src=\"https:\/\/www.europesays.com\/lv\/wp-content\/uploads\/2025\/12\/f5b65ed2-d39c-4da2-a23f-e3000e96ce70-1024x683.jpg\" alt=\"&#10;Igaunijas-Krievijas robe\u017ea Narvas up\u0113&#10;\"\/><\/p>\n<p>Igaunijas-Krievijas robe\u017ea Narvas up\u0113<\/p>\n<p>Foto: Scanpix\/LETA. Ekr\u0101n\u0161\u0101vi\u0146\u0161 no X. Kol\u0101\u017ea LA.lv\n<\/p>\n<p>Igaunijas vald\u012bba piektdien apsprieda iesp\u0113jamu draudu nov\u0113rt\u0113juma p\u0101rskat\u012b\u0161anu, un nav izsl\u0113gta robe\u017eas sl\u0113g\u0161ana pavisam p\u0113c tam, kad Krievija \u0161\u012bs ned\u0113\u013cas s\u0101kum\u0101 pie\u013c\u0101va savu robe\u017esargu neleg\u0101lu Igaunijas robe\u017eas \u0161\u0137\u0113rso\u0161anu, raksta err.ee.<\/p>\n<p>        Las\u012bt\u0101kie<br \/>\n        <a data-imagesrc=\"{&quot;300&quot;:&quot;https:\\\/\\\/lastatic.ams3.cdn.digitaloceanspaces.com\\\/2025\\\/02\\\/pexels-anastasia-shuraeva-4079281-300x200.jpg&quot;,&quot;1024&quot;:&quot;https:\\\/\\\/lastatic.ams3.cdn.digitaloceanspaces.com\\\/2025\\\/02\\\/pexels-anastasia-shuraeva-4079281-1024x683.jpg&quot;,&quot;768&quot;:&quot;https:\\\/\\\/lastatic.ams3.cdn.digitaloceanspaces.com\\\/2025\\\/02\\\/pexels-anastasia-shuraeva-4079281-768x512.jpg&quot;,&quot;1536&quot;:&quot;https:\\\/\\\/lastatic.ams3.cdn.digitaloceanspaces.com\\\/2025\\\/02\\\/pexels-anastasia-shuraeva-4079281-1536x1024.jpg&quot;,&quot;2048&quot;:&quot;https:\\\/\\\/lastatic.ams3.cdn.digitaloceanspaces.com\\\/2025\\\/02\\\/pexels-anastasia-shuraeva-4079281-2048x1365.jpg&quot;,&quot;200&quot;:&quot;https:\\\/\\\/lastatic.ams3.cdn.digitaloceanspaces.com\\\/2025\\\/02\\\/pexels-anastasia-shuraeva-4079281-200x133.jpg&quot;,&quot;400&quot;:&quot;https:\\\/\\\/lastatic.ams3.cdn.digitaloceanspaces.com\\\/2025\\\/02\\\/pexels-anastasia-shuraeva-4079281-400x267.jpg&quot;,&quot;500&quot;:&quot;https:\\\/\\\/lastatic.ams3.cdn.digitaloceanspaces.com\\\/2025\\\/02\\\/pexels-anastasia-shuraeva-4079281-500x333.jpg&quot;,&quot;800&quot;:&quot;https:\\\/\\\/lastatic.ams3.cdn.digitaloceanspaces.com\\\/2025\\\/02\\\/pexels-anastasia-shuraeva-4079281-800x533.jpg&quot;,&quot;1000&quot;:&quot;https:\\\/\\\/lastatic.ams3.cdn.digitaloceanspaces.com\\\/2025\\\/02\\\/pexels-anastasia-shuraeva-4079281-1000x667.jpg&quot;,&quot;2560&quot;:&quot;https:\\\/\\\/lastatic.ams3.cdn.digitaloceanspaces.com\\\/2025\\\/02\\\/pexels-anastasia-shuraeva-4079281-scaled.jpg&quot;}\" data-focuspoint=\"&quot;&quot;\" data-p=\"2478881\" href=\"https:\/\/www.la.lv\/loti-negodigi-ir-sadalits-valsts-gimenes-pabalsts-ar-ko-divi-berni-atskiras-no-viena-mamma-mara-izgaismo-pretrunu-likumos\" class=\"content-item lazy-load\" wp_automatic_readability=\"26.5\" rel=\"nofollow noopener\" target=\"_blank\"><\/p>\n<p>                                <img decoding=\"async\" src=\"\" alt=\"\" style=\"\" data-imageid=\"\"\/><\/p>\n<p>                                RAKSTA REDAKTORS<\/p>\n<p>\n                                                \u201c\u013boti negod\u012bgi ir sadal\u012bts valsts \u0123imenes pabalsts \u2013 ar ko divi b\u0113rni at\u0161\u0137iras no viena?\u201d mamma M\u0101ra izgaismo pretrunu likumos\n                            <\/p>\n<p><\/a><a data-imagesrc=\"{&quot;300&quot;:&quot;https:\\\/\\\/lastatic.ams3.cdn.digitaloceanspaces.com\\\/2025\\\/04\\\/Bez-nosaukuma-1500-x-1000-pikseli-72-300x200.jpg&quot;,&quot;1024&quot;:&quot;https:\\\/\\\/lastatic.ams3.cdn.digitaloceanspaces.com\\\/2025\\\/04\\\/Bez-nosaukuma-1500-x-1000-pikseli-72-1024x683.jpg&quot;,&quot;768&quot;:&quot;https:\\\/\\\/lastatic.ams3.cdn.digitaloceanspaces.com\\\/2025\\\/04\\\/Bez-nosaukuma-1500-x-1000-pikseli-72-768x512.jpg&quot;,&quot;200&quot;:&quot;https:\\\/\\\/lastatic.ams3.cdn.digitaloceanspaces.com\\\/2025\\\/04\\\/Bez-nosaukuma-1500-x-1000-pikseli-72-200x133.jpg&quot;,&quot;400&quot;:&quot;https:\\\/\\\/lastatic.ams3.cdn.digitaloceanspaces.com\\\/2025\\\/04\\\/Bez-nosaukuma-1500-x-1000-pikseli-72-400x267.jpg&quot;,&quot;500&quot;:&quot;https:\\\/\\\/lastatic.ams3.cdn.digitaloceanspaces.com\\\/2025\\\/04\\\/Bez-nosaukuma-1500-x-1000-pikseli-72-500x333.jpg&quot;,&quot;800&quot;:&quot;https:\\\/\\\/lastatic.ams3.cdn.digitaloceanspaces.com\\\/2025\\\/04\\\/Bez-nosaukuma-1500-x-1000-pikseli-72-800x533.jpg&quot;,&quot;1000&quot;:&quot;https:\\\/\\\/lastatic.ams3.cdn.digitaloceanspaces.com\\\/2025\\\/04\\\/Bez-nosaukuma-1500-x-1000-pikseli-72-1000x667.jpg&quot;,&quot;1500&quot;:&quot;https:\\\/\\\/lastatic.ams3.cdn.digitaloceanspaces.com\\\/2025\\\/04\\\/Bez-nosaukuma-1500-x-1000-pikseli-72.jpg&quot;}\" data-focuspoint=\"&quot;&quot;\" data-p=\"2483615\" href=\"https:\/\/www.la.lv\/krievi-uzbruk-putinam-ar-vel-vienu-neertu-jautajumu-iznicinot-kremla-mitus\" class=\"content-item lazy-load\" wp_automatic_readability=\"26.5\" rel=\"nofollow noopener\" target=\"_blank\"><\/p>\n<p>                                <img decoding=\"async\" src=\"\" alt=\"\" style=\"\" data-imageid=\"\"\/><\/p>\n<p>\n                                                Krievi uzbr\u016bk Putinam ar v\u0113l vienu ne\u0113rtu jaut\u0101jumu, izn\u012bcinot Krem\u013ca m\u012btus\n                            <\/p>\n<p><\/a><a data-imagesrc=\"{&quot;300&quot;:&quot;https:\\\/\\\/lastatic.ams3.cdn.digitaloceanspaces.com\\\/2025\\\/12\\\/pexels-sound-on-3760694-300x176.jpg&quot;,&quot;1024&quot;:&quot;https:\\\/\\\/lastatic.ams3.cdn.digitaloceanspaces.com\\\/2025\\\/12\\\/pexels-sound-on-3760694-1024x600.jpg&quot;,&quot;1536&quot;:&quot;https:\\\/\\\/lastatic.ams3.cdn.digitaloceanspaces.com\\\/2025\\\/12\\\/pexels-sound-on-3760694-1536x900.jpg&quot;,&quot;500&quot;:&quot;https:\\\/\\\/lastatic.ams3.cdn.digitaloceanspaces.com\\\/2025\\\/12\\\/pexels-sound-on-3760694-500x293.jpg&quot;,&quot;800&quot;:&quot;https:\\\/\\\/lastatic.ams3.cdn.digitaloceanspaces.com\\\/2025\\\/12\\\/pexels-sound-on-3760694-800x469.jpg&quot;,&quot;2560&quot;:&quot;https:\\\/\\\/lastatic.ams3.cdn.digitaloceanspaces.com\\\/2025\\\/12\\\/pexels-sound-on-3760694-scaled.jpg&quot;}\" data-focuspoint=\"&quot;&quot;\" data-p=\"2484172\" href=\"https:\/\/www.la.lv\/sis-5-horoskopa-zimes-ir-vislielakas-intrigu-verpejas-un-sveti-tic-sazverestibam\" class=\"content-item lazy-load\" wp_automatic_readability=\"26\" rel=\"nofollow noopener\" target=\"_blank\"><\/p>\n<p>                                <img decoding=\"async\" src=\"\" alt=\"\" style=\"\" data-imageid=\"\"\/><\/p>\n<p>                                Kokteilis<\/p>\n<p>\n                                                \u0160\u012bs 5 horoskopa z\u012bmes ir visliel\u0101k\u0101s intrigu v\u0113rp\u0113jas un sv\u0113ti tic sazv\u0113rest\u012bb\u0101m\n                            <\/p>\n<p><\/a><br \/>\n        <a class=\"read-more\" href=\"https:\/\/www.la.lv\/top\" rel=\"nofollow noopener\" target=\"_blank\">Las\u012bt citas zi\u0146as<\/a><\/p>\n<p>Tre\u0161dien tr\u012bs Krievijas robe\u017esargi \u0161\u0137\u0113rsoja pagaidu kontroles l\u012bniju, iebraucot Igaunijas teritorij\u0101 Narvas up\u0113 pie Vasknarvas mola, un uztur\u0113j\u0101s tur aptuveni 20 min\u016btes. \u0160\u012b akmens konstrukcija atrodas ab\u0101s valst\u012bs, ta\u010du liel\u0101k\u0101 t\u0101s da\u013ca atrodas Igaunij\u0101. Krievijas mot\u012bvs nav zin\u0101ms joproj\u0101m.<\/p>\n<p>Ceturtdien Igaunijas un Krievijas robe\u017esargi vair\u0101k nek\u0101 divas stundas tik\u0101s, lai incidentu apspriestu t\u0101 norises viet\u0101. Krievijas p\u0101rst\u0101vji apgalvoja, ka neleg\u0101la robe\u017e\u0161\u0137\u0113rso\u0161ana neesot notikusi.<\/p>\n<p>    CITI \u0160OBR\u012aD LASA<\/p>\n<p>K\u0101 raksta <a href=\"https:\/\/news.err.ee\/1609889803\/estonia-could-close-border-with-russia-after-illegal-crossing-minister-says\" rel=\"nofollow noopener\" target=\"_blank\">medijs<\/a>, iek\u0161lietu ministrs Igors Taro sac\u012bja: \u201cB\u016bt\u012bb\u0101 vi\u0146i neesot sapratu\u0161i, kur atrodas Igaunijas un Krievijas kontroles l\u012bnija, kas ir piln\u012bgi smiekl\u012bgi, jo \u0161\u012b kontroles l\u012bnija past\u0101v jau vair\u0101k nek\u0101 30 gadu. Ja vi\u0146i nem\u0101k las\u012bt karti, ja tur valda topogr\u0101fiska nezin\u0101\u0161ana, k\u0101 m\u0113s varam pal\u012bdz\u0113t? Vai mums vi\u0146iem nos\u016bt\u012bt karti, iem\u0101c\u012bt to las\u012bt? Tas joproj\u0101m ir izaicin\u0101jums mums.\u201d<\/p>\n<p>\u0100rlietu ministrs Marguss Cahkna sac\u012bja, ka Krievija past\u0101v\u012bgi cen\u0161as papla\u0161in\u0101t robe\u017eu \u0123eogr\u0101fiski sare\u017e\u0123\u012btos apgabalos. Vi\u0146\u0161 min\u0113ja incidentus pie S\u0101tses z\u0101baka oktobr\u012b, kad uz Igaunijas ce\u013ca posma tika redz\u0113ti bru\u0146oti Krievijas p\u0101rst\u0101vji, k\u0101 ar\u012b 2024. gada maij\u0101 notika robe\u017eboju z\u0101dz\u012bba Narvas up\u0113.<\/p>\n<p>Ab\u0101m valst\u012bm ir neratific\u0113ts robe\u017el\u012bgums, kuru Krievija ir atteikusies parakst\u012bt, ta\u010du Cahkna, k\u0101 raksta err.ee nor\u0101d\u012bja, ka tas, visticam\u0101k, situ\u0101ciju nemain\u012btu. \u201cEs \u0161obr\u012bd neredzu nek\u0101das re\u0101las izredzes uz robe\u017el\u012bguma nosl\u0113g\u0161anu un ratific\u0113\u0161anu starp Igauniju un Krieviju, un \u0161ie riski saglab\u0101sies. Krievija noteikti izmantos \u0161\u0101das iesp\u0113jas. M\u016bsu uzdevums ir \u013coti skaidri noteikt, kas ir m\u016bsu teritorija un kas ir Krievijas teritorija, kontrol\u0113t situ\u0101ciju un nepadoties provok\u0101cij\u0101m,\u201d vi\u0146\u0161 sac\u012bja.<\/p>\n<p>Igaunijas \u0100rlietu ministrija ceturtdien p\u0113c robe\u017eas p\u0101rk\u0101puma nos\u016bt\u012bja diplom\u0101tisku protesta notu Krievijas pilnvarotajam lietvedim.<\/p>\n<p>Robe\u017eas sl\u0113g\u0161ana ar Krieviju nav izsl\u0113gta, ta\u010du Taro uzsv\u0113ra, ka r\u012bc\u012bbai j\u0101b\u016bt sam\u0113r\u012bgai. \u201cRobe\u017esatiksmes sl\u0113g\u0161anai ir daudz da\u017e\u0101du iesp\u0113ju \u2013 to var sl\u0113gt lok\u0101li vai visp\u0101r\u012bgi, \u012bslaic\u012bgi, uz ilg\u0101ku laiku vai past\u0101v\u012bgi. T\u0101tad \u0161aj\u0101 zi\u0146\u0101 past\u0101v da\u017e\u0101di proporcionalit\u0101tes l\u012bme\u0146i,\u201d vi\u0146\u0161 sac\u012bja.<\/p>\n<p>T\u0113mas<\/p>\n<p>    SAIST\u012aTIE RAKSTI<\/p>\n","protected":false},"excerpt":{"rendered":"Igaunijas-Krievijas robe\u017ea Narvas up\u0113 Foto: Scanpix\/LETA. Ekr\u0101n\u0161\u0101vi\u0146\u0161 no X. Kol\u0101\u017ea LA.lv Igaunijas vald\u012bba piektdien apsprieda iesp\u0113jamu draudu nov\u0113rt\u0113juma&hellip;\n","protected":false},"author":2,"featured_media":80632,"comment_status":"","ping_status":"","sticky":false,"template":"","format":"standard","meta":{"footnotes":""},"categories":[14],"tags":[23,57,28,29,32,33,22,30,31,35,39,38,36,37,34,40,20,26,27,24,25,54,55,56,21,58],"class_list":{"0":"post-80631","1":"post","2":"type-post","3":"status-publish","4":"format-standard","5":"has-post-thumbnail","7":"category-zinas-no-arvalstim","8":"tag-aktualitates","9":"tag-arvalstim","10":"tag-breaking-news","11":"tag-breakingnews","12":"tag-featured-news","13":"tag-featurednews","14":"tag-headlines","15":"tag-latest-news","16":"tag-latestnews","17":"tag-latvia","18":"tag-latvian","19":"tag-latviesu","20":"tag-latviesu-valoda","21":"tag-latviesuvaloda","22":"tag-latvija","23":"tag-lv","24":"tag-news","25":"tag-popularakas-zinas","26":"tag-popularakaszinas","27":"tag-top-stories","28":"tag-topstories","29":"tag-world","30":"tag-world-news","31":"tag-worldnews","32":"tag-zinas","33":"tag-zinas-no-arvalstim"},"share_on_mastodon":{"url":"https:\/\/pubeurope.com\/@lv\/115750565774473626","error":""},"_links":{"self":[{"href":"https:\/\/www.europesays.com\/lv\/wp-json\/wp\/v2\/posts\/80631","targetHints":{"allow":["GET"]}}],"collection":[{"href":"https:\/\/www.europesays.com\/lv\/wp-json\/wp\/v2\/posts"}],"about":[{"href":"https:\/\/www.europesays.com\/lv\/wp-json\/wp\/v2\/types\/post"}],"author":[{"embeddable":true,"href":"https:\/\/www.europesays.com\/lv\/wp-json\/wp\/v2\/users\/2"}],"replies":[{"embeddable":true,"href":"https:\/\/www.europesays.com\/lv\/wp-json\/wp\/v2\/comments?post=80631"}],"version-history":[{"count":0,"href":"https:\/\/www.europesays.com\/lv\/wp-json\/wp\/v2\/posts\/80631\/revisions"}],"wp:featuredmedia":[{"embeddable":true,"href":"https:\/\/www.europesays.com\/lv\/wp-json\/wp\/v2\/media\/80632"}],"wp:attachment":[{"href":"https:\/\/www.europesays.com\/lv\/wp-json\/wp\/v2\/media?parent=80631"}],"wp:term":[{"taxonomy":"category","embeddable":true,"href":"https:\/\/www.europesays.com\/lv\/wp-json\/wp\/v2\/categories?post=80631"},{"taxonomy":"post_tag","embeddable":true,"href":"https:\/\/www.europesays.com\/lv\/wp-json\/wp\/v2\/tags?post=80631"}],"curies":[{"name":"wp","href":"https:\/\/api.w.org\/{rel}","templated":true}]}}