{"id":80639,"date":"2025-12-20T07:07:10","date_gmt":"2025-12-20T07:07:10","guid":{"rendered":"https:\/\/www.europesays.com\/lv\/80639\/"},"modified":"2025-12-20T07:07:10","modified_gmt":"2025-12-20T07:07:10","slug":"milestiba-bez-robezam-un-no-piparkukam-makslinieku-fantazijas-tallina","status":"publish","type":"post","link":"https:\/\/www.europesays.com\/lv\/80639\/","title":{"rendered":"M\u012blest\u012bba bez robe\u017e\u0101m un no pipark\u016bk\u0101m \u2013 m\u0101kslinieku fant\u0101zijas Tallin\u0101"},"content":{"rendered":"<p>            <img loading=\"lazy\" decoding=\"async\" class=\"size-thumbnail wp-image-3703082 skaties-content-image\" src=\"https:\/\/www.europesays.com\/lv\/wp-content\/uploads\/2025\/12\/6f43-6944528c65585-672x896.jpeg\" alt=\"\" width=\"672\" height=\"896\"  \/><\/p>\n<p>                Pipark\u016bku m\u0101nijas izst\u0101de \u201cM\u012blest\u012bba\u201d Tallinas Dizaina un arhitekt\u016bras galerij\u0101. FOTO: SOLVITA SEIKSTE\/TV3.LV<\/p>\n<p>\u0160ogad izv\u0113l\u0113t\u0101 t\u0113ma ir \u201cM\u012blest\u012bba\u201d (Love). M\u012blest\u012bba ir tik pla\u0161s j\u0113dziens ar tik dzi\u013cu noz\u012bmi. M\u012blest\u012bbas nekad nevar b\u016bt par daudz, un t\u0101 galerij\u0101 ap\u0146em katru apmekl\u0113t\u0101ju. Smaids no apmekl\u0113t\u0101ju sej\u0101m nepaz\u016bd. Skatieni ir m\u012blest\u012bbas pilni ieraugot skaistos pipark\u016bku m\u0101kslas darbus, t\u0101pat acis ieple\u0161as plati, jo plati, ieraugot uz zemes asi\u0146ojo\u0161u sirdi. Cik bie\u017ei m\u0113s sak\u0101m: \u201cS\u0101p sirds!\u201d<\/p>\n<p>            <img loading=\"lazy\" decoding=\"async\" class=\"size-thumbnail wp-image-3703086 skaties-content-image\" src=\"https:\/\/www.europesays.com\/lv\/wp-content\/uploads\/2025\/12\/3fee-69445355ba5fc-672x504.jpeg\" alt=\"\" width=\"672\" height=\"504\"  \/><\/p>\n<p>                Asi\u0146ojo\u0161a sirds Tallinas Dizaina un arhitekt\u016bras galerijas izst\u0101d\u0113 \u201cM\u012blest\u012bba\u201d. FOTO: SOLVITA SEIKSTE\/TV3.LV<\/p>\n<p>\u0160ogad Ziemassv\u0113tku \u0113damos m\u0101kslas darbus ir veidoju\u0161i m\u0101kslinieki, dizaineri un arhitekti no Igaunijas, Francijas, \u0160veices, \u010cehijas, Ung\u0101rijas un Polijas.<\/p>\n<p>K\u0101ds m\u0101kslinieks ir veidojis savu m\u0101jas m\u012bli tak\u0161u sun\u012bti \u2013 beznosac\u012bjuma m\u012blest\u012bba, t\u0101pat k\u0101 omul\u012bgais ka\u0137is, kas \u0113rti iek\u0101rtojies uz viena no augst\u0101kajiem podestiem galerij\u0101. Katram b\u0113rn\u012bba ir bijis k\u0101ds m\u012b\u013c\u0161 l\u0101cis, kas sp\u0113j nomierin\u0101t, lai nakt\u012b ir mier\u012bgs miedzi\u0146\u0161, vai kur\u0101 noslauc\u012btas prieka vai b\u0113du asaras.<\/p>\n<p class=\"ad-desc ad-desc-main\">Saturs turpin\u0101s p\u0113c rekl\u0101mas<\/p>\n<p class=\"ad-desc ad-desc-sec\">Rekl\u0101ma<\/p>\n<p>Ak cik daudziem b\u0113rniem m\u012b\u013c\u0161 ir Vinnijs P\u016bks un vi\u0146a uzticamais draugs roz\u0101 siv\u0113nti\u0146\u0161.<\/p>\n<p>            <img loading=\"lazy\" decoding=\"async\" class=\"size-thumbnail wp-image-3703128 skaties-content-image\" src=\"https:\/\/www.europesays.com\/lv\/wp-content\/uploads\/2025\/12\/b672-6944588781c69-672x896.jpeg\" alt=\"\" width=\"672\" height=\"896\"  \/><\/p>\n<p>                Pipark\u016bku m\u0101nijas izst\u0101de \u201cM\u012blest\u012bba\u201d Tallinas Dizaina un arhitekt\u016bras galerij\u0101. FOTO: SOLVITA SEIKSTE\/TV3.LV<\/p>\n<p>E\u0146\u0123el\u012b\u0161i, sieni\u0146as, kupidona bultas \u2013 tas viss par m\u012blest\u012bbu. M\u012blest\u012bba ir ar\u012b roz\u0101 brilles, t\u0101pat k\u0101 milz\u012bg\u0101 k\u0101zu torte, un atsl\u0113dzi\u0146u tilti\u0146\u0161, kas \u0161aj\u0101 reiz\u0113 p\u0101rc\u0113lies galerijas logu.<\/p>\n<p>M\u012blest\u012bba ir siltums m\u0101j\u0101s, kad m\u012b\u013cos sagaid\u0101m ar silt\u0101m vakari\u0146\u0101m, vai no r\u012bta modin\u0101m ar gar\u0161\u012bg\u0101m brokast\u012bm. M\u0113dz ta\u010du teikt: \u201cM\u012blest\u012bba iet caur v\u0113deru!\u201d.<\/p>\n","protected":false},"excerpt":{"rendered":"Pipark\u016bku m\u0101nijas izst\u0101de \u201cM\u012blest\u012bba\u201d Tallinas Dizaina un arhitekt\u016bras galerij\u0101. FOTO: SOLVITA SEIKSTE\/TV3.LV \u0160ogad izv\u0113l\u0113t\u0101 t\u0113ma ir \u201cM\u012blest\u012bba\u201d (Love).&hellip;\n","protected":false},"author":2,"featured_media":80640,"comment_status":"","ping_status":"","sticky":false,"template":"","format":"standard","meta":{"footnotes":""},"categories":[14],"tags":[23,57,28,29,32,33,22,20249,30,31,35,39,38,36,37,34,40,20,26,27,24,25,54,55,56,21,58],"class_list":{"0":"post-80639","1":"post","2":"type-post","3":"status-publish","4":"format-standard","5":"has-post-thumbnail","7":"category-zinas-no-arvalstim","8":"tag-aktualitates","9":"tag-arvalstim","10":"tag-breaking-news","11":"tag-breakingnews","12":"tag-featured-news","13":"tag-featurednews","14":"tag-headlines","15":"tag-igaunijapiparkukaspiparkuku-izstadetallina","16":"tag-latest-news","17":"tag-latestnews","18":"tag-latvia","19":"tag-latvian","20":"tag-latviesu","21":"tag-latviesu-valoda","22":"tag-latviesuvaloda","23":"tag-latvija","24":"tag-lv","25":"tag-news","26":"tag-popularakas-zinas","27":"tag-popularakaszinas","28":"tag-top-stories","29":"tag-topstories","30":"tag-world","31":"tag-world-news","32":"tag-worldnews","33":"tag-zinas","34":"tag-zinas-no-arvalstim"},"share_on_mastodon":{"url":"https:\/\/pubeurope.com\/@lv\/115750636430394009","error":""},"_links":{"self":[{"href":"https:\/\/www.europesays.com\/lv\/wp-json\/wp\/v2\/posts\/80639","targetHints":{"allow":["GET"]}}],"collection":[{"href":"https:\/\/www.europesays.com\/lv\/wp-json\/wp\/v2\/posts"}],"about":[{"href":"https:\/\/www.europesays.com\/lv\/wp-json\/wp\/v2\/types\/post"}],"author":[{"embeddable":true,"href":"https:\/\/www.europesays.com\/lv\/wp-json\/wp\/v2\/users\/2"}],"replies":[{"embeddable":true,"href":"https:\/\/www.europesays.com\/lv\/wp-json\/wp\/v2\/comments?post=80639"}],"version-history":[{"count":0,"href":"https:\/\/www.europesays.com\/lv\/wp-json\/wp\/v2\/posts\/80639\/revisions"}],"wp:featuredmedia":[{"embeddable":true,"href":"https:\/\/www.europesays.com\/lv\/wp-json\/wp\/v2\/media\/80640"}],"wp:attachment":[{"href":"https:\/\/www.europesays.com\/lv\/wp-json\/wp\/v2\/media?parent=80639"}],"wp:term":[{"taxonomy":"category","embeddable":true,"href":"https:\/\/www.europesays.com\/lv\/wp-json\/wp\/v2\/categories?post=80639"},{"taxonomy":"post_tag","embeddable":true,"href":"https:\/\/www.europesays.com\/lv\/wp-json\/wp\/v2\/tags?post=80639"}],"curies":[{"name":"wp","href":"https:\/\/api.w.org\/{rel}","templated":true}]}}