{"id":80651,"date":"2025-12-20T07:19:07","date_gmt":"2025-12-20T07:19:07","guid":{"rendered":"https:\/\/www.europesays.com\/lv\/80651\/"},"modified":"2025-12-20T07:19:07","modified_gmt":"2025-12-20T07:19:07","slug":"nasa-zaudejis-kontaktus-ar-petniecisko-kosmosa-kugi-maven-kas-ap-marsu-rinkojis-10-gadus","status":"publish","type":"post","link":"https:\/\/www.europesays.com\/lv\/80651\/","title":{"rendered":"NASA zaud\u0113jis kontaktus ar p\u0113tniecisko kosmosa ku\u0123i MAVEN, kas ap Marsu ri\u0146\u0137ojis 10 gadus"},"content":{"rendered":"<p>A\u0123ent\u016bra neapstiprin\u0101ja, vai kosmosa ku\u0123is ir p\u0101rg\u0101jis dro\u0161aj\u0101 re\u017e\u012bm\u0101, kur\u0101 anom\u0101la notikuma d\u0113\u013c zonde izsl\u0113dz visas neb\u016btisk\u0101s sist\u0113mas un p\u0101riet dro\u0161\u0101 st\u0101vokl\u012b, l\u012bdz var atjaunot sazi\u0146u ar kontrolieriem. K\u0101ds kosmosa nozares iek\u0161\u0113j\u0101s inform\u0101cijas sniedz\u0113js atkl\u0101ja, ka &#8220;dro\u0161ais re\u017e\u012bms main\u012bs orb\u012btu, jo tas ietver dzin\u0113ju iedarbin\u0101\u0161anu&#8221;, un turpin\u0101ja skaidrot, ka t\u0101 misijas laik\u0101 atg\u016b\u0161an\u0101s ietver manevra veik\u0161anu, &#8220;lai nov\u0113rstu boj\u0101jumus, ko dro\u0161\u0101 re\u017e\u012bma iesl\u0113g\u0161ana ir nodar\u012bjusi orb\u012btai&#8221;.<\/p>\n","protected":false},"excerpt":{"rendered":"A\u0123ent\u016bra neapstiprin\u0101ja, vai kosmosa ku\u0123is ir p\u0101rg\u0101jis dro\u0161aj\u0101 re\u017e\u012bm\u0101, kur\u0101 anom\u0101la notikuma d\u0113\u013c zonde izsl\u0113dz visas neb\u016btisk\u0101s sist\u0113mas&hellip;\n","protected":false},"author":2,"featured_media":80652,"comment_status":"","ping_status":"","sticky":false,"template":"","format":"standard","meta":{"footnotes":""},"categories":[14],"tags":[23,57,28,29,32,33,22,30,31,35,39,38,36,37,34,40,20,26,27,24,25,54,55,56,21,58],"class_list":{"0":"post-80651","1":"post","2":"type-post","3":"status-publish","4":"format-standard","5":"has-post-thumbnail","7":"category-zinas-no-arvalstim","8":"tag-aktualitates","9":"tag-arvalstim","10":"tag-breaking-news","11":"tag-breakingnews","12":"tag-featured-news","13":"tag-featurednews","14":"tag-headlines","15":"tag-latest-news","16":"tag-latestnews","17":"tag-latvia","18":"tag-latvian","19":"tag-latviesu","20":"tag-latviesu-valoda","21":"tag-latviesuvaloda","22":"tag-latvija","23":"tag-lv","24":"tag-news","25":"tag-popularakas-zinas","26":"tag-popularakaszinas","27":"tag-top-stories","28":"tag-topstories","29":"tag-world","30":"tag-world-news","31":"tag-worldnews","32":"tag-zinas","33":"tag-zinas-no-arvalstim"},"share_on_mastodon":{"url":"https:\/\/pubeurope.com\/@lv\/115750683585355541","error":""},"_links":{"self":[{"href":"https:\/\/www.europesays.com\/lv\/wp-json\/wp\/v2\/posts\/80651","targetHints":{"allow":["GET"]}}],"collection":[{"href":"https:\/\/www.europesays.com\/lv\/wp-json\/wp\/v2\/posts"}],"about":[{"href":"https:\/\/www.europesays.com\/lv\/wp-json\/wp\/v2\/types\/post"}],"author":[{"embeddable":true,"href":"https:\/\/www.europesays.com\/lv\/wp-json\/wp\/v2\/users\/2"}],"replies":[{"embeddable":true,"href":"https:\/\/www.europesays.com\/lv\/wp-json\/wp\/v2\/comments?post=80651"}],"version-history":[{"count":0,"href":"https:\/\/www.europesays.com\/lv\/wp-json\/wp\/v2\/posts\/80651\/revisions"}],"wp:featuredmedia":[{"embeddable":true,"href":"https:\/\/www.europesays.com\/lv\/wp-json\/wp\/v2\/media\/80652"}],"wp:attachment":[{"href":"https:\/\/www.europesays.com\/lv\/wp-json\/wp\/v2\/media?parent=80651"}],"wp:term":[{"taxonomy":"category","embeddable":true,"href":"https:\/\/www.europesays.com\/lv\/wp-json\/wp\/v2\/categories?post=80651"},{"taxonomy":"post_tag","embeddable":true,"href":"https:\/\/www.europesays.com\/lv\/wp-json\/wp\/v2\/tags?post=80651"}],"curies":[{"name":"wp","href":"https:\/\/api.w.org\/{rel}","templated":true}]}}