{"id":80707,"date":"2025-12-20T08:38:08","date_gmt":"2025-12-20T08:38:08","guid":{"rendered":"https:\/\/www.europesays.com\/lv\/80707\/"},"modified":"2025-12-20T08:38:08","modified_gmt":"2025-12-20T08:38:08","slug":"tramps-pielauj-karu-ar-venecuelu-rubio-sola-istenot-naftas-resursu-blokadi","status":"publish","type":"post","link":"https:\/\/www.europesays.com\/lv\/80707\/","title":{"rendered":"Tramps pie\u013cauj karu ar Venecu\u0113lu; Rubio sola \u012bstenot naftas resursu blok\u0101di"},"content":{"rendered":"<p>Intervij\u0101 telekan\u0101lam &#8220;NBC News&#8221; uz jaut\u0101jumu par karu ar Venecu\u0113lu Tramps atbild\u0113ja: &#8220;Es to neizsl\u0113dzu, n\u0113.&#8221;<\/p>\n<p>Tramps atteic\u0101s pateikt, vai vi\u0146\u0161 v\u0113las g\u0101zt prezidentu Nikolasu Maduro, par kuru k\u0101d\u0101 no iepriek\u0161\u0113j\u0101m intervij\u0101m bija teicis, ka vi\u0146a &#8220;dienas ir skait\u012btas&#8221;.<\/p>\n<p>&#8220;Vi\u0146\u0161 prec\u012bzi zina, ko es gribu,&#8221; atbild\u0113ja Tramps. &#8220;Vi\u0146\u0161 to zina lab\u0101k nek\u0101 jebkur\u0161 cits.&#8221;<\/p>\n<p>Rubio piektdien preses konferenc\u0113 Valsts departament\u0101 vair\u0101kk\u0101rt tika uzdoti jaut\u0101jumi par Venecu\u0113lu, ta\u010du vi\u0146\u0161 atteic\u0101s skaidri atbild\u0113t, vai ASV tiecas g\u0101zt Maduro, ta\u010du sol\u012bja turpin\u0101t spiedienu.<\/p>\n<p>&#8220;Ir skaidrs, ka pa\u0161reiz\u0113jais &#8220;status quo&#8221; ar Venecu\u0113las re\u017e\u012bmu Amerikas Savienotaj\u0101m Valst\u012bm nav pie\u0146emams,&#8221; sac\u012bja Rubio.<\/p>\n<p>&#8220;T\u0101p\u0113c, j\u0101, m\u016bsu m\u0113r\u0137is ir main\u012bt \u0161o dinamiku, un t\u0101p\u0113c prezidents dara to, ko vi\u0146\u0161 dara,&#8221; vi\u0146\u0161 teica.<\/p>\n<p>ASV m\u0113ne\u0161iem ilgi ir pastiprin\u0101jusi savu milit\u0101ro kl\u0101tb\u016btni Kar\u012bbu j\u016br\u0101, izskaidrojot to ar m\u0113r\u0137i apkarot narkotiku kontrabandu Lat\u012b\u0146amerik\u0101. <a href=\"https:\/\/www.tvnet.lv\/term\/555645\/venecuela\" class=\"topicLink\" target=\"_blank\" rel=\"nofollow noopener\">Venecu\u0113la<\/a> uzskata \u0161o oper\u0101ciju par spiediena kampa\u0146u valsts kreis\u0101 prezidenta Nikolasa Maduro g\u0101\u0161anai, kuru ASV un daudzas citas valstis neuzskata par le\u0123it\u012bmu prezidentu.<\/p>\n","protected":false},"excerpt":{"rendered":"Intervij\u0101 telekan\u0101lam &#8220;NBC News&#8221; uz jaut\u0101jumu par karu ar Venecu\u0113lu Tramps atbild\u0113ja: &#8220;Es to neizsl\u0113dzu, n\u0113.&#8221; Tramps atteic\u0101s&hellip;\n","protected":false},"author":2,"featured_media":80708,"comment_status":"","ping_status":"","sticky":false,"template":"","format":"standard","meta":{"footnotes":""},"categories":[14],"tags":[23,57,28,29,32,33,22,30,31,35,39,38,36,37,34,40,2093,20,20265,26,27,24,25,358,54,55,56,21,58],"class_list":{"0":"post-80707","1":"post","2":"type-post","3":"status-publish","4":"format-standard","5":"has-post-thumbnail","7":"category-zinas-no-arvalstim","8":"tag-aktualitates","9":"tag-arvalstim","10":"tag-breaking-news","11":"tag-breakingnews","12":"tag-featured-news","13":"tag-featurednews","14":"tag-headlines","15":"tag-latest-news","16":"tag-latestnews","17":"tag-latvia","18":"tag-latvian","19":"tag-latviesu","20":"tag-latviesu-valoda","21":"tag-latviesuvaloda","22":"tag-latvija","23":"tag-lv","24":"tag-marko-rubio","25":"tag-news","26":"tag-nikolas-maduro","27":"tag-popularakas-zinas","28":"tag-popularakaszinas","29":"tag-top-stories","30":"tag-topstories","31":"tag-venecuela","32":"tag-world","33":"tag-world-news","34":"tag-worldnews","35":"tag-zinas","36":"tag-zinas-no-arvalstim"},"share_on_mastodon":{"url":"https:\/\/pubeurope.com\/@lv\/115750994095074752","error":""},"_links":{"self":[{"href":"https:\/\/www.europesays.com\/lv\/wp-json\/wp\/v2\/posts\/80707","targetHints":{"allow":["GET"]}}],"collection":[{"href":"https:\/\/www.europesays.com\/lv\/wp-json\/wp\/v2\/posts"}],"about":[{"href":"https:\/\/www.europesays.com\/lv\/wp-json\/wp\/v2\/types\/post"}],"author":[{"embeddable":true,"href":"https:\/\/www.europesays.com\/lv\/wp-json\/wp\/v2\/users\/2"}],"replies":[{"embeddable":true,"href":"https:\/\/www.europesays.com\/lv\/wp-json\/wp\/v2\/comments?post=80707"}],"version-history":[{"count":0,"href":"https:\/\/www.europesays.com\/lv\/wp-json\/wp\/v2\/posts\/80707\/revisions"}],"wp:featuredmedia":[{"embeddable":true,"href":"https:\/\/www.europesays.com\/lv\/wp-json\/wp\/v2\/media\/80708"}],"wp:attachment":[{"href":"https:\/\/www.europesays.com\/lv\/wp-json\/wp\/v2\/media?parent=80707"}],"wp:term":[{"taxonomy":"category","embeddable":true,"href":"https:\/\/www.europesays.com\/lv\/wp-json\/wp\/v2\/categories?post=80707"},{"taxonomy":"post_tag","embeddable":true,"href":"https:\/\/www.europesays.com\/lv\/wp-json\/wp\/v2\/tags?post=80707"}],"curies":[{"name":"wp","href":"https:\/\/api.w.org\/{rel}","templated":true}]}}