{"id":80739,"date":"2025-12-20T09:02:08","date_gmt":"2025-12-20T09:02:08","guid":{"rendered":"https:\/\/www.europesays.com\/lv\/80739\/"},"modified":"2025-12-20T09:02:08","modified_gmt":"2025-12-20T09:02:08","slug":"masks-uzvar-juridiska-strida-par-miljardiem-dolaru-lielo-algu","status":"publish","type":"post","link":"https:\/\/www.europesays.com\/lv\/80739\/","title":{"rendered":"Masks uzvar juridisk\u0101 str\u012bd\u0101 par miljardiem dol\u0101ru lielo algu"},"content":{"rendered":"<p>Delav\u0113ras Augst\u0101k\u0101s tiesas l\u0113mums atce\u013c Delav\u0113ras Goda tiesas tiesneses Katal\u012bnas Makormikas spriedumus un dod iesp\u0113ju pasaules bag\u0101t\u0101kajam cilv\u0113kam sa\u0146emt \u0161o iev\u0113rojamo naudas summu.<\/p>\n<p>Makormika 2024. gad\u0101 ar diviem spriedumiem atzina par sp\u0113k\u0101 neeso\u0161u &#8220;Tesla&#8221; 2018. gad\u0101 Maskam pie\u0161\u0137irto atalgojumu, kas toreiz bija v\u0113sturiski liels, bet tagad to ir aiz\u0113nojis &#8220;Tesla&#8221; pag\u0101ju\u0161aj\u0101 m\u0113nes\u012b pie\u0161\u0137irts atalgojums.<\/p>\n<p>Apel\u0101cijas tiesa piecu tiesne\u0161u sast\u0101v\u0101 konstat\u0113ja, ka Makormika pie\u0146\u0113musi aplamus spriedumus.<\/p>\n<p>&#8220;Nav apstr\u012bdams, ka Masks piln\u012bgi izpild\u012bja to, par ko 2018. gad\u0101 vi\u0146am tika pie\u0161\u0137irts atalgojums, un &#8220;Tesla&#8221; ar saviem akcion\u0101riem tika atalgoti par vi\u0146a darbu,&#8221; teikts Delav\u0113ras Augst\u0101k\u0101s tiesas l\u0113mum\u0101, atce\u013cot Makormikas spriedumus.<\/p>\n<p>Lai gan 2018. gad\u0101 Maskam pie\u0161\u0137irto atalgojumu akcept\u0113ja &#8220;Tesla&#8221; akcion\u0101ru vair\u0101kums, lieta non\u0101ca ties\u0101, kad &#8220;Tesla&#8221; akcion\u0101rs Ri\u010dards Torneta apstr\u012bd\u0113ja \u0161o atalgojumu k\u0101 p\u0101rm\u0113r\u012bgu.<\/p>\n<p>Kam\u0113r turpin\u0101j\u0101s \u0161\u012b tiesved\u012bba, &#8220;Tesla&#8221; akcion\u0101ri 6. novembr\u012b pie\u0146\u0113ma pl\u0101nu, kas paredz pie\u0161\u0137irt uz\u0146\u0113muma vad\u012bt\u0101jam Maskam atalgojumu l\u012bdz vienam triljonam ASV dol\u0101ru, ja uz\u0146\u0113mums sasniegs vair\u0101kus ambiciozus m\u0113r\u0137us.<\/p>\n","protected":false},"excerpt":{"rendered":"Delav\u0113ras Augst\u0101k\u0101s tiesas l\u0113mums atce\u013c Delav\u0113ras Goda tiesas tiesneses Katal\u012bnas Makormikas spriedumus un dod iesp\u0113ju pasaules bag\u0101t\u0101kajam cilv\u0113kam&hellip;\n","protected":false},"author":2,"featured_media":80740,"comment_status":"","ping_status":"","sticky":false,"template":"","format":"standard","meta":{"footnotes":""},"categories":[14],"tags":[23,57,28,29,32,33,22,79,30,31,35,39,38,36,37,34,40,20,26,27,81,24,25,54,55,56,21,58],"class_list":{"0":"post-80739","1":"post","2":"type-post","3":"status-publish","4":"format-standard","5":"has-post-thumbnail","7":"category-zinas-no-arvalstim","8":"tag-aktualitates","9":"tag-arvalstim","10":"tag-breaking-news","11":"tag-breakingnews","12":"tag-featured-news","13":"tag-featurednews","14":"tag-headlines","15":"tag-ilons-masks","16":"tag-latest-news","17":"tag-latestnews","18":"tag-latvia","19":"tag-latvian","20":"tag-latviesu","21":"tag-latviesu-valoda","22":"tag-latviesuvaloda","23":"tag-latvija","24":"tag-lv","25":"tag-news","26":"tag-popularakas-zinas","27":"tag-popularakaszinas","28":"tag-tesla","29":"tag-top-stories","30":"tag-topstories","31":"tag-world","32":"tag-world-news","33":"tag-worldnews","34":"tag-zinas","35":"tag-zinas-no-arvalstim"},"share_on_mastodon":{"url":"https:\/\/pubeurope.com\/@lv\/115751088495026242","error":""},"_links":{"self":[{"href":"https:\/\/www.europesays.com\/lv\/wp-json\/wp\/v2\/posts\/80739","targetHints":{"allow":["GET"]}}],"collection":[{"href":"https:\/\/www.europesays.com\/lv\/wp-json\/wp\/v2\/posts"}],"about":[{"href":"https:\/\/www.europesays.com\/lv\/wp-json\/wp\/v2\/types\/post"}],"author":[{"embeddable":true,"href":"https:\/\/www.europesays.com\/lv\/wp-json\/wp\/v2\/users\/2"}],"replies":[{"embeddable":true,"href":"https:\/\/www.europesays.com\/lv\/wp-json\/wp\/v2\/comments?post=80739"}],"version-history":[{"count":0,"href":"https:\/\/www.europesays.com\/lv\/wp-json\/wp\/v2\/posts\/80739\/revisions"}],"wp:featuredmedia":[{"embeddable":true,"href":"https:\/\/www.europesays.com\/lv\/wp-json\/wp\/v2\/media\/80740"}],"wp:attachment":[{"href":"https:\/\/www.europesays.com\/lv\/wp-json\/wp\/v2\/media?parent=80739"}],"wp:term":[{"taxonomy":"category","embeddable":true,"href":"https:\/\/www.europesays.com\/lv\/wp-json\/wp\/v2\/categories?post=80739"},{"taxonomy":"post_tag","embeddable":true,"href":"https:\/\/www.europesays.com\/lv\/wp-json\/wp\/v2\/tags?post=80739"}],"curies":[{"name":"wp","href":"https:\/\/api.w.org\/{rel}","templated":true}]}}