{"id":80815,"date":"2025-12-20T10:20:11","date_gmt":"2025-12-20T10:20:11","guid":{"rendered":"https:\/\/www.europesays.com\/lv\/80815\/"},"modified":"2025-12-20T10:20:11","modified_gmt":"2025-12-20T10:20:11","slug":"vienosanas-par-ukrainas-finansejumu-un-kavetais-mercosur-tirdzniecibas-ligums-lente-lv","status":"publish","type":"post","link":"https:\/\/www.europesays.com\/lv\/80815\/","title":{"rendered":"Vieno\u0161an\u0101s par Ukrainas finans\u0113jumu un kav\u0113tais Mercosur tirdzniec\u012bbas l\u012bgums\u00a0\u2014\u00a0Lente.lv"},"content":{"rendered":"<p>Smag\u0101 nakts Brisel\u0113: Ukraina sa\u0146em atbalstu, bet tirdzniec\u012bbas l\u012bgums atlikts<\/p>\n<p>P\u0113c 16 stundu ilg\u0101m sarun\u0101m Brisel\u0113 ir nosl\u0113dzies Eiropas Savien\u012bbas (ES) samits, kura rezult\u0101ti bija gan noz\u012bm\u012bgi pan\u0101kumi, gan negaid\u012bti pav\u0113rsieni. K\u0101 inform\u0113 telekan\u0101ls EuroNews, galvenie secin\u0101jumi ir divi: pan\u0101kta vieno\u0161an\u0101s par 90 miljardu eiro atbalsta fondu Ukrainai, izmantojot kop\u012bgas saist\u012bbas, nevis Krievijas l\u012bdzek\u013cus, un notikusi ES un Mercosur tirdzniec\u012bbas nol\u012bguma parakst\u012b\u0161anas atlik\u0161ana. Par nakts notikumu gaitu, k\u0101 ar\u012b par uzvar\u0113t\u0101jiem un zaud\u0113t\u0101jiem, studij\u0101 pievienojas ES zi\u0146u redaktore Marija Tadejo.<\/p>\n<p>Zelenskis Brisel\u0113: Br\u012bdina par draudiem, kas p\u0101rsniedz juridiskas \u0137ildas<\/p>\n<p>Ukrainas prezidents Volodimirs Zelenskis person\u012bgi bija ieradies Brisel\u0113, lai piedal\u012btos samit\u0101. Vi\u0146\u0161 br\u012bdin\u0101ja ES l\u012bderus, ka past\u0101v daudz nopietn\u0101ki draudi nek\u0101 tiesved\u012bbas. Zelenskis ar\u012b pavad\u012bja vair\u0101kas stundas intens\u012bv\u0101s sarun\u0101s ar Be\u013c\u0123ijas premjerministru Bartu de V\u0113veru. Lai g\u016btu prec\u012bz\u0101ku ieskatu par prezidenta Zelenska reakciju uz samita izn\u0101kumu, savus koment\u0101rus sniedz m\u016bsu Ukrainas korespondente Sa\u0161a Vaku\u013cina.<\/p>\n<p>It\u0101lija pan\u0101k uzvaru: Mercosur l\u012bgums tiek atlikts<\/p>\n<p>V\u0113l viena b\u016btiska dienas k\u0101rt\u012bbas t\u0113ma \u0161aj\u0101 ilgaj\u0101 ES samit\u0101 bija It\u0101lijas premjerministres D\u017eord\u017eas Meloni pras\u012bba atlikt ES un Mercosur tirdzniec\u012bbas nol\u012bguma parakst\u012b\u0161anu, un vi\u0146ai tas izdev\u0101s. \u0160o l\u0113mumu var uzskat\u012bt par iev\u0113rojamu uzvaru lauksaimniekiem, kuri visas dienas garum\u0101 protest\u0113ja ap Brisel\u0113 eso\u0161aj\u0101m instit\u016bcij\u0101m. Lai uzzin\u0101tu vair\u0101k par lauksaimnieku noska\u0146ojumu, &#8220;Europe Today&#8221; reportiere Aida San\u010desa dev\u0101s pie vi\u0146iem, lai aprun\u0101tos. Savuk\u0101rt ES Padom\u0113 situ\u0101ciju koment\u0113 EuroNews korespondente \u0160ona Marija, zi\u0146ojot par to, kas izskat\u0101s p\u0113c iev\u0113rojama zaud\u0113juma Briselei: Mercosur l\u012bguma atlik\u0161anas.<\/p>\n<p>Par &#8220;Europe Today&#8221;: Jauns r\u012bta form\u0101ts ES zi\u0146\u0101m<\/p>\n<p>Jaunais r\u012bta raid\u012bjums &#8220;Europe Today&#8221; pied\u0101v\u0101 iesp\u0113ju \u0101tri orient\u0113ties dienas svar\u012bg\u0101kajos notikumos. Raid\u012bjums skat\u0101ms katru r\u012btu pulksten 8:00 p\u0113c Centr\u0101leiropas laika (CET). Skat\u012bt\u0101ji var\u0113s sekot l\u012bdzi galvenajiem notikumiem, ko atspogu\u013cos EuroNews galvenais vad\u012bt\u0101js M\u0113bs Makmahons un ES redaktore Marija Tadejo. \u0160is tie\u0161raid\u0113 no Brise\u013ca veidotais form\u0101ts sola sniegt dienas galvenos notikumus, k\u0101 ar\u012b nepiecie\u0161amo anal\u012bzi par vis\u0101m t\u0113m\u0101m, kas veido Eiropas Savien\u012bbu un t\u0101s apk\u0101rtni. Programma aiz\u0146em tikai 15 min\u016btes, lai j\u016bs b\u016btu inform\u0113ti par dienas aktualit\u0101t\u0113m.<\/p>\n","protected":false},"excerpt":{"rendered":"Smag\u0101 nakts Brisel\u0113: Ukraina sa\u0146em atbalstu, bet tirdzniec\u012bbas l\u012bgums atlikts P\u0113c 16 stundu ilg\u0101m sarun\u0101m Brisel\u0113 ir nosl\u0113dzies&hellip;\n","protected":false},"author":2,"featured_media":80816,"comment_status":"","ping_status":"","sticky":false,"template":"","format":"standard","meta":{"footnotes":""},"categories":[14],"tags":[23,57,28,29,20290,19141,32,33,22,30,31,35,39,38,36,37,34,40,19702,20,26,27,24,25,20289,54,55,56,1075,21,58],"class_list":{"0":"post-80815","1":"post","2":"type-post","3":"status-publish","4":"format-standard","5":"has-post-thumbnail","7":"category-zinas-no-arvalstim","8":"tag-aktualitates","9":"tag-arvalstim","10":"tag-breaking-news","11":"tag-breakingnews","12":"tag-briseles-sarunas","13":"tag-es-samits","14":"tag-featured-news","15":"tag-featurednews","16":"tag-headlines","17":"tag-latest-news","18":"tag-latestnews","19":"tag-latvia","20":"tag-latvian","21":"tag-latviesu","22":"tag-latviesu-valoda","23":"tag-latviesuvaloda","24":"tag-latvija","25":"tag-lv","26":"tag-mercosur-ligums","27":"tag-news","28":"tag-popularakas-zinas","29":"tag-popularakaszinas","30":"tag-top-stories","31":"tag-topstories","32":"tag-ukraina-finansejums","33":"tag-world","34":"tag-world-news","35":"tag-worldnews","36":"tag-zelenskis","37":"tag-zinas","38":"tag-zinas-no-arvalstim"},"share_on_mastodon":{"url":"https:\/\/pubeurope.com\/@lv\/115751395228823317","error":""},"_links":{"self":[{"href":"https:\/\/www.europesays.com\/lv\/wp-json\/wp\/v2\/posts\/80815","targetHints":{"allow":["GET"]}}],"collection":[{"href":"https:\/\/www.europesays.com\/lv\/wp-json\/wp\/v2\/posts"}],"about":[{"href":"https:\/\/www.europesays.com\/lv\/wp-json\/wp\/v2\/types\/post"}],"author":[{"embeddable":true,"href":"https:\/\/www.europesays.com\/lv\/wp-json\/wp\/v2\/users\/2"}],"replies":[{"embeddable":true,"href":"https:\/\/www.europesays.com\/lv\/wp-json\/wp\/v2\/comments?post=80815"}],"version-history":[{"count":0,"href":"https:\/\/www.europesays.com\/lv\/wp-json\/wp\/v2\/posts\/80815\/revisions"}],"wp:featuredmedia":[{"embeddable":true,"href":"https:\/\/www.europesays.com\/lv\/wp-json\/wp\/v2\/media\/80816"}],"wp:attachment":[{"href":"https:\/\/www.europesays.com\/lv\/wp-json\/wp\/v2\/media?parent=80815"}],"wp:term":[{"taxonomy":"category","embeddable":true,"href":"https:\/\/www.europesays.com\/lv\/wp-json\/wp\/v2\/categories?post=80815"},{"taxonomy":"post_tag","embeddable":true,"href":"https:\/\/www.europesays.com\/lv\/wp-json\/wp\/v2\/tags?post=80815"}],"curies":[{"name":"wp","href":"https:\/\/api.w.org\/{rel}","templated":true}]}}