{"id":80821,"date":"2025-12-20T10:27:12","date_gmt":"2025-12-20T10:27:12","guid":{"rendered":"https:\/\/www.europesays.com\/lv\/80821\/"},"modified":"2025-12-20T10:27:12","modified_gmt":"2025-12-20T10:27:12","slug":"ka-21-gadu-vecais-rujienietis-kristaps-septejas-pats-sava-ziedu-veikala-un-cep-lauku-tortes-raksts","status":"publish","type":"post","link":"https:\/\/www.europesays.com\/lv\/80821\/","title":{"rendered":"K\u0101 21 gadu vecais r\u016bjienietis Kristaps \u0161ept\u0113jas pats sav\u0101 ziedu veikal\u0101 un cep lauku tortes \/ Raksts"},"content":{"rendered":"<p>R\u016bjienietis Kristaps Mellups pr\u0101to, ka laikam gan vis\u0101 Latvij\u0101 nezina nevienu sava vecuma jaunieti, kura ikdienas darbs ar\u012b b\u016btu gan floristika, gan k\u016bku cep\u0161ana. Vi\u0146am t\u0101 ir san\u0101cis. Pirm\u0101 lauku torte tika uzcepta jau 14 gadu vecum\u0101, iedvesmojoties no tolaik aktu\u0101lajiem telev\u012bzijas \u0161oviem. Tas bija drosm\u012bgs solis, jo \u0123imenes trij\u0101s paaudz\u0113s neviens neko t\u0101du nedar\u012bja. Bet p\u0113c vidusskolas, beidzis floristu kursus, ar radu un draugu atbalstu Kristaps \u0161ovasar tika pie sava ziedu veikala. 21 gada vecum\u0101!<\/p>\n<p>                Orhideja nokrita<\/p>\n<p style=\"margin-left:0cm; margin-right:0cm\">&#8220;Pieliksim k\u0101du za\u013cumi\u0146u kl\u0101t\u012b,\u00a0un vi\u0146\u0161 smuki izskat\u0101s&#8230;Vakar v\u0113l tie \u010diekuri bija gal\u012bgi ciet\u012b, ieliku kr\u0101sn\u012b, un vi\u0146i smuki atn\u0101ca va\u013c\u0101\u2026&#8221; Es vienk\u0101r\u0161i k\u016bstu, dzirdot iedzirkst\u0101mies m\u016bsu varo\u0146u valod\u0101 pa k\u0101dai gar\u0161\u012bgai un nesafriz\u0113tai viet\u0113j\u0101s izloksnes kr\u0101sai. Kristapa valoda ir tikpat dz\u012bva un spridzekl\u012bga k\u0101 vi\u0146\u0161 pats, jo m\u016bsu operatoram ir krietni j\u0101nop\u016blas un da\u017eas reizes pat j\u0101piebremz\u0113 m\u016bsu varo\u0146a darbo\u0161an\u0101s, lai k\u0101du b\u016btisku procesa niansi nepalaistu gar\u0101m.<\/p>\n<p style=\"margin-left:0cm; margin-right:0cm\">Ir tik aizraujo\u0161i v\u0113rot, k\u0101 ideja par topo\u0161o kompoz\u012bciju rodas Kristapa galv\u0101 un jau p\u0113c br\u012b\u017ea tiek vi\u0146a roku \u012bstenota\u00a0\u2013 vi\u0146\u0161 mirkli aizdom\u0101jas, p\u0101rlai\u017e acis nelielajam ziedu salonam un vienk\u0101r\u0161i dodas paka\u013c nepiecie\u0161amaj\u0101m sast\u0101vda\u013c\u0101m:\u00a0viens amari\u013c\u013ca k\u0101ts, tr\u012bs baltas, tr\u012bs roz\u0101 un v\u0113l tr\u012bs sarkanas rozes, p\u0101ris sarkan\u0101s un balt\u0101s kr\u016bmroz\u012btes, za\u013cumi, uz stiepl\u0113m uzsprausti \u010diekuri un p\u0101ris eikaliptu zari\u0146u.<\/p>\n<p style=\"margin-left:0cm; margin-right:0cm\">Telpa nav liela, un, lai iem\u016b\u017ein\u0101tu skaistuma dzim\u0161anu no visiem iesp\u0113jamiem rakursiem, operators Rudzis veic cirka ekvilibrista cien\u012bgus manevrus, bet p\u0113k\u0161\u0146i salona ros\u012bgaj\u0101 klusum\u0101 visi izdzirdam nodev\u012bgu kritiena troksni.<\/p>\n<blockquote>\n<p style=\"margin-left:0cm; margin-right:0cm\">Sastingstam, bet tad, it k\u0101 nekas neb\u016btu bijis, seko Kristapa koment\u0101rs: &#8220;Orhideja nokrita. Tas nekas.&#8221;<\/p>\n<\/blockquote>\n<p style=\"margin-left:0cm; margin-right:0cm\">Kad ziedu kompoz\u012bcija meistara rok\u0101s jau ieguvusi saprotamas aprises, vi\u0146\u0161 dodas uz pal\u012bgtelpu, lai veikumu apl\u016bkotu spogul\u012b, jo tikai t\u0101 varot saprast pareiz\u0101s proporcijas un\u00a0iz\u0137ert mazas neveikl\u012bbas, kad k\u0101ds za\u013cumu k\u0101ts sp\u012bt\u012bgi tiecas p\u0101rk\u0101pt florista iedom\u0101t\u0101s pu\u0161\u0137a robe\u017eas. &#8220;T\u0101 ir kaut k\u0101da saj\u016bta par to, kas man ir j\u0101taisa. Ir dienas, kad gribas tais\u012bt tikai kaut ko sarkanu un spilgtu, reiz\u0113m pras\u0101s kas balts un viegls,&#8221; pieredz\u0113 dal\u0101s Kristaps, &#8220;lai vai k\u0101, es uzskatu \u2013 lai kaut ko var\u0113tu dot t\u0101l\u0101k, tev pa\u0161am tam ir j\u0101pat\u012bk. Man ir j\u0101b\u016bt saj\u016btai, ka es pats grib\u0113tu, lai man ko t\u0101du uzd\u0101vina. Tad viss b\u016bs labi.&#8221;<\/p>\n<p style=\"margin-left:0cm; margin-right:0cm\">\n<p>            <img decoding=\"async\" src=\"https:\/\/www.europesays.com\/lv\/wp-content\/uploads\/2025\/12\/sadm.jpg\" alt=\"Dz\u012bva ros\u012bba ziedu salon\u0101\"\/><\/p>\n<p>Dz\u012bva ros\u012bba ziedu salon\u0101<\/p>\n<p>Foto: Dace Kokle<\/p>\n<\/p>\n<p>For\u0161i, ka\u00a0sav\u0113jie atbalsta<\/p>\n<p style=\"margin-left:0cm; margin-right:0cm\">Kristapam pat\u012bk visu dar\u012bt uzreiz, mirkl\u012b, kad cilv\u0113ks ien\u0101k, pas\u016bta kompoz\u012bciju un piekr\u012bt br\u012bti\u0146u uzkav\u0113ties pils\u0113t\u0101, iekams tiks izveidots \u012bpa\u0161i vi\u0146am veidots pas\u016bt\u012bjums. Un k\u0101 apstiprin\u0101jums vi\u0146a v\u0101rdiem salon\u0101 ien\u0101k kundze, kura v\u0113las nevis kaut ko no jau eso\u0161\u0101 pied\u0101v\u0101juma, bet tie\u0161i vi\u0146ai veidotu ziedu k\u0101rtojumu\u00a0un labpr\u0101t ir ar mieru apiet ri\u0146\u0137\u012bti pa R\u016bjienas centru.<\/p>\n<blockquote>\n<p style=\"margin-left:0cm; margin-right:0cm\">Norun\u0101taj\u0101 laik\u0101 d\u0101ma jau dz\u012bvesbiedra pavad\u012bb\u0101 ir atpaka\u013c un gandar\u012bjum\u0101 par Kristapa veikumu v\u0113l papildus pas\u016bta ar\u012b ziedu k\u0101rtojumu k\u0101dai jubilejas reizei da\u017eas ned\u0113\u013cas v\u0113l\u0101k.<\/p>\n<\/blockquote>\n<p style=\"margin-left:0cm; margin-right:0cm\">Vaic\u0101jam, vai nav gr\u016bti str\u0101d\u0101t viet\u0101, kur piln\u012bgi visi tevi paz\u012bst no b\u0113rnu dien\u0101m. &#8220;Neteiktu, ka ir gr\u016bti, jo visi cilv\u0113ki zina, kas es esmu,&#8221; aizdom\u0101jas Kristaps, &#8220;piem\u0113ram, lai atv\u0113rtu \u0161\u0101du ziedu veikalu&#8230; es nezinu, k\u0101 te ietu k\u0101dam piln\u012bgi sve\u0161am. Ja k\u0101ds no Valmieras izdom\u0101tu atv\u0113rt R\u016bjien\u0101 veikalu, cik vi\u0146am var\u0113tu b\u016bt liels piepras\u012bjums. T\u0101p\u0113c man bija t\u0101 saj\u016bta, ka es gribu b\u016bt un darboties R\u016bjien\u0101, jo te visi mani zina gan ar man\u0101m k\u016bk\u0101m, gan tagad ar\u012b ar ziediem. T\u0101 ir t\u0101da for\u0161a saj\u016bta, ka\u00a0sav\u0113jie atbalsta.&#8221;<\/p>\n<p style=\"margin-left:0cm; margin-right:0cm\">Kad paral\u0113li grezna ziedu pu\u0161\u0137a veido\u0161anai ir atbild\u0113ts uz p\u0101ris t\u0101lru\u0146a zvaniem, pie\u0146emti da\u017ei pas\u016bt\u012bjumi, izrun\u0101ti vair\u0101ki s\u0113ru kompoz\u012bciju noform\u0113jumi, Kristaps, ne mirkli nevilcinoties, \u013caujas m\u016bsu acumirkl\u012bgo pied\u0101v\u0101jumu izaicin\u0101jumam. Tas nekas, ka vi\u0146\u0161 visu pag\u0101ju\u0161o ned\u0113\u013cu pa vair\u0101k\u0101m stund\u0101m dien\u0101 no vietas pinis Adventes\u00a0vainagus un tie tikai tagad nu visi beidzot ir prom pa sav\u0101m jaunaj\u0101m m\u0101j\u0101m. Ja mums sv\u0113tku saj\u016btas stiprin\u0101\u0161anai kadr\u0101 \u013coti grib\u0113tos uzburt v\u0113l k\u0101du skaistu rot\u0101jumu, bet beigu\u0161\u0101s sast\u0101vda\u013cas, tas ir nieks \u2013 var ta\u010du no\u0146emt pa k\u0101dai kr\u0101\u0161\u0146ai bumbai no veikala \u0101ra dekor\u0113juma, nogriezt tai aug\u0161u un iest\u0101d\u012bt taj\u0101, piem\u0113ram&#8230; sukulentu. Hm, kaut k\u0101\u00a0tr\u016bkst&#8230; var improviz\u0113t un izveidot Adventes\u00a0vainagu ar vienu \u012bstu un trim<br \/>&#8220;dz\u012bv\u0101m&#8221; svec\u0113m, izl\u0113m\u012bgi turpinot paretin\u0101t bod\u012btes dekor\u0113jumu un v\u0113l div\u0101s sarkan\u0101s bumb\u0101s iest\u0101dot pa baltai un s\u0101rtai hiacintei. Jau lab\u0101k, bet nu atkal \u0161\u0137iet p\u0101rlieku romantiski un skaisti. Rok\u0101 ir! Kristaps aiztraucas uz noliktavas telpu un ierodas ar lill\u0101 k\u0101posta krokoto pu\u0161\u0137i un p\u0101ris kalt\u0113t\u0101m tum\u0161sarkan\u0101m roz\u0113m. V\u0113l mazliet bronz\u012bgu lent\u012b\u0161u un p\u0101ris m\u0101ksl\u012bg\u0101 sniedzi\u0146a br\u0101zmu, un mans ide\u0101lais Adventes\u00a0vainags ir tapis!<\/p>\n<p style=\"margin-left:0cm; margin-right:0cm\">\n<p>            <img decoding=\"async\" src=\"https:\/\/www.europesays.com\/lv\/wp-content\/uploads\/2025\/12\/sadk.jpg\" alt=\"Kristapa jaunais Adventa vainags\"\/><\/p>\n<p>Kristapa jaunais Adventa vainags<\/p>\n<p>Foto: Dace Kokle<\/p>\n<\/p>\n<p>Smalk\u0101 lauku torte<\/p>\n<p style=\"margin-left:0cm; margin-right:0cm\">Kristapa darbadienas m\u0113dz b\u016bt garas, no agra r\u012bta l\u012bdz vakaram darbojoties pa savu salonu ar ziedu kompoz\u012bcij\u0101m, pu\u0161\u0137iem un vai\u0146agiem, bet vakar\u0101 \u2013 uzburot da\u017e\u0101das tortes sav\u0101 malkas virtuv\u0113. \u0160oreiz Kristaps ir izdom\u0101jis aizvest m\u016bs pie saviem draugiem, kuri ir d\u0101v\u0101ju\u0161i otro un br\u012bni\u0161\u0137\u012bg\u0101ko dz\u012bvi senai \u0113kai pa\u0161\u0101 R\u016bjienas centr\u0101, m\u0101jas kafejn\u012bcu dien\u0101s start\u0113jot ar skan\u012bgo kinematogr\u0101fisko nosaukumu &#8220;Epizode Nr.1&#8221;. Tad nu dodamies izmantot katra pav\u0101ra sapnim atbilsto\u0161\u0101s virtuves smalkumus, lai taptu Kristapa meistarsti\u0137is \u2013 k\u0101rt\u012bga lauku torte. Un atkal tiek lauzts ne viens vien daudzos gados man izveidojies priek\u0161stats par lauku torti \u2013 pild\u012bjumam neb\u016bs nek\u0101da pagrab\u0101 nost\u0101v\u0113jusi zapte, bet svaigi v\u0101r\u012bts iev\u0101r\u012bjums no sald\u0113tiem \u0161\u012bs vasaras rabarberiem. Savuk\u0101rt klasiskaj\u0101m kr\u0113ma roz\u012bt\u0113m un lielogu mellen\u0113m dekor\u0113jum\u0101 k\u0101 p\u0113d\u0113jais \u0161trihs r\u016bp\u012bgi izstr\u0101d\u0101t\u0101 m\u0101kslas darb\u0101 pievienojas zelt\u012btu lapi\u0146u spozme.<\/p>\n<p style=\"margin-left:0cm; margin-right:0cm\">T\u0101 k\u0101 m\u016bsu \u017eurn\u0101lists Be\u0137eris atbilsto\u0161i savam uzv\u0101rdam ir \u0161aur\u0101s aprind\u0101s labi zin\u0101ms fein\u0161mekers un ar\u012bdzan lauku tor\u0161u cep\u0113js, tad saruna man\u0101mi aizvirz\u0101s t\u012bri profesion\u0101l\u0101 gultn\u0113:<\/p>\n<p style=\"margin-left:0cm; margin-right:0cm\">\u2013 P\u0113c cik neveiksm\u012bg\u0101m reiz\u0113m izn\u0101ca pirmais v\u0101r\u012btais kr\u0113ms?<\/p>\n<p style=\"margin-left:0cm; margin-right:0cm\">\u2013 Ar pirmo reizi!<\/p>\n<p style=\"margin-left:0cm; margin-right:0cm\">\u2013 Un kas iem\u0101c\u012bja nepiededzin\u0101t to kr\u0113mu?<\/p>\n<p style=\"margin-left:0cm; margin-right:0cm\">\u2013 Katls iem\u0101c\u012bja. Vienk\u0101r\u0161i j\u0101pie\u0161aujas.<\/p>\n<p style=\"margin-left:0cm; margin-right:0cm\">Apbr\u012bnojama un visnota\u013c cien\u012bjama pa\u0161apzi\u0146a\u00a0iepriek\u0161paredzamo un sal\u012bdzino\u0161i vienmu\u013co k\u016bkas pamatlietu\u00a0\u2013 kul\u0161anas, mais\u012b\u0161anas, v\u0101r\u012b\u0161anas, dzes\u0113\u0161anas \u2013 procesu p\u0101rv\u0113rta aspr\u0101t\u012bg\u0101 uzskatu un viedok\u013cu pingpong\u0101, kas vainagoj\u0101s ar daudzu skat\u012bt\u0101ju paman\u012bto kro\u0146a atbildi uz Be\u0137era kunga nosl\u0113dzo\u0161o jaut\u0101jumu:<\/p>\n<p style=\"margin-left:0cm; margin-right:0cm\">\u2013 Vai tortes izskats nav par smalku\u00a0t\u0101dai\u00a0lauku tortei?\u00a0<\/p>\n<p style=\"margin-left:0cm; margin-right:0cm\">\u2013 Pats tu neesi par smalku?<\/p>\n<p style=\"margin-left:0cm; margin-right:0cm\">Piece\u013camies un aplaud\u0113jam!<\/p>\n<p style=\"margin-left:0cm; margin-right:0cm\">\n<p>            <img decoding=\"async\" src=\"https:\/\/www.europesays.com\/lv\/wp-content\/uploads\/2025\/12\/sadl.jpg\" alt=\"Top Kristapa slaven\u0101 lauku torte\"\/><\/p>\n<p>Top Kristapa slaven\u0101 lauku torte<\/p>\n<p>Foto: Dace Kokle<\/p>\n<\/p>\n<p style=\"margin-left:0cm; margin-right:0cm\">Jaut\u0101ts par veiksmes recepti, Kristaps atbild pavisam vienk\u0101r\u0161i \u2013<\/p>\n<blockquote>\n<p style=\"margin-left:0cm; margin-right:0cm\">100\u00a0% ir j\u0101seko saviem sap\u0146iem! Un galvenais ir nevis gari dom\u0101t, bet vienk\u0101r\u0161i iet un dar\u012bt, tad viss notiks.<\/p>\n<\/blockquote>\n<p style=\"margin-left:0cm; margin-right:0cm\">T\u0101pat k\u0101, kam\u0113r rakstu \u0161o mazo las\u0101mgabalu, man\u0101s m\u0101j\u0101s pa\u0161\u0101 Ziemassv\u0113tku pievakar\u0113 notiek pavasaris, jo Kristapa rad\u012btais Adventes\u00a0vainags ir uzzied\u0113jis un pel\u0113kaj\u0101 ziemrudens tums\u0101 ienesis pavasara priek\u0161nojautu.\u00a0<\/p>\n<p style=\"margin-left:0cm; margin-right:0cm\">R\u016bjien\u0101 viesoj\u0101s re\u017eisore Dace Kokle, \u017eurn\u0101lists Harijs Be\u0137eris, operators Armands Rudz\u012btis, gaismot\u0101js Juris Lasinskis.<\/p>\n<p>\u00a0<\/p>\n<p><a href=\"https:\/\/www.lsm.lv\/temas\/ltv-raidijums-province\/\" class=\"lsm-link\" data-type=\"theme\" data-id=\"25503\" rel=\"nofollow noopener\" target=\"_blank\">Citi &#8220;Provinces&#8221; st\u0101sti <\/a><\/p>\n<p style=\"text-align:right\"><a href=\"https:\/\/www.lsm.lv\/temas\/ltv-raidijums-province\/\" class=\"lsm-link\" data-type=\"theme\" data-id=\"25503\" rel=\"nofollow noopener\" target=\"_blank\">Vair\u0101k<\/a><\/p>\n<p style=\"text-align:right\">\u00a0<\/p>\n","protected":false},"excerpt":{"rendered":"R\u016bjienietis Kristaps Mellups pr\u0101to, ka laikam gan vis\u0101 Latvij\u0101 nezina nevienu sava vecuma jaunieti, kura ikdienas darbs ar\u012b&hellip;\n","protected":false},"author":2,"featured_media":80822,"comment_status":"","ping_status":"","sticky":false,"template":"","format":"standard","meta":{"footnotes":""},"categories":[12],"tags":[23,28,29,32,33,22,30,31,35,39,38,36,37,34,40,20,26,27,24,25,21],"class_list":{"0":"post-80821","1":"post","2":"type-post","3":"status-publish","4":"format-standard","5":"has-post-thumbnail","7":"category-latvija","8":"tag-aktualitates","9":"tag-breaking-news","10":"tag-breakingnews","11":"tag-featured-news","12":"tag-featurednews","13":"tag-headlines","14":"tag-latest-news","15":"tag-latestnews","16":"tag-latvia","17":"tag-latvian","18":"tag-latviesu","19":"tag-latviesu-valoda","20":"tag-latviesuvaloda","21":"tag-latvija","22":"tag-lv","23":"tag-news","24":"tag-popularakas-zinas","25":"tag-popularakaszinas","26":"tag-top-stories","27":"tag-topstories","28":"tag-zinas"},"share_on_mastodon":{"url":"https:\/\/pubeurope.com\/@lv\/115751422935612965","error":""},"_links":{"self":[{"href":"https:\/\/www.europesays.com\/lv\/wp-json\/wp\/v2\/posts\/80821","targetHints":{"allow":["GET"]}}],"collection":[{"href":"https:\/\/www.europesays.com\/lv\/wp-json\/wp\/v2\/posts"}],"about":[{"href":"https:\/\/www.europesays.com\/lv\/wp-json\/wp\/v2\/types\/post"}],"author":[{"embeddable":true,"href":"https:\/\/www.europesays.com\/lv\/wp-json\/wp\/v2\/users\/2"}],"replies":[{"embeddable":true,"href":"https:\/\/www.europesays.com\/lv\/wp-json\/wp\/v2\/comments?post=80821"}],"version-history":[{"count":0,"href":"https:\/\/www.europesays.com\/lv\/wp-json\/wp\/v2\/posts\/80821\/revisions"}],"wp:featuredmedia":[{"embeddable":true,"href":"https:\/\/www.europesays.com\/lv\/wp-json\/wp\/v2\/media\/80822"}],"wp:attachment":[{"href":"https:\/\/www.europesays.com\/lv\/wp-json\/wp\/v2\/media?parent=80821"}],"wp:term":[{"taxonomy":"category","embeddable":true,"href":"https:\/\/www.europesays.com\/lv\/wp-json\/wp\/v2\/categories?post=80821"},{"taxonomy":"post_tag","embeddable":true,"href":"https:\/\/www.europesays.com\/lv\/wp-json\/wp\/v2\/tags?post=80821"}],"curies":[{"name":"wp","href":"https:\/\/api.w.org\/{rel}","templated":true}]}}