{"id":80825,"date":"2025-12-20T10:31:17","date_gmt":"2025-12-20T10:31:17","guid":{"rendered":"https:\/\/www.europesays.com\/lv\/80825\/"},"modified":"2025-12-20T10:31:17","modified_gmt":"2025-12-20T10:31:17","slug":"jaunais-2026-gada-toyota-rav4-sanem-divas-atskirigas-modifikacijas-lente-lv","status":"publish","type":"post","link":"https:\/\/www.europesays.com\/lv\/80825\/","title":{"rendered":"jaunais 2026. gada Toyota RAV4 sa\u0146em divas at\u0161\u0137ir\u012bgas modifik\u0101cijas\u00a0\u2014\u00a0Lente.lv"},"content":{"rendered":"<p>Modellista pied\u0101v\u0101jum\u0101 \u2013 divi RAV4 t\u016bninga varianti<\/p>\n<p>Tikko tirg\u016b non\u0101kusi jaun\u0101, sest\u0101s paaudzes Toyota RAV4, t\u0101 jau sa\u0146\u0113musi divas r\u016bp\u012bgi izstr\u0101d\u0101tas t\u016bninga versijas. \u0160ie visurg\u0101j\u0113ji apr\u012bkoti ar hibr\u012bda sp\u0113ka agreg\u0101tu, un modifik\u0101cijas rad\u012bjis uz\u0146\u0113mums Modellista, kas ir Jap\u0101nas autora galam ra\u017eot\u0101ja piedero\u0161s dizaina birojs. Par paveikto inform\u0101cija ir publiskota uz\u0146\u0113muma ofici\u0101laj\u0101 vietn\u0113.<\/p>\n<p>Toyota RAV4 ir ieguvis divas at\u0161\u0137ir\u012bgas programmas, kas maina t\u0101 vizu\u0101lo un funkcion\u0101lo raksturu, t\u0101d\u0113j\u0101di apmierinot gan pils\u0113tas stila cien\u012bt\u0101ju, gan piedz\u012bvojumu mekl\u0113t\u0101ju vajadz\u012bbas.<\/p>\n<p><img loading=\"lazy\" decoding=\"async\" style=\"aspect-ratio:740\/450;\" src=\"https:\/\/www.europesays.com\/lv\/wp-content\/uploads\/2025\/12\/b5kugx-e7b6aae2a20ef86ada6de5dae894d43e.jpg\" alt=\"\u0441\u0430\u043b\u043e\u043d Toyota RAV4\" width=\"740\" height=\"450\"\/>\u201cLifestyle\u201d pakete: sportisks akcents ikdienai<\/p>\n<p>Pirmais pied\u0101v\u0101jums, ko sauc par Lifestyle paketi, ir orient\u0113ts uz sportisku est\u0113tiku un ir pieejams standarta mode\u013ca versijai. \u0160\u012b modifik\u0101cija izce\u013cas ar uzlabotu vizu\u0101lo identit\u0101ti, kas k\u013c\u016bst agres\u012bv\u0101ka un izteiksm\u012bg\u0101ka.<\/p>\n<p>Toyota RAV4 Lifestyle ir papildin\u0101ts ar p\u0101rveidotu priek\u0161\u0113jo bamperi, at\u0161\u0137ir\u012bgu radiatora re\u017e\u0123i un jaun\u0101m virsb\u016bves apmal\u0113m. Iev\u0113rojams papildin\u0101jums ir papildu LED optika. K\u0101 opcija klientiem tiek pied\u0101v\u0101ti 20 collu vieglmet\u0101la diski ar zema profila riep\u0101m, kas v\u0113l vair\u0101k uzsver sportisko raksturu. Interjer\u0101 veikti uzlabojumi, uzst\u0101dot \u012bpa\u0161u apgaismojumu, bet bag\u0101\u017eniek\u0101 integr\u0113ts praktisks organizators.<\/p>\n<p><img loading=\"lazy\" decoding=\"async\" style=\"aspect-ratio:740\/555;\" src=\"https:\/\/www.europesays.com\/lv\/wp-content\/uploads\/2025\/12\/zmxaf7-0b83e55a5bcb5b15ac511f4d797e8af0.jpg\" alt=\"\u0431\u0430\u0433\u0430\u0436\u043d\u0438\u043a Toyota RAV4\" width=\"740\" height=\"555\"\/>\u201cOutdoor\u201d versija: gatav\u012bba bezce\u013ciem<\/p>\n<p>Otrais t\u016bninga komplekts, nosaukts Outdoor, ir rad\u012bts speci\u0101li visurg\u0101j\u0113ja paaugstin\u0101t\u0101s caurejam\u012bbas versijai \u2013 Toyota RAV4 Adventure. \u0160\u012b pakete ir piel\u0101gota pras\u012bg\u0101kiem mar\u0161rutiem un piedz\u012bvojumiem \u0101rpus asfalt\u0113tajiem ce\u013ciem.<\/p>\n<p>RAV4 Adventure Outdoor ieguvusi mas\u012bv\u0101ku plastmasas aizsargapmale\u0146u komplektu, kas pasarg\u0101 virsb\u016bvi, k\u0101 ar\u012b speci\u0101lu dzin\u0113ja aizsargu apak\u0161ai. \u0100r\u0113jais dizains papildin\u0101ts ar integr\u0113tu LED optiku radiatora re\u017e\u0123a zon\u0101. Klientiem, kuri izv\u0113las \u0161o versiju, ir pieejama ar\u012b opcija ieg\u0101d\u0101ties 18 collu diskus ar \u012bpa\u0161i iztur\u012bg\u0101m bezce\u013cu riep\u0101m.<\/p>\n<p><img loading=\"lazy\" decoding=\"async\" style=\"aspect-ratio:740\/415;\" src=\"https:\/\/www.europesays.com\/lv\/wp-content\/uploads\/2025\/12\/fgk3hr-df3466792653bcf61bd666de8d660dfe.jpeg\" alt=\"Toyota RAV4 Outdoor\" width=\"740\" height=\"415\"\/>Tehniskie parametri \u2013 vienots hibr\u012bds<\/p>\n<p>Neskatoties uz at\u0161\u0137ir\u012bgajiem \u0101r\u0113jiem dizaina risin\u0101jumiem, abi Modellista apr\u012bkotie Toyota RAV4 mode\u013ci \u0161obr\u012bd ir tehniski identiski. Tie abi izmanto 2,5 litru hibr\u012bda agreg\u0101tu, kura kop\u0113j\u0101 jauda sasniedz 239 zirgsp\u0113kus. \u0160obr\u012bd \u0161\u012b modifik\u0101cija ir vien\u012bg\u0101, kas pieejama jaunajam RAV4 Jap\u0101nas tirg\u016b.<\/p>\n","protected":false},"excerpt":{"rendered":"Modellista pied\u0101v\u0101jum\u0101 \u2013 divi RAV4 t\u016bninga varianti Tikko tirg\u016b non\u0101kusi jaun\u0101, sest\u0101s paaudzes Toyota RAV4, t\u0101 jau sa\u0146\u0113musi&hellip;\n","protected":false},"author":2,"featured_media":80826,"comment_status":"","ping_status":"","sticky":false,"template":"","format":"standard","meta":{"footnotes":""},"categories":[16],"tags":[77,76,231,35,39,38,36,37,34,40,20291,20292,20293,20294],"class_list":{"0":"post-80825","1":"post","2":"type-post","3":"status-publish","4":"format-standard","5":"has-post-thumbnail","7":"category-bizness","8":"tag-bizness","9":"tag-business","10":"tag-hibrids","11":"tag-latvia","12":"tag-latvian","13":"tag-latviesu","14":"tag-latviesu-valoda","15":"tag-latviesuvaloda","16":"tag-latvija","17":"tag-lv","18":"tag-modellista","19":"tag-rav4-adventure","20":"tag-toyota-rav4","21":"tag-tunings"},"share_on_mastodon":{"url":"https:\/\/pubeurope.com\/@lv\/115751439500579429","error":""},"_links":{"self":[{"href":"https:\/\/www.europesays.com\/lv\/wp-json\/wp\/v2\/posts\/80825","targetHints":{"allow":["GET"]}}],"collection":[{"href":"https:\/\/www.europesays.com\/lv\/wp-json\/wp\/v2\/posts"}],"about":[{"href":"https:\/\/www.europesays.com\/lv\/wp-json\/wp\/v2\/types\/post"}],"author":[{"embeddable":true,"href":"https:\/\/www.europesays.com\/lv\/wp-json\/wp\/v2\/users\/2"}],"replies":[{"embeddable":true,"href":"https:\/\/www.europesays.com\/lv\/wp-json\/wp\/v2\/comments?post=80825"}],"version-history":[{"count":0,"href":"https:\/\/www.europesays.com\/lv\/wp-json\/wp\/v2\/posts\/80825\/revisions"}],"wp:featuredmedia":[{"embeddable":true,"href":"https:\/\/www.europesays.com\/lv\/wp-json\/wp\/v2\/media\/80826"}],"wp:attachment":[{"href":"https:\/\/www.europesays.com\/lv\/wp-json\/wp\/v2\/media?parent=80825"}],"wp:term":[{"taxonomy":"category","embeddable":true,"href":"https:\/\/www.europesays.com\/lv\/wp-json\/wp\/v2\/categories?post=80825"},{"taxonomy":"post_tag","embeddable":true,"href":"https:\/\/www.europesays.com\/lv\/wp-json\/wp\/v2\/tags?post=80825"}],"curies":[{"name":"wp","href":"https:\/\/api.w.org\/{rel}","templated":true}]}}