{"id":80869,"date":"2025-12-20T11:25:15","date_gmt":"2025-12-20T11:25:15","guid":{"rendered":"https:\/\/www.europesays.com\/lv\/80869\/"},"modified":"2025-12-20T11:25:15","modified_gmt":"2025-12-20T11:25:15","slug":"zzs-politikis-neprognoze-drizu-esosas-koalicijas-sabrukumu","status":"publish","type":"post","link":"https:\/\/www.europesays.com\/lv\/80869\/","title":{"rendered":"ZZS politi\u0137is neprognoz\u0113 dr\u012bzu eso\u0161\u0101s koal\u012bcijas sabrukumu"},"content":{"rendered":"<p>Vaic\u0101ts par koal\u012bcijas nesp\u0113ju nodro\u0161in\u0101t balsu vair\u0101kumu un kvorumu Saeimas s\u0113d\u0113, Rokpelnis sprieda, ka esot likumsakar\u012bgi, ka koal\u012bcijai ar tik nelielu balsu p\u0101rsvaru var gad\u012bties situ\u0101cijas, kad opoz\u012bcija izmanto iesp\u0113ju &#8220;noraut kvorumu&#8221;. Vi\u0146\u0161 atz\u012bm\u0113ja, ka tas neesot nekas jauns, turkl\u0101t varot garant\u0113t, ka \u0161\u0101das situ\u0101cijas atk\u0101rtosies.<\/p>\n<p>&#8220;Vai politiski un saimnieciski k\u0101ds no t\u0101 ieg\u016bst &#8211; n\u0113. Vai koal\u012bcija var turpin\u0101t darbu &#8211; j\u0101,&#8221; izteic\u0101s Rokpelnis.<\/p>\n<p>Politi\u0137is atz\u012bm\u0113ja, ka <a href=\"https:\/\/www.tvnet.lv\/term\/566698\/zzs\" class=\"topicLink\" target=\"_blank\" rel=\"nofollow noopener\">ZZS<\/a> frakcijai nule k\u0101 pievienojies savulaik no &#8220;Jaun\u0101s vienot\u012bbas&#8221; (JV) saraksta iev\u0113l\u0113tais Andrejs Ce\u013cap\u012bters, kur\u0161 l\u012bdz \u0161im reti balsoja kop\u0101 ar koal\u012bciju, bet tagad balsu skaita situ\u0101cija koal\u012bcij\u0101 uzlabo\u0161oties. Ce\u013cap\u012bters, piem\u0113ram, nebalsoja par n\u0101kam\u0101 gada bud\u017eetu, kad koal\u012bcijai bija 52 balsis.<\/p>\n<p>Rokpelnis pauda p\u0101rliec\u012bbu, ka groz\u012bjumi Izgl\u012bt\u012bbas likum\u0101, kas pamat\u0101 skar t\u0101lm\u0101c\u012bbas jaut\u0101jumus, un uz kuriem ceturtdien koal\u012bcija &#8220;iespr\u016bda&#8221;, tiks pie\u0146emti. &#8220;Gala risin\u0101jums ir demokr\u0101tisks, paredz virkni iz\u0146\u0113mumu un ir fokus\u0113ts uz kvalitat\u012bvas izgl\u012bt\u012bbas ieguves iesp\u0113j\u0101m ikvienam, ar\u012b t\u0101lm\u0101c\u012bbas izgl\u012bt\u012bbas ieguv\u0113jiem. Pie\u0146emu, ja pajaut\u0101siet likuma pretiniekiem, kur\u0161 groz\u012bjumu punkts ir tas, kam vi\u0146i kategoriski nepiekr\u012bt vai kas b\u016btu nelo\u0123isks, diez vai sa\u0146emsiet konkr\u0113tu atbildi,&#8221; v\u0113rt\u0113ja ZZS deput\u0101ts.<\/p>\n","protected":false},"excerpt":{"rendered":"Vaic\u0101ts par koal\u012bcijas nesp\u0113ju nodro\u0161in\u0101t balsu vair\u0101kumu un kvorumu Saeimas s\u0113d\u0113, Rokpelnis sprieda, ka esot likumsakar\u012bgi, ka koal\u012bcijai&hellip;\n","protected":false},"author":2,"featured_media":36401,"comment_status":"","ping_status":"","sticky":false,"template":"","format":"standard","meta":{"footnotes":""},"categories":[5],"tags":[23,28,29,1249,3962,32,33,22,30,31,35,39,38,36,37,34,40,20,26,27,24,25,1524,21,666],"class_list":{"0":"post-80869","1":"post","2":"type-post","3":"status-publish","4":"format-standard","5":"has-post-thumbnail","7":"category-aktualitates","8":"tag-aktualitates","9":"tag-breaking-news","10":"tag-breakingnews","11":"tag-evika-silina","12":"tag-evikas-silinas-valdiba","13":"tag-featured-news","14":"tag-featurednews","15":"tag-headlines","16":"tag-latest-news","17":"tag-latestnews","18":"tag-latvia","19":"tag-latvian","20":"tag-latviesu","21":"tag-latviesu-valoda","22":"tag-latviesuvaloda","23":"tag-latvija","24":"tag-lv","25":"tag-news","26":"tag-popularakas-zinas","27":"tag-popularakaszinas","28":"tag-top-stories","29":"tag-topstories","30":"tag-valdiba","31":"tag-zinas","32":"tag-zzs"},"share_on_mastodon":{"url":"https:\/\/pubeurope.com\/@lv\/115751650884100456","error":""},"_links":{"self":[{"href":"https:\/\/www.europesays.com\/lv\/wp-json\/wp\/v2\/posts\/80869","targetHints":{"allow":["GET"]}}],"collection":[{"href":"https:\/\/www.europesays.com\/lv\/wp-json\/wp\/v2\/posts"}],"about":[{"href":"https:\/\/www.europesays.com\/lv\/wp-json\/wp\/v2\/types\/post"}],"author":[{"embeddable":true,"href":"https:\/\/www.europesays.com\/lv\/wp-json\/wp\/v2\/users\/2"}],"replies":[{"embeddable":true,"href":"https:\/\/www.europesays.com\/lv\/wp-json\/wp\/v2\/comments?post=80869"}],"version-history":[{"count":0,"href":"https:\/\/www.europesays.com\/lv\/wp-json\/wp\/v2\/posts\/80869\/revisions"}],"wp:featuredmedia":[{"embeddable":true,"href":"https:\/\/www.europesays.com\/lv\/wp-json\/wp\/v2\/media\/36401"}],"wp:attachment":[{"href":"https:\/\/www.europesays.com\/lv\/wp-json\/wp\/v2\/media?parent=80869"}],"wp:term":[{"taxonomy":"category","embeddable":true,"href":"https:\/\/www.europesays.com\/lv\/wp-json\/wp\/v2\/categories?post=80869"},{"taxonomy":"post_tag","embeddable":true,"href":"https:\/\/www.europesays.com\/lv\/wp-json\/wp\/v2\/tags?post=80869"}],"curies":[{"name":"wp","href":"https:\/\/api.w.org\/{rel}","templated":true}]}}