{"id":80879,"date":"2025-12-20T11:32:09","date_gmt":"2025-12-20T11:32:09","guid":{"rendered":"https:\/\/www.europesays.com\/lv\/80879\/"},"modified":"2025-12-20T11:32:09","modified_gmt":"2025-12-20T11:32:09","slug":"meraija-kerija-uzsildis-milanas-un-kortinas-dampeco-olimpisko-spelu-atklasanas-ceremoniju-ar-savu-uzstasanos-lente-lv","status":"publish","type":"post","link":"https:\/\/www.europesays.com\/lv\/80879\/","title":{"rendered":"Meraija Kerija uzsild\u012bs Mil\u0101nas un Kort\u012bnas d&#8217;Ampeco Olimpisko sp\u0113\u013cu atkl\u0101\u0161anas ceremoniju ar savu uzst\u0101\u0161anos\u00a0\u2014\u00a0Lente.lv"},"content":{"rendered":"<p>Meraija Kerija Vado\u0161\u0101 Zvaigzne Olimpisko Sp\u0113\u013cu Atkl\u0101\u0161an\u0101<\/p>\n<p>ASV m\u016bzikas ikona Meraija Kerija uzst\u0101sies 2026. gada Mil\u0101nas un Kort\u012bnas d&#8217;Ampeco Ziemas olimpisko sp\u0113\u013cu atkl\u0101\u0161anas ceremonij\u0101, k\u0101 pirmdien pazi\u0146oja sp\u0113\u013cu r\u012bkot\u0101ji. \u0160is solis iez\u012bm\u0113 noz\u012bm\u012bgu notikumu, nodro\u0161inot pasaules m\u0113roga zvaigzni, lai atkl\u0101tu XXV Ziemas olimpisk\u0101s sp\u0113les. K\u0101 inform\u0113 port\u0101ls NRA, pas\u0101kums, kas sola apvienot sporta garu ar izcilu muzik\u0101lu sniegumu, notiks 2026. gada 6. febru\u0101r\u012b Mil\u0101nas slavenaj\u0101 \u201eSan Siro\u201d stadion\u0101. Tiek uzskat\u012bts, ka Kerijas piedal\u012b\u0161an\u0101s ceremonij\u0101 k\u013c\u016bs par vienu no spilgt\u0101kajiem br\u012b\u017eiem Olimpisko sp\u0113\u013cu v\u0113stur\u0113, iedegot sporta pasaules debesis. Pieck\u0101rt\u0113j\u0101 \u201eGrammy\u201d balvas ieguv\u0113ja ir pirm\u0101 pieteikt\u0101 slaven\u012bba \u0161aj\u0101 ceremonij\u0101.<\/p>\n<p>Ceremonijas Tematika un R\u012bkot\u0101ju V\u012bzija<\/p>\n<p>Organizatori uzsver, ka Meraijas Kerijas kl\u0101tb\u016btne ceremonij\u0101 lieliski atbilst t\u0101s centr\u0101lajai t\u0113mai \u2013 \u201eHarmonija\u201d. \u0160\u012b t\u0113ma paredz m\u016bzikas un sporta savieno\u0161anu, lai izceltu t\u0101das v\u0113rt\u012bbas k\u0101 iek\u013cau\u0161ana, savstarp\u0113ja cie\u0146a un kult\u016bru apmai\u0146a. Sp\u0113\u013cu r\u012bkot\u0101ji pazi\u0146ojum\u0101 nor\u0101d\u012bja: \u201eMeraija Kerija, kas vis\u0101 pasaul\u0113 ir atz\u012bta ar savu neatk\u0101rtojamo balsi un muzik\u0101lo mantojumu, kas aptver vair\u0101kas paaudzes un kult\u016bras, lieliski iemieso sp\u0113\u013cu emocion\u0101lo garu.\u201d V\u012bzija ir rad\u012bt atkl\u0101\u0161anas pas\u0101kumu, kur\u0101 harmonija k\u013c\u016bst par kolekt\u012bv\u0101s ener\u0123ijas izpausmi, radot simbolisku telpu, kur kopienas satiekas un p\u0101rk\u0101pj robe\u017eas.<\/p>\n<p>Pati m\u0101ksliniece paudusi savu saj\u016bsmu par uzaicin\u0101jumu. Vi\u0146a izplat\u012bja video zi\u0146ojumu, kur\u0101, t\u0113rpusies iespaid\u012bg\u0101 sarkan\u0101 kleit\u0101, apstiprin\u0101ja savu dal\u012bbu: \u201eEsmu pagodin\u0101ta, ka mani uzaicin\u0101ja uzst\u0101ties Mil\u0101nas un Kort\u012bnas Ziemas sp\u0113\u013cu atkl\u0101\u0161anas ceremonij\u0101. It\u0101lija man ir \u012bpa\u0161a vieta, un Olimpisk\u0101s sp\u0113les ir skaists apliecin\u0101jums glob\u0101lai vienot\u012bbai un cilv\u0113ka sasniegumiem.\u201d<\/p>\n<p>Starptautiskais M\u0113rogs un Stadiona Noz\u012bme<\/p>\n<p>\u0160\u0101ds l\u0113mums apstiprina ceremonijas starptautisko pla\u0161umu un t\u0101s v\u0113st\u012bjumu, piesaistot izpild\u012bt\u0101ju, kas p\u0101rsniedz robe\u017eas, paaudzes un \u017eanrus. \u0160\u012b uzst\u0101\u0161an\u0101s ir paredz\u0113ta k\u0101 atkl\u0101\u0161anas akords XXV Ziemas olimpiskaj\u0101m sp\u0113l\u0113m, kuras It\u0101lijas zieme\u013cos norisin\u0101sies l\u012bdz 22. febru\u0101rim. Ceremoniju produc\u0113 paz\u012bstamais \u201eBalich Wonder Studio\u201d, kas sola iedz\u012bvin\u0101t it\u0101\u013cu kult\u016bras un inov\u0101ciju elementus m\u0101kslinieces muzik\u0101laj\u0101 sniegum\u0101.<\/p>\n<p>Interesanti, ka atkl\u0101\u0161anas ceremonija norisin\u0101sies futbola templ\u012b \u2013 \u201eSan Siro\u201d stadion\u0101, kas ir m\u0101jvieta A S\u0113rijas klubiem \u201eAC Milan\u201d un Mil\u0101nas \u201eInter\u201d. Lai gan \u0161aj\u0101 ar\u0113n\u0101 nenotiks nevienas ziemas sporta discipl\u012bnas sacens\u012bbas, t\u0101 tiks p\u0101rveidota par grandiozu te\u0101tra skatuvi. K\u0101 nesen pazi\u0146ots, abiem futbola klubiem ir pl\u0101ni p\u0113c olimpiskaj\u0101m sp\u0113l\u0113m \u0161o v\u0113sturisko stadionu nojaukt, pie\u0161\u0137irot Kerijas uzst\u0101\u0161an\u0101s vietai \u012bpa\u0161u emocion\u0101lu noz\u012bmi \u012bsi pirms t\u0101s iesp\u0113jam\u0101s p\u0101rmai\u0146as.<\/p>\n<p>Pla\u0161\u0101ks Olimpiskais Konteksts un Citi Slaven\u012bbu Viesi<\/p>\n<p>Meraija Kerija ar saviem hitiem, tostarp le\u0123end\u0101ro \u201eAll I Want for Christmas Is You\u201d, ir k\u013cuvusi par ziemas sezonas un sv\u0113tku spektakla neofici\u0101lu simbolu, kas padara vi\u0146as izv\u0113li par tematisk\u0101m un p\u0101rliecino\u0161\u0101m. Lai gan uzst\u0101\u0161an\u0101s deta\u013cas tiek r\u016bp\u012bgi tur\u0113tas slepen\u012bb\u0101, gaid\u0101ms, ka tas b\u016bs varens \u0161ovs.<\/p>\n<p>Lai gan Kerija ir pirm\u0101 pieteikt\u0101 muzik\u0101l\u0101 zvaigzne, Mil\u0101nas un Kort\u012bnas sp\u0113les sola piesaist\u012bt uzman\u012bbu ar\u012b ar citiem slaven\u012bbu pieteikumiem. Tiek zi\u0146ots, ka Amerikas reperis Snoops Dogg (Snoop Dogg) piedal\u012bsies k\u0101 pirmais goda treneris ASV komandai, sola atbalst\u012bt sportistus gan tras\u0113, gan \u0101rpus t\u0101s, un atgriez\u012bsies ar\u012b k\u0101 NBC Sports korespondents. Vi\u0146a pienesums b\u016bs v\u0113rsts uz mor\u0101lo atbalstu un iedvesmu, uzsverot, ka \u201eSportisti ir \u012bst\u0101s zvaigznes.\u201d \u0160\u0101das slaven\u012bbu atbalsta fig\u016bras iez\u012bm\u0113 sp\u0113\u013cu amb\u012bcijas sasniegt pla\u0161u auditoriju un rad\u012bt neaizmirstamu kult\u016bras un sporta sajaukumu zieme\u013cit\u0101\u013cu re\u0123ion\u0101.<\/p>\n","protected":false},"excerpt":{"rendered":"Meraija Kerija Vado\u0161\u0101 Zvaigzne Olimpisko Sp\u0113\u013cu Atkl\u0101\u0161an\u0101 ASV m\u016bzikas ikona Meraija Kerija uzst\u0101sies 2026. gada Mil\u0101nas un Kort\u012bnas&hellip;\n","protected":false},"author":2,"featured_media":80880,"comment_status":"","ping_status":"","sticky":false,"template":"","format":"standard","meta":{"footnotes":""},"categories":[19],"tags":[20302,89,90,35,39,38,36,37,34,40,19177,10695,1500,20303],"class_list":{"0":"post-80879","1":"post","2":"type-post","3":"status-publish","4":"format-standard","5":"has-post-thumbnail","7":"category-izklaide","8":"tag-atklasanas-ceremonija","9":"tag-entertainment","10":"tag-izklaide","11":"tag-latvia","12":"tag-latvian","13":"tag-latviesu","14":"tag-latviesu-valoda","15":"tag-latviesuvaloda","16":"tag-latvija","17":"tag-lv","18":"tag-meraija-kerija","19":"tag-milana-kortina-2026","20":"tag-olimpiskas-speles","21":"tag-san-siro"},"share_on_mastodon":{"url":"https:\/\/pubeurope.com\/@lv\/115751678445170335","error":""},"_links":{"self":[{"href":"https:\/\/www.europesays.com\/lv\/wp-json\/wp\/v2\/posts\/80879","targetHints":{"allow":["GET"]}}],"collection":[{"href":"https:\/\/www.europesays.com\/lv\/wp-json\/wp\/v2\/posts"}],"about":[{"href":"https:\/\/www.europesays.com\/lv\/wp-json\/wp\/v2\/types\/post"}],"author":[{"embeddable":true,"href":"https:\/\/www.europesays.com\/lv\/wp-json\/wp\/v2\/users\/2"}],"replies":[{"embeddable":true,"href":"https:\/\/www.europesays.com\/lv\/wp-json\/wp\/v2\/comments?post=80879"}],"version-history":[{"count":0,"href":"https:\/\/www.europesays.com\/lv\/wp-json\/wp\/v2\/posts\/80879\/revisions"}],"wp:featuredmedia":[{"embeddable":true,"href":"https:\/\/www.europesays.com\/lv\/wp-json\/wp\/v2\/media\/80880"}],"wp:attachment":[{"href":"https:\/\/www.europesays.com\/lv\/wp-json\/wp\/v2\/media?parent=80879"}],"wp:term":[{"taxonomy":"category","embeddable":true,"href":"https:\/\/www.europesays.com\/lv\/wp-json\/wp\/v2\/categories?post=80879"},{"taxonomy":"post_tag","embeddable":true,"href":"https:\/\/www.europesays.com\/lv\/wp-json\/wp\/v2\/tags?post=80879"}],"curies":[{"name":"wp","href":"https:\/\/api.w.org\/{rel}","templated":true}]}}