{"id":80881,"date":"2025-12-20T11:33:14","date_gmt":"2025-12-20T11:33:14","guid":{"rendered":"https:\/\/www.europesays.com\/lv\/80881\/"},"modified":"2025-12-20T11:33:14","modified_gmt":"2025-12-20T11:33:14","slug":"razma-londona-cer-spert-soliti-tuvak-miljonam-diena","status":"publish","type":"post","link":"https:\/\/www.europesays.com\/lv\/80881\/","title":{"rendered":"Razma London\u0101 cer spert sol\u012bti tuv\u0101k miljonam \/ Diena"},"content":{"rendered":"<p>Pasaules \u010dempion\u0101ts dart\u0101 tradicion\u0101li notiek\u00a0Alexandre Palace\u00a0un ir viens no spilgt\u0101kajiem notikumiem gada nogal\u0113 britu sport\u0101, kur \u0161autri\u0146u me\u0161ana ir \u012bpa\u0161i popul\u0101ra. Turn\u012bra kop\u0113jais balvu fonds ir pieci miljoni m\u0101rci\u0146u jeb aptuveni 5,7 miljoni eiro, no kuriem apa\u013cu miljonu sa\u0146ems pasaules \u010dempions. Par tre\u0161\u0101s k\u0101rtas sasnieg\u0161anu sportistam pien\u0101kas 35 t\u016bksto\u0161u m\u0101rci\u0146u pr\u0113mija.<\/p>\n<p>&#13;<br \/>\n&#13;<\/p>\n<p>Madars taj\u0101 piedal\u0101s sept\u012bto reizi, no kur\u0101m p\u0113d\u0113j\u0101s div\u0101s ir iek\u013cuvis tre\u0161aj\u0101 k\u0101rt\u0101. P\u0113rn vi\u0146\u0161 taj\u0101 piek\u0101p\u0101s pasaules ranga astotajam numuram anglim St\u012bvenam Bantingam, bet gadu iepriek\u0161 \u2013 ranga l\u012bderim Maiklam Smitam. Pa\u0161reiz\u0113jais titula \u012bpa\u0161nieks ir vi\u0146u abu tautietis L\u016bks Litlers, kur\u0161 titulu izc\u012bn\u012bja 17 gadu vecum\u0101, k\u013c\u016bstot par visu laiku jaun\u0101ko pasaules \u010dempionu.<\/p>\n<p>&#13;<br \/>\n&#13;<\/p>\n<p>Pirmaj\u0101 k\u0101rt\u0101 Razma apliecin\u0101ja favor\u012bta statusu, ar 3-1 p\u0101rsp\u0113jot pasaules \u010dempion\u0101ta debitantu van den Heriku. Beverid\u017es p\u0101rsteidza, turn\u012bra ievad\u0101 ar 3-0 sakaujot ar 23. numuru izlikto be\u013c\u0123i Dimitriju van den Bergu. Razmas un Beverid\u017ea duelis uz\u00a0Ally Pally\u00a0skatuves gaid\u0101ms ap pusnakti starp 22. un 23. decembri.<\/p>\n<p>&#13;<br \/>\n&#13;<\/p>\n<p>\u00a0<\/p>\n<p>&#13;<\/p>\n","protected":false},"excerpt":{"rendered":"Pasaules \u010dempion\u0101ts dart\u0101 tradicion\u0101li notiek\u00a0Alexandre Palace\u00a0un ir viens no spilgt\u0101kajiem notikumiem gada nogal\u0113 britu sport\u0101, kur \u0161autri\u0146u me\u0161ana&hellip;\n","protected":false},"author":2,"featured_media":80882,"comment_status":"","ping_status":"","sticky":false,"template":"","format":"standard","meta":{"footnotes":""},"categories":[17],"tags":[35,39,38,36,37,34,40,67],"class_list":{"0":"post-80881","1":"post","2":"type-post","3":"status-publish","4":"format-standard","5":"has-post-thumbnail","7":"category-sports","8":"tag-latvia","9":"tag-latvian","10":"tag-latviesu","11":"tag-latviesu-valoda","12":"tag-latviesuvaloda","13":"tag-latvija","14":"tag-lv","15":"tag-sports"},"share_on_mastodon":{"url":"https:\/\/pubeurope.com\/@lv\/115751682245644782","error":""},"_links":{"self":[{"href":"https:\/\/www.europesays.com\/lv\/wp-json\/wp\/v2\/posts\/80881","targetHints":{"allow":["GET"]}}],"collection":[{"href":"https:\/\/www.europesays.com\/lv\/wp-json\/wp\/v2\/posts"}],"about":[{"href":"https:\/\/www.europesays.com\/lv\/wp-json\/wp\/v2\/types\/post"}],"author":[{"embeddable":true,"href":"https:\/\/www.europesays.com\/lv\/wp-json\/wp\/v2\/users\/2"}],"replies":[{"embeddable":true,"href":"https:\/\/www.europesays.com\/lv\/wp-json\/wp\/v2\/comments?post=80881"}],"version-history":[{"count":0,"href":"https:\/\/www.europesays.com\/lv\/wp-json\/wp\/v2\/posts\/80881\/revisions"}],"wp:featuredmedia":[{"embeddable":true,"href":"https:\/\/www.europesays.com\/lv\/wp-json\/wp\/v2\/media\/80882"}],"wp:attachment":[{"href":"https:\/\/www.europesays.com\/lv\/wp-json\/wp\/v2\/media?parent=80881"}],"wp:term":[{"taxonomy":"category","embeddable":true,"href":"https:\/\/www.europesays.com\/lv\/wp-json\/wp\/v2\/categories?post=80881"},{"taxonomy":"post_tag","embeddable":true,"href":"https:\/\/www.europesays.com\/lv\/wp-json\/wp\/v2\/tags?post=80881"}],"curies":[{"name":"wp","href":"https:\/\/api.w.org\/{rel}","templated":true}]}}