{"id":80887,"date":"2025-12-20T11:37:08","date_gmt":"2025-12-20T11:37:08","guid":{"rendered":"https:\/\/www.europesays.com\/lv\/80887\/"},"modified":"2025-12-20T11:37:08","modified_gmt":"2025-12-20T11:37:08","slug":"gors-sakara-to-nevajadzeja-nemaz-celt-tas-bija-istais-risinajums-jau-sakotneji-soctikli-ir-skarbi-par-latgales-kulturas-mekas-problemam","status":"publish","type":"post","link":"https:\/\/www.europesays.com\/lv\/80887\/","title":{"rendered":"\u201c\u201dGors\u201d sakar\u0101. To nevajadz\u0113ja nemaz celt. Tas bija \u012bstais risin\u0101jums jau s\u0101kotn\u0113ji.\u201d Soct\u012bkli ir skarbi par Latgales kult\u016bras Mekas probl\u0113m\u0101m"},"content":{"rendered":"<p>    <img decoding=\"async\" src=\"https:\/\/www.europesays.com\/lv\/wp-content\/uploads\/2025\/12\/LET_10384843-1024x683.jpg\" alt=\"&#10;Latgales v\u0113stniec\u012bba \u201cGors\u201d jeb Austrumlatvijas koncertz\u0101le&#10;\"\/><\/p>\n<p>Latgales v\u0113stniec\u012bba \u201cGors\u201d jeb Austrumlatvijas koncertz\u0101le<\/p>\n<p>Foto. LETA\/Edijs P\u0101lens\n<\/p>\n<p>10:09, 20. decembris 2025<\/p>\n<p>R\u0113zeknes koncertz\u0101le \u201cGors\u201d ir b\u016btisks latvisk\u0101s un latgalisk\u0101s identit\u0101tes centrs un tam ir j\u0101paliek publisk\u0101 p\u0101rvald\u012bb\u0101, soci\u0101lajos t\u012bklos <a href=\"https:\/\/www.la.lv\/rezeknes-koncertzales-gors-miklaina-pardosanu-tagad-iesaistijies-ari-rinkevics\" rel=\"nofollow noopener\" target=\"_blank\">paudis Valsts prezidents<\/a> Edgars Rink\u0113vi\u010ds. Valsts prezidents akcent\u0113ja, ka \u0161o jaut\u0101jumu un r\u012bc\u012bbas mode\u013cus vi\u0146\u0161 ir p\u0101rrun\u0101jis ar kult\u016bras ministri Agnesi L\u0101ci (P).<\/p>\n<p>        Las\u012bt\u0101kie<br \/>\n        <a data-imagesrc=\"{&quot;300&quot;:&quot;https:\\\/\\\/lastatic.ams3.cdn.digitaloceanspaces.com\\\/2025\\\/12\\\/pexels-sound-on-3760694-300x176.jpg&quot;,&quot;1024&quot;:&quot;https:\\\/\\\/lastatic.ams3.cdn.digitaloceanspaces.com\\\/2025\\\/12\\\/pexels-sound-on-3760694-1024x600.jpg&quot;,&quot;1536&quot;:&quot;https:\\\/\\\/lastatic.ams3.cdn.digitaloceanspaces.com\\\/2025\\\/12\\\/pexels-sound-on-3760694-1536x900.jpg&quot;,&quot;500&quot;:&quot;https:\\\/\\\/lastatic.ams3.cdn.digitaloceanspaces.com\\\/2025\\\/12\\\/pexels-sound-on-3760694-500x293.jpg&quot;,&quot;800&quot;:&quot;https:\\\/\\\/lastatic.ams3.cdn.digitaloceanspaces.com\\\/2025\\\/12\\\/pexels-sound-on-3760694-800x469.jpg&quot;,&quot;2560&quot;:&quot;https:\\\/\\\/lastatic.ams3.cdn.digitaloceanspaces.com\\\/2025\\\/12\\\/pexels-sound-on-3760694-scaled.jpg&quot;}\" data-focuspoint=\"&quot;&quot;\" data-p=\"2484172\" href=\"https:\/\/www.la.lv\/sis-5-horoskopa-zimes-ir-vislielakas-intrigu-verpejas-un-sveti-tic-sazverestibam\" class=\"content-item lazy-load\" wp_automatic_readability=\"26\" rel=\"nofollow noopener\" target=\"_blank\"><\/p>\n<p>                                <img decoding=\"async\" src=\"\" alt=\"\" style=\"\" data-imageid=\"\"\/><\/p>\n<p>                                Kokteilis<\/p>\n<p>\n                                                \u0160\u012bs 5 horoskopa z\u012bmes ir visliel\u0101k\u0101s intrigu v\u0113rp\u0113jas un sv\u0113ti tic sazv\u0113rest\u012bb\u0101m\n                            <\/p>\n<p><\/a><a data-imagesrc=\"{&quot;300&quot;:&quot;https:\\\/\\\/lastatic.ams3.cdn.digitaloceanspaces.com\\\/2025\\\/02\\\/pexels-anastasia-shuraeva-4079281-300x200.jpg&quot;,&quot;1024&quot;:&quot;https:\\\/\\\/lastatic.ams3.cdn.digitaloceanspaces.com\\\/2025\\\/02\\\/pexels-anastasia-shuraeva-4079281-1024x683.jpg&quot;,&quot;768&quot;:&quot;https:\\\/\\\/lastatic.ams3.cdn.digitaloceanspaces.com\\\/2025\\\/02\\\/pexels-anastasia-shuraeva-4079281-768x512.jpg&quot;,&quot;1536&quot;:&quot;https:\\\/\\\/lastatic.ams3.cdn.digitaloceanspaces.com\\\/2025\\\/02\\\/pexels-anastasia-shuraeva-4079281-1536x1024.jpg&quot;,&quot;2048&quot;:&quot;https:\\\/\\\/lastatic.ams3.cdn.digitaloceanspaces.com\\\/2025\\\/02\\\/pexels-anastasia-shuraeva-4079281-2048x1365.jpg&quot;,&quot;200&quot;:&quot;https:\\\/\\\/lastatic.ams3.cdn.digitaloceanspaces.com\\\/2025\\\/02\\\/pexels-anastasia-shuraeva-4079281-200x133.jpg&quot;,&quot;400&quot;:&quot;https:\\\/\\\/lastatic.ams3.cdn.digitaloceanspaces.com\\\/2025\\\/02\\\/pexels-anastasia-shuraeva-4079281-400x267.jpg&quot;,&quot;500&quot;:&quot;https:\\\/\\\/lastatic.ams3.cdn.digitaloceanspaces.com\\\/2025\\\/02\\\/pexels-anastasia-shuraeva-4079281-500x333.jpg&quot;,&quot;800&quot;:&quot;https:\\\/\\\/lastatic.ams3.cdn.digitaloceanspaces.com\\\/2025\\\/02\\\/pexels-anastasia-shuraeva-4079281-800x533.jpg&quot;,&quot;1000&quot;:&quot;https:\\\/\\\/lastatic.ams3.cdn.digitaloceanspaces.com\\\/2025\\\/02\\\/pexels-anastasia-shuraeva-4079281-1000x667.jpg&quot;,&quot;2560&quot;:&quot;https:\\\/\\\/lastatic.ams3.cdn.digitaloceanspaces.com\\\/2025\\\/02\\\/pexels-anastasia-shuraeva-4079281-scaled.jpg&quot;}\" data-focuspoint=\"&quot;&quot;\" data-p=\"2478881\" href=\"https:\/\/www.la.lv\/loti-negodigi-ir-sadalits-valsts-gimenes-pabalsts-ar-ko-divi-berni-atskiras-no-viena-mamma-mara-izgaismo-pretrunu-likumos\" class=\"content-item lazy-load\" wp_automatic_readability=\"26.5\" rel=\"nofollow noopener\" target=\"_blank\"><\/p>\n<p>                                <img decoding=\"async\" src=\"\" alt=\"\" style=\"\" data-imageid=\"\"\/><\/p>\n<p>                                RAKSTA REDAKTORS<\/p>\n<p>\n                                                \u201c\u013boti negod\u012bgi ir sadal\u012bts valsts \u0123imenes pabalsts \u2013 ar ko divi b\u0113rni at\u0161\u0137iras no viena?\u201d mamma M\u0101ra izgaismo pretrunu likumos\n                            <\/p>\n<p><\/a><a data-imagesrc=\"{&quot;300&quot;:&quot;https:\\\/\\\/lastatic.ams3.cdn.digitaloceanspaces.com\\\/2025\\\/04\\\/Bez-nosaukuma-1500-x-1000-pikseli-72-300x200.jpg&quot;,&quot;1024&quot;:&quot;https:\\\/\\\/lastatic.ams3.cdn.digitaloceanspaces.com\\\/2025\\\/04\\\/Bez-nosaukuma-1500-x-1000-pikseli-72-1024x683.jpg&quot;,&quot;768&quot;:&quot;https:\\\/\\\/lastatic.ams3.cdn.digitaloceanspaces.com\\\/2025\\\/04\\\/Bez-nosaukuma-1500-x-1000-pikseli-72-768x512.jpg&quot;,&quot;200&quot;:&quot;https:\\\/\\\/lastatic.ams3.cdn.digitaloceanspaces.com\\\/2025\\\/04\\\/Bez-nosaukuma-1500-x-1000-pikseli-72-200x133.jpg&quot;,&quot;400&quot;:&quot;https:\\\/\\\/lastatic.ams3.cdn.digitaloceanspaces.com\\\/2025\\\/04\\\/Bez-nosaukuma-1500-x-1000-pikseli-72-400x267.jpg&quot;,&quot;500&quot;:&quot;https:\\\/\\\/lastatic.ams3.cdn.digitaloceanspaces.com\\\/2025\\\/04\\\/Bez-nosaukuma-1500-x-1000-pikseli-72-500x333.jpg&quot;,&quot;800&quot;:&quot;https:\\\/\\\/lastatic.ams3.cdn.digitaloceanspaces.com\\\/2025\\\/04\\\/Bez-nosaukuma-1500-x-1000-pikseli-72-800x533.jpg&quot;,&quot;1000&quot;:&quot;https:\\\/\\\/lastatic.ams3.cdn.digitaloceanspaces.com\\\/2025\\\/04\\\/Bez-nosaukuma-1500-x-1000-pikseli-72-1000x667.jpg&quot;,&quot;1500&quot;:&quot;https:\\\/\\\/lastatic.ams3.cdn.digitaloceanspaces.com\\\/2025\\\/04\\\/Bez-nosaukuma-1500-x-1000-pikseli-72.jpg&quot;}\" data-focuspoint=\"&quot;&quot;\" data-p=\"2483615\" href=\"https:\/\/www.la.lv\/krievi-uzbruk-putinam-ar-vel-vienu-neertu-jautajumu-iznicinot-kremla-mitus\" class=\"content-item lazy-load\" wp_automatic_readability=\"26.5\" rel=\"nofollow noopener\" target=\"_blank\"><\/p>\n<p>                                <img decoding=\"async\" src=\"\" alt=\"\" style=\"\" data-imageid=\"\"\/><\/p>\n<p>\n                                                Krievi uzbr\u016bk Putinam ar v\u0113l vienu ne\u0113rtu jaut\u0101jumu, izn\u012bcinot Krem\u013ca m\u012btus\n                            <\/p>\n<p><\/a><br \/>\n        <a class=\"read-more\" href=\"https:\/\/www.la.lv\/top\" rel=\"nofollow noopener\" target=\"_blank\">Las\u012bt citas zi\u0146as<\/a><\/p>\n<p>Jau rakst\u012bts, ka p\u0113c \u201cAustrumlatvijas koncertz\u0101le\u201d veikt\u0101 funkciju audita <a href=\"https:\/\/www.la.lv\/goru-pardos-privatpersonai-un-mainis-visu-latvisko-repertuaru-latviesi-satraucas-vadibas-atbilde-tikai-sasume-tautu-vel-vairak\" rel=\"nofollow noopener\" target=\"_blank\">R\u0113zeknes pa\u0161vald\u012bba izv\u0113rt\u0113<\/a> iesp\u0113ju Latgales v\u0113stniec\u012bbu \u201cGors\u201d p\u0101rveidot par iest\u0101di vai izv\u0113l\u0113ties citu p\u0101rvald\u012bbas formu.<\/p>\n<p>Vietvara uzsver, ka pa\u0161vald\u012bba \u201cGoram\u201d katru gadu pie\u0161\u0137ir dot\u0101ciju no sava bud\u017eeta, \u201cpret\u012b sagaidot gan kvalit\u0101ti, gan pa\u0161as iest\u0101des darbu, kas v\u0113rsts uz dot\u0101cijas samazin\u0101\u0161anu un ie\u0146\u0113mumu palielin\u0101\u0161anos\u201d. Audits esot skaidri iez\u012bm\u0113jis probl\u0113mas iest\u0101des darb\u0101.<\/p>\n<p>    CITI \u0160OBR\u012aD LASA<\/p>\n<p>Tikm\u0113r pati koncertz\u0101le inform\u0113, ka \u0161ogad pas\u0101kumus Latgales v\u0113stniec\u012bb\u0101 \u201cGors\u201d apmekl\u0113ju\u0161i aptuveni 140 000 cilv\u0113ku. Tostarp uz \u201cGora\u201d skatuv\u0113m un M\u0101kslas galerij\u0101 notiku\u0161i 130 kult\u016bras notikumi, kuru noris\u0113 iesaist\u012bti 33 da\u017e\u0101di producenti, kas k\u0101 telpu nomnieki organiz\u0113ju\u0161i 61 pas\u0101kumu. Savuk\u0101rt p\u0101r\u0113jos pas\u0101kumus organiz\u0113jusi pati koncertz\u0101le. Bet kop\u0161 koncertz\u0101les atkl\u0101\u0161anas 2013. gada maij\u0101 to kopum\u0101 apmekl\u0113ju\u0161i gandr\u012bz 1,8 miljoni cilv\u0113ku.<\/p>\n<p>Skaidrs, ka \u0161is fakts ir savi\u013c\u0146ojis re\u0123ionu par savas kult\u016brvietas iesp\u0113jamo zaud\u0113\u0161anu, un tiek lauzti \u0161\u0137\u0113pi par to, kam \u0161\u012b koncertz\u0101le b\u016btu j\u0101apsaimnieko. Sabiedr\u012bba saskata \u0161aub\u012bgas lietas no pa\u0161vald\u012bbas puses, izv\u0113loties jauno \u0161\u012bs kult\u016brtelpas saimnieku, un baid\u0101s, vai taj\u0101 turpm\u0101k v\u0113l b\u016bs pieejami sar\u012bkojumi valsts valod\u0101.<\/p>\n<p>Tiesa gan, ir ar\u012b sabiedr\u012bbas da\u013ca, kas uzskata, ka projekts ir neveiksm\u012bgas pl\u0101no\u0161anas rezult\u0101ts \u2013 proti, iedz\u012bvot\u0101ju skaits samazin\u0101s, un vajadz\u0113ja paredz\u0113t, ka re\u0123ionos kult\u016bras pat\u0113ri\u0146\u0161 d\u0101rg\u0101s \u0113k\u0101s n\u0101kotn\u0113 b\u016bs v\u0101j\u0161. L\u016bk, koment\u0101ru izlase.<\/p>\n<blockquote class=\"twitter-tweet\" wp_automatic_readability=\"8.9375\">\n<p lang=\"lv\" dir=\"ltr\">Mu\u013c\u0137\u012bbas. Kam v\u0113l dz\u012bvot, ja ne privil\u0113\u0123ijai reizi divas gad\u0101 noklaus\u012bties izcilu koncertu.<\/p>\n<p>\u2014 Nils S. Konstantinovs (@lasitajs_nr1) <a href=\"https:\/\/twitter.com\/lasitajs_nr1\/status\/2002093125209371134?ref_src=twsrc%5Etfw\" rel=\"nofollow noopener\" target=\"_blank\">December 19, 2025<\/a><\/p>\n<\/blockquote>\n<blockquote class=\"twitter-tweet\" data-conversation=\"none\" wp_automatic_readability=\"8.8961038961039\">\n<p lang=\"lv\" dir=\"ltr\">Rep\u0161e jau savulaik uskat\u012bja, ka kult\u016brai visp\u0101r nafig vajag naudu. J\u0101grie\u017e nost pie pirm\u0101s izdev\u012bbas.<\/p>\n<p>\u2014 Didzis (@didzisdadzis) <a href=\"https:\/\/twitter.com\/didzisdadzis\/status\/2002244203812663604?ref_src=twsrc%5Etfw\" rel=\"nofollow noopener\" target=\"_blank\">December 20, 2025<\/a><\/p>\n<\/blockquote>\n<blockquote class=\"twitter-tweet\" data-conversation=\"none\" wp_automatic_readability=\"7.6090909090909\">\n<p lang=\"lv\" dir=\"ltr\">\u016a\u016b\u2026 un bez R\u0113zeknes m\u0113ra SPA nek\u0101d\u012bgigi nevar, ko?<br \/>;))<\/p>\n<p>\u2014 Nepareizais MS (@MS636TQM) <a href=\"https:\/\/twitter.com\/MS636TQM\/status\/2002093705633935673?ref_src=twsrc%5Etfw\" rel=\"nofollow noopener\" target=\"_blank\">December 19, 2025<\/a><\/p>\n<\/blockquote>\n<blockquote class=\"twitter-tweet\" data-conversation=\"none\" wp_automatic_readability=\"9.32\">\n<p lang=\"lv\" dir=\"ltr\">Barto\u0161\u0113vi\u010da klans jau s\u0101kotn\u0113ji to b\u016bv\u0113ja &#8220;sav\u0113jiem&#8221; par valsts un ES naudu. Sh\u0113ma vienk\u0101r\u0161a. Pa kapeik\u0101m sav\u0113jiem R\u0113zeknes dome to atdos, p\u0113c tam par daudziem miljoniem to atpirks.<\/p>\n<p>\u2014 Andris Latvers (@AndrisLatvers) <a href=\"https:\/\/twitter.com\/AndrisLatvers\/status\/2002132356426260846?ref_src=twsrc%5Etfw\" rel=\"nofollow noopener\" target=\"_blank\">December 19, 2025<\/a><\/p>\n<\/blockquote>\n<blockquote class=\"twitter-tweet\" data-conversation=\"none\" wp_automatic_readability=\"9.2410714285714\">\n<p lang=\"lv\" dir=\"ltr\">Piln\u012bgi piekr\u012btu. Jau tad bija skaidrs, ka iedz\u012bvot\u0101ju skaits nebeigs samazin\u0101ties. Bet tik un t\u0101 c\u0113la. Tagad tur ir kaut k\u0101di 7 koncerti m\u0113nes\u012b. Un no tiem piepild\u012bti ir 2.<\/p>\n<p>\u2014 Ilze (@Jenotsons) <a href=\"https:\/\/twitter.com\/Jenotsons\/status\/2002083731713241307?ref_src=twsrc%5Etfw\" rel=\"nofollow noopener\" target=\"_blank\">December 19, 2025<\/a><\/p>\n<\/blockquote>\n<blockquote class=\"twitter-tweet\" data-conversation=\"none\" wp_automatic_readability=\"9.9127906976744\">\n<p lang=\"lv\" dir=\"ltr\">Nu\u2026 t\u0101 jau var teikt par jebko Latvij\u0101 (ar\u012b Eirop\u0101) Respekt\u012bvi, k\u0101p\u0113c kaut ko celt, ja t\u0101 pat mirsim (izmirstam)<\/p>\n<p>\u2014 riks_sancess (@SancessRiks) <a href=\"https:\/\/twitter.com\/SancessRiks\/status\/2002096838179180916?ref_src=twsrc%5Etfw\" rel=\"nofollow noopener\" target=\"_blank\">December 19, 2025<\/a><\/p>\n<\/blockquote>\n<blockquote class=\"twitter-tweet\" data-conversation=\"none\" wp_automatic_readability=\"9.1414141414141\">\n<p lang=\"lv\" dir=\"ltr\">vai Jums, k\u0101 R\u012bgas apspalvojumam un eks\u010dempionam nevajadz\u0113tu sp\u0113t padom\u0101t ar\u012b da\u017eus g\u0101jienus uz priek\u0161u da\u017e\u0101dos iesp\u0113jamajos scen\u0101rijos?<\/p>\n<p>\u2014 galaktions (@liktenis169) <a href=\"https:\/\/twitter.com\/liktenis169\/status\/2002088060377575594?ref_src=twsrc%5Etfw\" rel=\"nofollow noopener\" target=\"_blank\">December 19, 2025<\/a><\/p>\n<\/blockquote>\n<p>T\u0113mas<\/p>\n<p>    SAIST\u012aTIE RAKSTI<\/p>\n<p>                            <script async src=\"https:\/\/platform.twitter.com\/widgets.js\" charset=\"utf-8\"><\/script><\/p>\n","protected":false},"excerpt":{"rendered":"Latgales v\u0113stniec\u012bba \u201cGors\u201d jeb Austrumlatvijas koncertz\u0101le Foto. LETA\/Edijs P\u0101lens 10:09, 20. decembris 2025 R\u0113zeknes koncertz\u0101le \u201cGors\u201d ir b\u016btisks&hellip;\n","protected":false},"author":2,"featured_media":80888,"comment_status":"","ping_status":"","sticky":false,"template":"","format":"standard","meta":{"footnotes":""},"categories":[5],"tags":[23,28,29,32,33,22,30,31,35,39,38,36,37,34,40,20,26,27,24,25,21],"class_list":{"0":"post-80887","1":"post","2":"type-post","3":"status-publish","4":"format-standard","5":"has-post-thumbnail","7":"category-aktualitates","8":"tag-aktualitates","9":"tag-breaking-news","10":"tag-breakingnews","11":"tag-featured-news","12":"tag-featurednews","13":"tag-headlines","14":"tag-latest-news","15":"tag-latestnews","16":"tag-latvia","17":"tag-latvian","18":"tag-latviesu","19":"tag-latviesu-valoda","20":"tag-latviesuvaloda","21":"tag-latvija","22":"tag-lv","23":"tag-news","24":"tag-popularakas-zinas","25":"tag-popularakaszinas","26":"tag-top-stories","27":"tag-topstories","28":"tag-zinas"},"share_on_mastodon":{"url":"https:\/\/pubeurope.com\/@lv\/115751698048840104","error":""},"_links":{"self":[{"href":"https:\/\/www.europesays.com\/lv\/wp-json\/wp\/v2\/posts\/80887","targetHints":{"allow":["GET"]}}],"collection":[{"href":"https:\/\/www.europesays.com\/lv\/wp-json\/wp\/v2\/posts"}],"about":[{"href":"https:\/\/www.europesays.com\/lv\/wp-json\/wp\/v2\/types\/post"}],"author":[{"embeddable":true,"href":"https:\/\/www.europesays.com\/lv\/wp-json\/wp\/v2\/users\/2"}],"replies":[{"embeddable":true,"href":"https:\/\/www.europesays.com\/lv\/wp-json\/wp\/v2\/comments?post=80887"}],"version-history":[{"count":0,"href":"https:\/\/www.europesays.com\/lv\/wp-json\/wp\/v2\/posts\/80887\/revisions"}],"wp:featuredmedia":[{"embeddable":true,"href":"https:\/\/www.europesays.com\/lv\/wp-json\/wp\/v2\/media\/80888"}],"wp:attachment":[{"href":"https:\/\/www.europesays.com\/lv\/wp-json\/wp\/v2\/media?parent=80887"}],"wp:term":[{"taxonomy":"category","embeddable":true,"href":"https:\/\/www.europesays.com\/lv\/wp-json\/wp\/v2\/categories?post=80887"},{"taxonomy":"post_tag","embeddable":true,"href":"https:\/\/www.europesays.com\/lv\/wp-json\/wp\/v2\/tags?post=80887"}],"curies":[{"name":"wp","href":"https:\/\/api.w.org\/{rel}","templated":true}]}}