{"id":81009,"date":"2025-12-20T13:57:11","date_gmt":"2025-12-20T13:57:11","guid":{"rendered":"https:\/\/www.europesays.com\/lv\/81009\/"},"modified":"2025-12-20T13:57:11","modified_gmt":"2025-12-20T13:57:11","slug":"marko-apgalvo-agraka-horners-atbrivosana-garantetu-verstapenam-2025-gada-cempiontitulu-lente-lv","status":"publish","type":"post","link":"https:\/\/www.europesays.com\/lv\/81009\/","title":{"rendered":"Marko apgalvo \u2013 Agr\u0101ka Horners Atbr\u012bvo\u0161ana Garant\u0113tu Verstapenam 2025. Gada \u010cempiontitulu\u00a0\u2014\u00a0Lente.lv"},"content":{"rendered":"<p>Gada Atskats: \u201eRed Bull\u201d Nemier\u012bg\u0101 Sezona \u2013 Politika Tras\u0113 un \u0100rpus T\u0101s<\/p>\n<p>2025. gada Formula 1 sezona \u201eRed Bull\u201d komandai iegriez\u0101s ne tikai ar spriedzes pilniem notikumiem tras\u0113, kur Makss Verstapens \u010dempiontitulu zaud\u0113ja ar minim\u0101lu, vien divu punktu defic\u012btu, bet ar\u012b ar l\u012bdz \u0161im maz zin\u0101m\u0101m, ilgsto\u0161\u0101m iek\u0161\u0113j\u0101m c\u012b\u0146\u0101m. Tagad, sezonai nosl\u0113dzoties un p\u0113c b\u016btisk\u0101m person\u0101la izmai\u0146\u0101m, komandas ilggad\u0113jais padomnieks Helmuts Marko n\u0101cis klaj\u0101 ar pazi\u0146ojumiem, kas nor\u0101da uz dzi\u013cu vad\u012bbas l\u012bme\u0146a kr\u012bzi, kas, vi\u0146apr\u0101t, d\u0101rgi maks\u0101jusi pilotam.<\/p>\n<p>Marko p\u0101rliec\u012bba ir tie\u0161a un skarba: ja vien komandas vad\u012bt\u0101js Kristians Horners no amata b\u016btu atbr\u012bvots agr\u0101k, n\u012bderlandietis Makss Verstapens b\u016btu izc\u012bn\u012bjis savu piekto pasaules \u010dempiona titulu p\u0113c k\u0101rtas. \u0160is apgalvojums liek nopietni izv\u0113rt\u0113t, cik liela ietekme \u0101rpus sac\u012bk\u0161u asfalta notieko\u0161ajam var b\u016bt uz galvenajiem sniegumiem tras\u0113.<\/p>\n<p>Varas C\u012b\u0146a P\u0113c Mate\u0161ica Aizie\u0161anas<\/p>\n<p>Saska\u0146\u0101 ar Marko sniegto inform\u0101ciju, saspringt\u0101 atmosf\u0113ra un galven\u0101 c\u012b\u0146a 2025. gad\u0101 bija tie\u0161i \u201eRed Bull\u201d iek\u0161ien\u0113 \u2013 starp vi\u0146u un Horneru. Marko uzsver, ka situ\u0101cija nav bijusi tikai personiska str\u012bda rezult\u0101ts, bet gan fundament\u0101ls varas l\u012bdzsvara p\u0101rk\u0101pums komandas hierarhij\u0101 p\u0113c t\u0101s dibin\u0101t\u0101ja D\u012btriha Mate\u0161ica n\u0101ves 2022. gada nogal\u0113. Marko atg\u0101dina, ka vi\u0146\u0161 kop\u0101 ar Mate\u0161icu 2005. gad\u0101 dibin\u0101ja \u201eRed Bull Racing\u201d, un l\u0113mumu vara s\u0101kotn\u0113ji atrad\u0101s Austrij\u0101.<\/p>\n<blockquote><p>\u201cKad Didi (Mate\u0161ics) aizg\u0101ja, Kristians s\u0101ka piesaist\u012bties Taizemes l\u012bdz\u012bpa\u0161niekam \u010cal\u0113mam J\u016bv\u012bdjam, lai nostiprin\u0101tu savu kontroli. Es, p\u0101rst\u0101vot Austrijas intereses, dar\u012bju visu, lai to nepie\u013cautu,\u201d apgalvo Marko.<\/p><\/blockquote>\n<p>Pirms Horners tika atcelts no amata j\u016blij\u0101, komandas rezult\u0101ti uz trases iev\u0113rojami krit\u0101s. Marko skaidro, ka tie\u0161i \u0161is snieguma kritums bija iemesls r\u012bkoties, un nor\u0101da, ka kav\u0113\u0161an\u0101s ar l\u0113muma pie\u0146em\u0161anu bija likten\u012bga Verstapenam \u0161osezon.<\/p>\n<p>Horners: P\u0101r\u0101k Ilga P\u0101r\u0101kuma Perioda Sekas<\/p>\n<p>Kristians Horners, kur\u0161 bija komandas vad\u012bt\u0101js vair\u0101k nek\u0101 divas desmitgades, amat\u0101 notur\u0113j\u0101s l\u012bdz pat j\u016blijam, neskatoties uz ilgsto\u0161o iek\u0161\u0113jo izmekl\u0113\u0161anu un publiskaj\u0101m baum\u0101m. Marko apgalvo, ka Horners esot nodarbojies ar\u012b ar \u201cnet\u012br\u0101m sp\u0113l\u0113m\u201d un nomelno\u0161anas kampa\u0146\u0101m pret oponentiem. \u0160\u012b iek\u0161\u0113j\u0101 nestabilit\u0101te un neuztic\u012bba augst\u0101kaj\u0101 l\u012bmen\u012b, \u0161\u0137iet, tie\u0161\u0101 veid\u0101 atspogu\u013coj\u0101s rezult\u0101tos, \u012bpa\u0161i sezonas vidusposm\u0101.<\/p>\n<p>Kad Horners beidzot tika atcelts un st\u016bri p\u0101r\u0146\u0113ma Lor\u0101ns Mek\u012bss, \u201cRed Bull\u201d sniegums strauji uzlaboj\u0101s. Verstapens sp\u0113ja uzr\u0101d\u012bt iespaid\u012bgu sniegumu sezonas otraj\u0101 pus\u0113, tom\u0113r atsp\u0113l\u0113t visu nodar\u012bto zaud\u0113jumu neizdev\u0101s. Mek\u012bsa vad\u012bb\u0101 komanda atguva da\u013cu no zaud\u0113t\u0101s p\u0101rliec\u012bbas, kas \u013c\u0101va Verstapenam fini\u0161\u0113t vien par diviem punktiem aiz \u010dempionu Lando Norisu (McLaren).<\/p>\n<p>P\u0101rmai\u0146as un N\u0101kotne Bez Marko<\/p>\n<p>Kaut gan Hornera atlai\u0161ana no komandas tika uztverta k\u0101 \u0161oks, tagad daudzi anal\u012bti\u0137i nor\u0101da, ka \u0161\u0101ds solis bija nepiecie\u0161ams, lai att\u012br\u012btu komandas t\u0113lu un atjaunotu fokusu uz sac\u012bkst\u0113m. Tom\u0113r tie\u0161i p\u0113c \u0161\u012b notikuma tika pazi\u0146ots par Marko aizie\u0161anu no komandas, kas, lai ar\u012b ofici\u0101li tika pasniegts k\u0101 Marko l\u0113mums, \u0161\u0137iet, bija saist\u012bts ar to pa\u0161u politisko zemestr\u012bci.<\/p>\n<p>Marko atzin\u0101s, ka vi\u0146a aizie\u0161ana ir s\u0101p\u012bgs br\u012bdis, \u012bpa\u0161i p\u0113c tik ilgas sadarb\u012bbas ar komandu, kas izc\u012bn\u012bja asto\u0146us brauc\u0113ju un se\u0161us konstruktoru \u010dempiontitulus. Izskat\u0101s, ka 2025. gads \u201eRed Bull\u201d vienm\u0113r paliks atmi\u0146\u0101 ne tikai k\u0101 gads, kur\u0101 tika zaud\u0113ts \u010dempiontituls, bet ar\u012b k\u0101 gads, kad atkl\u0101j\u0101s dzi\u013c\u0101k\u0101s probl\u0113mas komandas p\u0101rvald\u0113, kas domin\u0113jo\u0161o sp\u0113ku p\u0101rv\u0113rta par trauslu l\u012bderi.<\/p>\n<p>Ietekme Uz Verstapena Karjeru<\/p>\n<p>Fakts, ka Verstapens zaud\u0113ja titulu ar nieka asto\u0146iem saskait\u012btiem punktiem starp\u012bbu, dod baumas papildu svaru. Tas liek dom\u0101t, ka sezonas vid\u016b piedz\u012bvotais kritiens, kas sakrita ar vad\u012bbas nesaska\u0146\u0101m, tie\u0161\u0101m maks\u0101ja \u0161o pasaules \u010dempion\u0101ta noga\u013cu. L\u012bdz ar Mek\u012bsa iecel\u0161anu un, iesp\u0113jams, ne tik sp\u0113c\u012bgu Hornera ietekmi, komanda atkal s\u0101ka str\u0101d\u0101t efekt\u012bv\u0101k. N\u0101kam\u0101s sezonas s\u0101kums b\u016bs iz\u0161\u0137iro\u0161s, lai saprastu, vai \u0161\u012bs vad\u012bbas korekcijas tie\u0161\u0101m ir pietiekamas, lai g\u016btu pan\u0101kumus jaunaj\u0101 F1 laikmet\u0101.<\/p>\n","protected":false},"excerpt":{"rendered":"Gada Atskats: \u201eRed Bull\u201d Nemier\u012bg\u0101 Sezona \u2013 Politika Tras\u0113 un \u0100rpus T\u0101s 2025. gada Formula 1 sezona \u201eRed&hellip;\n","protected":false},"author":2,"featured_media":81010,"comment_status":"","ping_status":"","sticky":false,"template":"","format":"standard","meta":{"footnotes":""},"categories":[17],"tags":[20351,20350,2465,35,39,38,36,37,34,40,2358,20349,67],"class_list":{"0":"post-81009","1":"post","2":"type-post","3":"status-publish","4":"format-standard","5":"has-post-thumbnail","7":"category-sports","8":"tag-f1-2025-sezona","9":"tag-helmuts-marko","10":"tag-kristians-horners","11":"tag-latvia","12":"tag-latvian","13":"tag-latviesu","14":"tag-latviesu-valoda","15":"tag-latviesuvaloda","16":"tag-latvija","17":"tag-lv","18":"tag-makss-verstapens","19":"tag-red-bull-f1","20":"tag-sports"},"share_on_mastodon":{"url":"https:\/\/pubeurope.com\/@lv\/115752248482274534","error":""},"_links":{"self":[{"href":"https:\/\/www.europesays.com\/lv\/wp-json\/wp\/v2\/posts\/81009","targetHints":{"allow":["GET"]}}],"collection":[{"href":"https:\/\/www.europesays.com\/lv\/wp-json\/wp\/v2\/posts"}],"about":[{"href":"https:\/\/www.europesays.com\/lv\/wp-json\/wp\/v2\/types\/post"}],"author":[{"embeddable":true,"href":"https:\/\/www.europesays.com\/lv\/wp-json\/wp\/v2\/users\/2"}],"replies":[{"embeddable":true,"href":"https:\/\/www.europesays.com\/lv\/wp-json\/wp\/v2\/comments?post=81009"}],"version-history":[{"count":0,"href":"https:\/\/www.europesays.com\/lv\/wp-json\/wp\/v2\/posts\/81009\/revisions"}],"wp:featuredmedia":[{"embeddable":true,"href":"https:\/\/www.europesays.com\/lv\/wp-json\/wp\/v2\/media\/81010"}],"wp:attachment":[{"href":"https:\/\/www.europesays.com\/lv\/wp-json\/wp\/v2\/media?parent=81009"}],"wp:term":[{"taxonomy":"category","embeddable":true,"href":"https:\/\/www.europesays.com\/lv\/wp-json\/wp\/v2\/categories?post=81009"},{"taxonomy":"post_tag","embeddable":true,"href":"https:\/\/www.europesays.com\/lv\/wp-json\/wp\/v2\/tags?post=81009"}],"curies":[{"name":"wp","href":"https:\/\/api.w.org\/{rel}","templated":true}]}}