{"id":81031,"date":"2025-12-20T14:17:10","date_gmt":"2025-12-20T14:17:10","guid":{"rendered":"https:\/\/www.europesays.com\/lv\/81031\/"},"modified":"2025-12-20T14:17:10","modified_gmt":"2025-12-20T14:17:10","slug":"maris-bogdanovics-nosledz-kinas-pro-ligas-sezonu-ar-godalgotu-finisu-un-ceturto-vietu-kopvertejuma-lente-lv","status":"publish","type":"post","link":"https:\/\/www.europesays.com\/lv\/81031\/","title":{"rendered":"M\u0101ris Bogdanovi\u010ds nosl\u0113dz \u0136\u012bnas Pro l\u012bgas sezonu ar godalgotu fini\u0161u un ceturto vietu kopv\u0113rt\u0113jum\u0101\u00a0\u2014\u00a0Lente.lv"},"content":{"rendered":"<p>Latvie\u0161u sportista veiksm\u012bgs fini\u0161s gr\u016btos apst\u0101k\u013cos<\/p>\n<p>Latvijas elites \u0161osejas rite\u0146brauc\u0113js M\u0101ris Bogdanovi\u010ds ir ar lielu sportisku pan\u0101kumu nosl\u0113dzis dal\u012bbu \u0136\u012bnas Pro l\u012bgas sezon\u0101. Otrdien uz Hai\u0146anas salas notiku\u0161aj\u0101s p\u0113d\u0113j\u0101s sacens\u012bb\u0101s sportists izc\u012bn\u012bja godpilno tre\u0161o vietu. \u0160is rezult\u0101ts nodro\u0161in\u0101ja vi\u0146am ar\u012b iev\u0113rojamu vietu sezonas kopv\u0113rt\u0113jum\u0101, kur Dobeles Rite\u0146brauk\u0161anas skolas audz\u0113knis ierindoj\u0101s ceturtaj\u0101 poz\u012bcij\u0101. Inform\u0101ciju par sportista sniegumu ofici\u0101li apstiprin\u0101ja Latvijas Rite\u0146brauk\u0161anas feder\u0101cija.<\/p>\n<p>\u0136\u012bnas Pro l\u012bgas maratons, kas \u0161ogad sast\u0101v\u0113ja no desmit posmiem, nosl\u0113dz\u0101s ar \u012bpa\u0161i sare\u017e\u0123\u012btu fin\u0101lposmu. Brauc\u0113jiem bija j\u0101veic 156 kilometru gara distance paugurain\u0101 reljef\u0101. \u0160o p\u0101rbaud\u012bjumu iev\u0113rojami sare\u017e\u0123\u012bja nelabv\u0113l\u012bgi laika apst\u0101k\u013ci \u2013 lietus un br\u0101zmaini s\u0101nu v\u0113ji, kas tradicion\u0101li rada neprognoz\u0113jamu situ\u0101ciju sacens\u012bbu gait\u0101.<\/p>\n<p>Gr\u016btais fini\u0161s Hainan\u0101 un komandas l\u012bdera loma<\/p>\n<p>Skarbie c\u012b\u0146as apst\u0101k\u013ci b\u016btiski ietekm\u0113ja pelotonu, izretinot to l\u012bdz pat p\u0113d\u0113jai br\u012bdim priek\u0161pus\u0113 eso\u0161ajai nelielajai sportistu grupi\u0146ai. Tie\u0161i \u0161aj\u0101 grup\u0101 izdev\u0101s notur\u0113ties M\u0101rim Bogdanovi\u010dam, kur\u0161 \u0161aj\u0101 etap\u0101 bija uztic\u0113ts savas komandas l\u012bdera loma. Vi\u0146a uzdevums bija maksim\u0101li atbalst\u012bt komandas strat\u0113\u0123iju un c\u012bn\u012bties par augst\u0101ko iesp\u0113jamo rezult\u0101tu.<\/p>\n<p>Fini\u0161a sprint\u0101 domin\u0113ja d\u0101\u0146u sportista Aleksandra Salbija p\u0101rst\u0101v\u0113t\u0101 vien\u012bba, \u201cLi Ning Star\u201d. Bogdanovi\u010ds m\u0113\u0123in\u0101ja sekot \u0161\u012bs komandas vado\u0161ajam brauc\u0113jam, cen\u0161oties piel\u0101goties straujajam tempam. Intens\u012bv\u0101 spraigum\u0101 latvietis fini\u0161\u0113ja tre\u0161aj\u0101 viet\u0101, sasniedzot identisku laiku (03:21:08) ar uzvar\u0113t\u0101ju Salbiju. Sacens\u012bb\u0101s start\u0113ja 138 rite\u0146brauc\u0113ji, no kuriem fini\u0161u sasniedza 71 sportists, kas apliecina tras\u0113 piedz\u012bvot\u0101s gr\u016bt\u012bbas.<\/p>\n<p>Augst\u0101 vieta \u0136\u012bnas UCI kontinent\u0101laj\u0101 l\u012bmen\u012b<\/p>\n<p>Kopv\u0113rt\u0113jum\u0101 M\u0101ra Bogdanovi\u010da sniegums ir atzin\u012bbas cien\u012bgs sasniegums. Ceturto vietu ie\u0146em\u0161ana desmit posmu seri\u0101l\u0101, kur\u0101 piedal\u0101s starptautiski atz\u012bti sportisti, nor\u0101da uz labu sezonas sniegumu un past\u0101v\u012bgu snieguma uztur\u0113\u0161anu.<\/p>\n<blockquote><p> Latvijas Rite\u0146brauk\u0161anas feder\u0101cija atz\u012bm\u0113jusi, ka ceturt\u0101 vieta kopv\u0113rt\u0113jum\u0101 ir gana z\u012bm\u012bgs pan\u0101kums latvie\u0161u sportistam \u0161aj\u0101 starptautisk\u0101 l\u012bme\u0146a sacens\u012bbu cikl\u0101.<\/p><\/blockquote>\n<p>\u0160\u012b sezona \u0136\u012bn\u0101 kopum\u0101 bija ra\u017e\u012bga. Jau iepriek\u0161, piem\u0113ram, \u201cTour of Yunnan\u201d sestaj\u0101 posm\u0101, Bogdanovi\u010ds bija izc\u012bn\u012bjis ceturto vietu, pirms p\u0113d\u0113jiem posmiem p\u0101rliecino\u0161i turoties pirmaj\u0101 pieciniek\u0101. T\u0101pat pirms fin\u0101lposmiem, cit\u0101 no \u201cTour of Yunnan\u201d etapiem, vi\u0146\u0161 sp\u0113ja iek\u013c\u016bt trijniek\u0101.<\/p>\n<p>Komandas un n\u0101kotnes perspekt\u012bvas<\/p>\n<p>M\u0101ris Bogdanovi\u010ds ar\u012b turpm\u0101k paliek uztic\u012bgs \u0100zijas kontinentam. Latvijas mediji zi\u0146o, ka vi\u0146\u0161 n\u0101kam\u0101s sezonas gait\u0101 turpin\u0101s p\u0101rst\u0101v\u0113t tie\u0161i \u0136\u012bnas UCI kontinent\u0101l\u0101 l\u012bme\u0146a vien\u012bbu \u201cFNIX-SCOM-Hengxiang Cycling Team\u201d. \u0160\u012b komanda starpsezon\u0101 iev\u0113rojami pastiprin\u0101jusi savu sast\u0101vu, piesaistot t\u0101dus sportistus k\u0101 n\u012bderlandie\u0161u sprinteris Rojs \u0112ftings un citi starptautiski brauc\u0113ji, kas liecina par komandas amb\u012bcij\u0101m augt un sasniegt arvien lab\u0101kus rezult\u0101tus.<\/p>\n<p>Iepriek\u0161\u0113j\u0101s sezon\u0101s Bogdanovi\u010ds, kur\u0161 dzimis Dobel\u0113 1991. gad\u0101, ir pier\u0101d\u012bjis savu meistar\u012bbu, uzvarot ar\u012b pa\u0161m\u0101ju kalend\u0101ra noz\u012bm\u012bgajos velobraucienos, piem\u0113ram, Baltic Chain Tour kopv\u0113rt\u0113jum\u0101 un izc\u012bnot vair\u0101kus posmu pan\u0101kumus. Vi\u0146a karjer\u0101 ir biju\u0161i ar\u012b citu komandu p\u0101rst\u0101vniec\u012bbas, tostarp \u201cAlpha Baltic\u2013Unitymarathons.com\u201d, \u201cRietumu\u2013Delfin\u201d un \u201cAmore &amp; Vita\u2013Prodir\u201d.<\/p>\n<p>Ieskats citos Latvijas rite\u0146brauk\u0161anas notikumos<\/p>\n<p>Kam\u0113r Bogdanovi\u010ds fini\u0161\u0113ja \u0100zij\u0101, Latvijas rite\u0146brauk\u0161anas sabiedr\u012bba turpina akt\u012bvi sekot l\u012bdzi ar\u012b viet\u0113jiem un citiem starptautiskajiem notikumiem. \u0160aj\u0101 period\u0101 tiek gatavots ar\u012b 2026. gada kalend\u0101rs \u0161osejas, MTB un Gravel discipl\u012bn\u0101m. T\u0101pat tiek preciz\u0113ta ar\u012b Losand\u017eelosas Olimpisko sp\u0113\u013cu kvalifik\u0101cijas gaita, kurai kvotu skaits rite\u0146brauk\u0161anas veidos saglab\u0101sies nemain\u012bgs, sal\u012bdzinot ar iepriek\u0161\u0113j\u0101m sp\u0113l\u0113m.<\/p>\n<p>Citviet pasaul\u0113 latvie\u0161u sportisti ar\u012b uzr\u0101d\u012bju\u0161i labus rezult\u0101tus. Piem\u0113ram, cits Latvijas rite\u0146brauc\u0113js Toms Skuji\u0146\u0161 sezonas nosl\u0113gum\u0101 demonstr\u0113ja sp\u0113c\u012bgu sniegumu UCI Pasaules t\u016bres velobraucien\u0101 \u201cIl Lombardia\u201d, ie\u0146emot 28. vietu. \u0160is apst\u0101klis liecina par augstu Latvijas sportistu gatav\u012bbas l\u012bmeni da\u017e\u0101dos segmentos, s\u0101kot no kontinent\u0101laj\u0101m l\u012bg\u0101m l\u012bdz pasaules t\u016bres sacens\u012bb\u0101m.<\/p>\n","protected":false},"excerpt":{"rendered":"Latvie\u0161u sportista veiksm\u012bgs fini\u0161s gr\u016btos apst\u0101k\u013cos Latvijas elites \u0161osejas rite\u0146brauc\u0113js M\u0101ris Bogdanovi\u010ds ir ar lielu sportisku pan\u0101kumu nosl\u0113dzis&hellip;\n","protected":false},"author":2,"featured_media":81032,"comment_status":"","ping_status":"","sticky":false,"template":"","format":"standard","meta":{"footnotes":""},"categories":[17],"tags":[20355,20356,20354,35,39,38,36,37,34,40,20353,462,67],"class_list":{"0":"post-81031","1":"post","2":"type-post","3":"status-publish","4":"format-standard","5":"has-post-thumbnail","7":"category-sports","8":"tag-fnix-scom-hengxiang","9":"tag-hainana","10":"tag-kinas-pro-liga","11":"tag-latvia","12":"tag-latvian","13":"tag-latviesu","14":"tag-latviesu-valoda","15":"tag-latviesuvaloda","16":"tag-latvija","17":"tag-lv","18":"tag-maris-bogdanovics","19":"tag-ritenbrauksana","20":"tag-sports"},"share_on_mastodon":{"url":"https:\/\/pubeurope.com\/@lv\/115752327173065459","error":""},"_links":{"self":[{"href":"https:\/\/www.europesays.com\/lv\/wp-json\/wp\/v2\/posts\/81031","targetHints":{"allow":["GET"]}}],"collection":[{"href":"https:\/\/www.europesays.com\/lv\/wp-json\/wp\/v2\/posts"}],"about":[{"href":"https:\/\/www.europesays.com\/lv\/wp-json\/wp\/v2\/types\/post"}],"author":[{"embeddable":true,"href":"https:\/\/www.europesays.com\/lv\/wp-json\/wp\/v2\/users\/2"}],"replies":[{"embeddable":true,"href":"https:\/\/www.europesays.com\/lv\/wp-json\/wp\/v2\/comments?post=81031"}],"version-history":[{"count":0,"href":"https:\/\/www.europesays.com\/lv\/wp-json\/wp\/v2\/posts\/81031\/revisions"}],"wp:featuredmedia":[{"embeddable":true,"href":"https:\/\/www.europesays.com\/lv\/wp-json\/wp\/v2\/media\/81032"}],"wp:attachment":[{"href":"https:\/\/www.europesays.com\/lv\/wp-json\/wp\/v2\/media?parent=81031"}],"wp:term":[{"taxonomy":"category","embeddable":true,"href":"https:\/\/www.europesays.com\/lv\/wp-json\/wp\/v2\/categories?post=81031"},{"taxonomy":"post_tag","embeddable":true,"href":"https:\/\/www.europesays.com\/lv\/wp-json\/wp\/v2\/tags?post=81031"}],"curies":[{"name":"wp","href":"https:\/\/api.w.org\/{rel}","templated":true}]}}