{"id":81051,"date":"2025-12-20T14:32:38","date_gmt":"2025-12-20T14:32:38","guid":{"rendered":"https:\/\/www.europesays.com\/lv\/81051\/"},"modified":"2025-12-20T14:32:38","modified_gmt":"2025-12-20T14:32:38","slug":"gulbis-par-vef-speletaju-problemam-mistiskas-lietas-notiek-bet-ir-japardzivo-un-nav-ko-cikstet","status":"publish","type":"post","link":"https:\/\/www.europesays.com\/lv\/81051\/","title":{"rendered":"Gulbis par VEF sp\u0113l\u0113t\u0101ju probl\u0113m\u0101m: Mistiskas lietas notiek, bet ir j\u0101p\u0101rdz\u012bvo un nav ko \u010d\u012bkst\u0113t"},"content":{"rendered":"<p>                                <img decoding=\"async\" src=\"https:\/\/www.europesays.com\/lv\/wp-content\/uploads\/2025\/12\/54985810416_9d1b5035be_k-750x450.jpg\"   alt=\"M\u0101rti\u0146\u0161 Gulbis\" class=\"post-featured-image\"\/><\/p>\n<p>M\u0101rti\u0146\u0161 Gulbis | Foto: M\u0101rti\u0146\u0161 Goldbergs<\/p>\n<p>Latvijas \u010dempionvien\u012bbas basketbol\u0101 \u201cVEF R\u012bga\u201d galvenais treneris <a href=\"https:\/\/www.sportazinas.com\/atsl\u0113gv\u0101rdi\/martins-gulbis\/\" rel=\"nofollow noopener\" target=\"_blank\">M\u0101rti\u0146\u0161 Gulbis<\/a> sarun\u0101 podk\u0101st\u0101 \u201c<a href=\"https:\/\/www.youtube.com\/watch?v=xNmuEAopopg&amp;t=1945s\" target=\"_blank\" rel=\"noreferrer noopener nofollow\">LV basketbols<\/a>\u201d atskat\u012bjies uz sezonas ievadu un startu FIBA \u010cempionu l\u012bg\u0101.<\/p>\n<p>Jau v\u0113st\u012bts, ka \u201cVEF R\u012bga\u201d otrdien zaud\u0113ja Starptautisk\u0101s Basketbola feder\u0101cijas (FIBA) \u010cempionu l\u012bgas pamatturn\u012bra p\u0113d\u0113j\u0101, sestaj\u0101 ma\u010d\u0101, nekvalific\u0113joties \u201cplay-in\u201d k\u0101rtai. R\u012bdzinieki viesos ar rezult\u0101tu\u00a069:85 zaud\u0113ja Slov\u0101kijas klubam Levices \u201cPatrioti\u201d. Tikm\u0113r \u201cOptibet\u201d Latvijas-Igaunijas l\u012bg\u0101 (LIBL) vefie\u0161i izc\u012bn\u012bju\u0161i 12 uzvaras un piedz\u012bvoju\u0161i divus zaud\u0113jumus.<\/p>\n<p>\u201cVisam, ko m\u0113s \u0161ogad esam dar\u012bju\u0161i, ir kaut k\u0101da likumsakar\u012bba. Nav jau t\u0101, ka, metot 50 punktus sp\u0113l\u0113, s\u0113\u017eam un dom\u0101jam, ka viss ir k\u0101rt\u012bb\u0101, t\u0101 glu\u017ei nav,\u201d izteicies Gulbis. \u201cNav t\u0101, ka necen\u0161amies kaut ko main\u012bt un analiz\u0113t. Ja paskat\u0101mies, tad pirm\u0101 k\u013c\u016bda un viss, kas ar to saist\u012bts, ir t\u0101, ka m\u0113s jau pirms sezonas pazaud\u0113j\u0101m vienu sp\u0113l\u0113t\u0101ju, ar kuru m\u0113s grib\u0113j\u0101m sp\u0113l\u0113t sav\u0101d\u0101k. L\u012bdz ar to, m\u0113s bij\u0101m akt\u012bvi tirg\u016b, bet divas ned\u0113\u013cas pirms sezonas s\u0101kum\u0101 tirg\u016b nevar atrast \u012bsti to, ko gribi. Daudz sp\u0113l\u0113t\u0101ji debit\u0113ja \u010cempionu l\u012bg\u0101 \u2013 asto\u0146i no 12, kas ir v\u0101jpr\u0101t\u012bgs skaitlis. Bij\u0101m pati jaun\u0101k\u0101 komanda un br\u012b\u017eiem nesp\u0113j\u0101m atrast balansu starp to, k\u0101 gribam sp\u0113l\u0113t. Leimanis m\u0113ne\u0161a laik\u0101 aizvad\u012bja \u010detrus treni\u0146u, l\u012bdz ar to neg\u0101j\u0101m treni\u0146u no treni\u0146\u0101, bet sp\u0113li no sp\u0113les. Tas viss izskat\u012bj\u0101s \u013coti smagn\u0113ji un grib\u0113tu teikt, ka tas bija pieredzes brauciens sp\u0113l\u0113t\u0101jiem, kuri nekad nebija biju\u0161i \u0161\u0101d\u0101s poz\u012bcij\u0101s.\u201d<\/p>\n<p>\u201cRegul\u0101ri esam tirg\u016b un mekl\u0113jam iesp\u0113jas, lai varam papildin\u0101ties un pal\u012bdz\u0113t komandai. Tie\u0161\u0101m \u0161\u0137iet, ka katru dienu k\u0101du zaud\u0113jam, un tas ir gr\u016bti ne tikai man un kopum\u0101 komandai, bet ar\u012b pa\u0161iem sp\u0113l\u0113t\u0101jiem. Zairs [Porters] pirms sp\u0113les teica, ka \u0161\u012b ir neveiksm\u012bg\u0101k\u0101 sezona, kuru dz\u012bv\u0113 redz\u0113jis. J\u0113kabs Niedra n\u0101k uz sp\u0113li un p\u0113k\u0161\u0146i ir 40 gr\u0101du temperat\u016bra un gripa, t\u0101das mistiskas lietas visu laiku notiek, bet ir j\u0101p\u0101rdz\u012bvo un nav ko \u010d\u012bkst\u0113t. J\u0101turas visiem kop\u0101 un j\u0101turpina str\u0101d\u0101t,\u201d nor\u0101d\u012bjis Gulbis.<\/p>\n<p>T\u0101pat \u201cVEF R\u012bga\u201d st\u016brmanis koment\u0113ja 18 gadus vec\u0101 Adriana And\u017eeva sniegumu. \u201cEs vi\u0146am teicu t\u0101 \u2013 cik zvanus sa\u0146\u0113mi p\u0113c sp\u0113les U18 Eiropas \u010dempion\u0101t\u0101 pret Slov\u0113niju? Cik cilv\u0113ku piezvan\u012bja un pateica, lai turpini c\u012bn\u012bties un viss b\u016bs k\u0101rt\u012bb\u0101. Mums bija ielaisti 73 punkti puslaik\u0101 un es dom\u0101ju, ka j\u0101beidz trenera karjera, m\u0113s zaud\u0113j\u0101m \u0101rpr\u0101t\u012bgi un tas turn\u012brs kopum\u0101 bija \u0101rpr\u0101ts. Redz\u0113ju, ka vi\u0146\u0161 ment\u0101li br\u016bk un var sabrukt. M\u0113s stundu nos\u0113d\u0113j\u0101m un izrun\u0101j\u0101m. Sapratu, ka vi\u0146\u0161 v\u0113l ir b\u0113rns, bet vi\u0146\u0101 kaut kas ir iek\u0161\u0101. Man prieks par to, k\u0101 vi\u0146\u0161 aug, jo tam visam apak\u0161\u0101 ir darbs un neatlaid\u012bba, ko vi\u0146\u0161 ir par\u0101d\u012bjis. Esmu \u0101rk\u0101rt\u012bgi priec\u012bgs par vi\u0146u, bet ar\u012b, kad \u010cempionu l\u012bga ielika postu, kad aug jaunais supertalants, es vi\u0146am teicu, lai nekad nemain\u0101s un ir pateic\u012bgs par to, kur tu esi un vienk\u0101r\u0161i turpini str\u0101d\u0101t. Tas ko vi\u0146\u0161 \u0161obr\u012bd piedz\u012bvo ir jebkura jaunie\u0161a sapnis.\u201d<\/p>\n","protected":false},"excerpt":{"rendered":"M\u0101rti\u0146\u0161 Gulbis | Foto: M\u0101rti\u0146\u0161 Goldbergs Latvijas \u010dempionvien\u012bbas basketbol\u0101 \u201cVEF R\u012bga\u201d galvenais treneris M\u0101rti\u0146\u0161 Gulbis sarun\u0101 podk\u0101st\u0101 \u201cLV&hellip;\n","protected":false},"author":2,"featured_media":81052,"comment_status":"","ping_status":"","sticky":false,"template":"","format":"standard","meta":{"footnotes":""},"categories":[17],"tags":[35,39,38,36,37,34,40,67],"class_list":{"0":"post-81051","1":"post","2":"type-post","3":"status-publish","4":"format-standard","5":"has-post-thumbnail","7":"category-sports","8":"tag-latvia","9":"tag-latvian","10":"tag-latviesu","11":"tag-latviesu-valoda","12":"tag-latviesuvaloda","13":"tag-latvija","14":"tag-lv","15":"tag-sports"},"share_on_mastodon":{"url":"https:\/\/pubeurope.com\/@lv\/115752386423631957","error":""},"_links":{"self":[{"href":"https:\/\/www.europesays.com\/lv\/wp-json\/wp\/v2\/posts\/81051","targetHints":{"allow":["GET"]}}],"collection":[{"href":"https:\/\/www.europesays.com\/lv\/wp-json\/wp\/v2\/posts"}],"about":[{"href":"https:\/\/www.europesays.com\/lv\/wp-json\/wp\/v2\/types\/post"}],"author":[{"embeddable":true,"href":"https:\/\/www.europesays.com\/lv\/wp-json\/wp\/v2\/users\/2"}],"replies":[{"embeddable":true,"href":"https:\/\/www.europesays.com\/lv\/wp-json\/wp\/v2\/comments?post=81051"}],"version-history":[{"count":0,"href":"https:\/\/www.europesays.com\/lv\/wp-json\/wp\/v2\/posts\/81051\/revisions"}],"wp:featuredmedia":[{"embeddable":true,"href":"https:\/\/www.europesays.com\/lv\/wp-json\/wp\/v2\/media\/81052"}],"wp:attachment":[{"href":"https:\/\/www.europesays.com\/lv\/wp-json\/wp\/v2\/media?parent=81051"}],"wp:term":[{"taxonomy":"category","embeddable":true,"href":"https:\/\/www.europesays.com\/lv\/wp-json\/wp\/v2\/categories?post=81051"},{"taxonomy":"post_tag","embeddable":true,"href":"https:\/\/www.europesays.com\/lv\/wp-json\/wp\/v2\/tags?post=81051"}],"curies":[{"name":"wp","href":"https:\/\/api.w.org\/{rel}","templated":true}]}}