{"id":81101,"date":"2025-12-20T15:52:08","date_gmt":"2025-12-20T15:52:08","guid":{"rendered":"https:\/\/www.europesays.com\/lv\/81101\/"},"modified":"2025-12-20T15:52:08","modified_gmt":"2025-12-20T15:52:08","slug":"putins-nav-atteicies-no-idejas-okupet-visu-ukrainu-un-baltijas-valstis","status":"publish","type":"post","link":"https:\/\/www.europesays.com\/lv\/81101\/","title":{"rendered":"Putins nav atteicies no idejas okup\u0113t visu Ukrainu un Baltijas valstis"},"content":{"rendered":"<p>Krievijas diktators Vladimirs Putins joproj\u0101m cen\u0161as okup\u0113t visu Ukrainu, neskatoties uz vi\u0146a apgalvojumiem par v\u0113lmi nosl\u0113gt mieru, atsaucoties uz se\u0161iem avotiem, kas iepazinu\u0161ies ar ASV izl\u016bkdienestu datiem, zi\u0146o Reuters. P\u0113c vi\u0146u teikt\u0101, Putins cer ieg\u016bt sav\u0101 kontrol\u0113 Eiropas valstis \u2013 Latviju, Lietuvu un Igauniju, kas agr\u0101k bija PSRS sast\u0101v\u0101.<\/p>\n","protected":false},"excerpt":{"rendered":"Krievijas diktators Vladimirs Putins joproj\u0101m cen\u0161as okup\u0113t visu Ukrainu, neskatoties uz vi\u0146a apgalvojumiem par v\u0113lmi nosl\u0113gt mieru, atsaucoties&hellip;\n","protected":false},"author":2,"featured_media":81102,"comment_status":"","ping_status":"","sticky":false,"template":"","format":"standard","meta":{"footnotes":""},"categories":[14],"tags":[23,57,292,3700,28,29,542,32,33,22,8505,74,30,31,35,39,38,36,37,34,40,2093,20,26,27,24,25,2238,276,235,54,55,56,21,58],"class_list":{"0":"post-81101","1":"post","2":"type-post","3":"status-publish","4":"format-standard","5":"has-post-thumbnail","7":"category-zinas-no-arvalstim","8":"tag-aktualitates","9":"tag-arvalstim","10":"tag-asv","11":"tag-autoritarisma-ena-par-eiropu","12":"tag-breaking-news","13":"tag-breakingnews","14":"tag-donalds-tramps","15":"tag-featured-news","16":"tag-featurednews","17":"tag-headlines","18":"tag-izlukdienests","19":"tag-krievijas-iebrukums-ukraina","20":"tag-latest-news","21":"tag-latestnews","22":"tag-latvia","23":"tag-latvian","24":"tag-latviesu","25":"tag-latviesu-valoda","26":"tag-latviesuvaloda","27":"tag-latvija","28":"tag-lv","29":"tag-marko-rubio","30":"tag-news","31":"tag-popularakas-zinas","32":"tag-popularakaszinas","33":"tag-top-stories","34":"tag-topstories","35":"tag-tvnet-arvalstis","36":"tag-ukraina","37":"tag-vladimirs-putins","38":"tag-world","39":"tag-world-news","40":"tag-worldnews","41":"tag-zinas","42":"tag-zinas-no-arvalstim"},"share_on_mastodon":{"url":"","error":"Validation failed: Text character limit of 500 exceeded"},"_links":{"self":[{"href":"https:\/\/www.europesays.com\/lv\/wp-json\/wp\/v2\/posts\/81101","targetHints":{"allow":["GET"]}}],"collection":[{"href":"https:\/\/www.europesays.com\/lv\/wp-json\/wp\/v2\/posts"}],"about":[{"href":"https:\/\/www.europesays.com\/lv\/wp-json\/wp\/v2\/types\/post"}],"author":[{"embeddable":true,"href":"https:\/\/www.europesays.com\/lv\/wp-json\/wp\/v2\/users\/2"}],"replies":[{"embeddable":true,"href":"https:\/\/www.europesays.com\/lv\/wp-json\/wp\/v2\/comments?post=81101"}],"version-history":[{"count":0,"href":"https:\/\/www.europesays.com\/lv\/wp-json\/wp\/v2\/posts\/81101\/revisions"}],"wp:featuredmedia":[{"embeddable":true,"href":"https:\/\/www.europesays.com\/lv\/wp-json\/wp\/v2\/media\/81102"}],"wp:attachment":[{"href":"https:\/\/www.europesays.com\/lv\/wp-json\/wp\/v2\/media?parent=81101"}],"wp:term":[{"taxonomy":"category","embeddable":true,"href":"https:\/\/www.europesays.com\/lv\/wp-json\/wp\/v2\/categories?post=81101"},{"taxonomy":"post_tag","embeddable":true,"href":"https:\/\/www.europesays.com\/lv\/wp-json\/wp\/v2\/tags?post=81101"}],"curies":[{"name":"wp","href":"https:\/\/api.w.org\/{rel}","templated":true}]}}