{"id":81109,"date":"2025-12-20T15:58:10","date_gmt":"2025-12-20T15:58:10","guid":{"rendered":"https:\/\/www.europesays.com\/lv\/81109\/"},"modified":"2025-12-20T15:58:10","modified_gmt":"2025-12-20T15:58:10","slug":"si-gada-maksliga-intelekta-bums-radijis-rekordlielas-emisijas-un-udens-paterinu","status":"publish","type":"post","link":"https:\/\/www.europesays.com\/lv\/81109\/","title":{"rendered":"\u0160\u012b gada m\u0101ksl\u012bg\u0101 intelekta bums rad\u012bjis rekordlielas emisijas un \u016bdens pat\u0113ri\u0146u"},"content":{"rendered":"<p>2025. gads paliks v\u0113stur\u0113 ar daudziem noz\u012bm\u012bgiem notikumiem. Viens no tiem, protams, ir m\u0101ksl\u012bg\u0101 intelekta (MI) straujais progress, kas sev l\u012bdzi nes gan iesp\u0113jas, gan riskus. Par to ir run\u0101ts daudz, ta\u010du maz\u0101k tie\u0161i klimata kontekst\u0101. <a href=\"https:\/\/www.cell.com\/patterns\/fulltext\/S2666-3899(25)00278-8?_returnURL=https%3A%2F%2Flinkinghub.elsevier.com%2Fretrieve%2Fpii%2FS2666389925002788%3Fshowall%3Dtrue\" rel=\"nofollow noopener\" target=\"_blank\">Jauns p\u0113t\u012bjums<\/a> apliecina, ka MI bums \u0161ogad rad\u012bjis milzu kait\u0113jumu videi un klimatam. Konkr\u0113t\u0101k, MI sist\u0113mu darb\u012bbas rezult\u0101t\u0101 atmosf\u0113r\u0101 izdal\u012bjies tikpat daudz oglek\u013ca dioks\u012bda, cik vis\u0101 \u0145ujork\u0101 gada laik\u0101. T\u0101pat MI d\u0113\u013c iz\u0161\u0137\u0113rd\u0113tais \u016bdens apjoms p\u0101rsniedz visas pasaules piepras\u012bjumu p\u0113c pudel\u0113s pild\u012bt\u0101 \u016bdens.\n<\/p>\n<p>\u0160os skait\u013cus apkopojis un p\u0113t\u012bjum\u0101 iet\u0113rpis holandie\u0161u akad\u0113mi\u0137is Alekss de Vr\u012bss-Gao (Alex de Vries-Gao). Vi\u0146\u0161 ir uz\u0146\u0113muma \u201cDigiconomist\u201d dibin\u0101t\u0101js, kas p\u0113ta digit\u0101lo tenden\u010du neparedz\u0113t\u0101s sekas. Gao apgalvo, ka tas bijis pirmais m\u0113\u0123in\u0101jums izm\u0113r\u012bt tie\u0161i m\u0101ksl\u012bg\u0101 intelekta, nevis datu centru ietekmi uz vidi. Tas ir \u013coti aktu\u0101li, jo 2025. gad\u0101 b\u016btiski pieauga \u010datbotu, k\u0101 \u201cChatGPT\u201d, \u201cGemini\u201d izmanto\u0161ana.\n<\/p>\n<p>P\u0113t\u012bjum\u0101 nor\u0101d\u012bts, ka MI rad\u012bt\u0101s siltumn\u012bcefekta g\u0101zu emisijas tagad veido aptuveni 8 % no glob\u0101laj\u0101m avi\u0101cijas emisij\u0101m. Tiek l\u0113sts, ka MI sist\u0113mas \u0161ogad rad\u012bju\u0161as l\u012bdz pat 80 miljoniem tonnu oglek\u013ca emisiju, kam\u0113r \u016bdens pat\u0113ri\u0146\u0161 var\u0113tu b\u016bt sasniedzis 765 miljardus litru. Tas ir liel\u0101ks apjoms nek\u0101 visiem datu centriem kop\u0101.\n<\/p>\n<p>Tie\u0161i datu centri ir liel\u0101k\u0101 s\u0101pe vides un klimata kontekst\u0101. Vides organiz\u0101cijas jau br\u012bdina par to rad\u012btaj\u0101m sek\u0101m, ta\u010du \u0161\u0137iet, ka tehnolo\u0123iju giganti to izv\u0113las nedzird\u0113t. Piem\u0113ram, liel\u0101kais Lielbrit\u0101nij\u0101 pl\u0101notais datu centrs var\u0113tu gad\u0101 rad\u012bt vair\u0101k nek\u0101 180 000 tonnu oglek\u013ca emisiju, kas ir tikpat cik 24 000 m\u0101jsaimniec\u012bbu. Gao uzskata, ka uz\u0146\u0113mumiem, kuri pelna uz MI, b\u016btu ar\u012b finansi\u0101li j\u0101pieliek roka klimata gl\u0101b\u0161an\u0101, jo naudas tiem pavisam noteikti pietiek.<\/p>\n","protected":false},"excerpt":{"rendered":"2025. gads paliks v\u0113stur\u0113 ar daudziem noz\u012bm\u012bgiem notikumiem. Viens no tiem, protams, ir m\u0101ksl\u012bg\u0101 intelekta (MI) straujais progress,&hellip;\n","protected":false},"author":2,"featured_media":81110,"comment_status":"","ping_status":"","sticky":false,"template":"","format":"standard","meta":{"footnotes":""},"categories":[14],"tags":[23,57,28,29,32,33,22,30,31,35,39,38,36,37,34,40,20,26,27,24,25,54,55,56,21,58],"class_list":{"0":"post-81109","1":"post","2":"type-post","3":"status-publish","4":"format-standard","5":"has-post-thumbnail","7":"category-zinas-no-arvalstim","8":"tag-aktualitates","9":"tag-arvalstim","10":"tag-breaking-news","11":"tag-breakingnews","12":"tag-featured-news","13":"tag-featurednews","14":"tag-headlines","15":"tag-latest-news","16":"tag-latestnews","17":"tag-latvia","18":"tag-latvian","19":"tag-latviesu","20":"tag-latviesu-valoda","21":"tag-latviesuvaloda","22":"tag-latvija","23":"tag-lv","24":"tag-news","25":"tag-popularakas-zinas","26":"tag-popularakaszinas","27":"tag-top-stories","28":"tag-topstories","29":"tag-world","30":"tag-world-news","31":"tag-worldnews","32":"tag-zinas","33":"tag-zinas-no-arvalstim"},"share_on_mastodon":{"url":"https:\/\/pubeurope.com\/@lv\/115752724358635479","error":""},"_links":{"self":[{"href":"https:\/\/www.europesays.com\/lv\/wp-json\/wp\/v2\/posts\/81109","targetHints":{"allow":["GET"]}}],"collection":[{"href":"https:\/\/www.europesays.com\/lv\/wp-json\/wp\/v2\/posts"}],"about":[{"href":"https:\/\/www.europesays.com\/lv\/wp-json\/wp\/v2\/types\/post"}],"author":[{"embeddable":true,"href":"https:\/\/www.europesays.com\/lv\/wp-json\/wp\/v2\/users\/2"}],"replies":[{"embeddable":true,"href":"https:\/\/www.europesays.com\/lv\/wp-json\/wp\/v2\/comments?post=81109"}],"version-history":[{"count":0,"href":"https:\/\/www.europesays.com\/lv\/wp-json\/wp\/v2\/posts\/81109\/revisions"}],"wp:featuredmedia":[{"embeddable":true,"href":"https:\/\/www.europesays.com\/lv\/wp-json\/wp\/v2\/media\/81110"}],"wp:attachment":[{"href":"https:\/\/www.europesays.com\/lv\/wp-json\/wp\/v2\/media?parent=81109"}],"wp:term":[{"taxonomy":"category","embeddable":true,"href":"https:\/\/www.europesays.com\/lv\/wp-json\/wp\/v2\/categories?post=81109"},{"taxonomy":"post_tag","embeddable":true,"href":"https:\/\/www.europesays.com\/lv\/wp-json\/wp\/v2\/tags?post=81109"}],"curies":[{"name":"wp","href":"https:\/\/api.w.org\/{rel}","templated":true}]}}