{"id":81128,"date":"2025-12-20T16:10:34","date_gmt":"2025-12-20T16:10:34","guid":{"rendered":"https:\/\/www.europesays.com\/lv\/81128\/"},"modified":"2025-12-20T16:10:34","modified_gmt":"2025-12-20T16:10:34","slug":"traktori-un-kartupeli-pret-es-mersukosas-ligumu-lente-lv","status":"publish","type":"post","link":"https:\/\/www.europesays.com\/lv\/81128\/","title":{"rendered":"Traktori un kartupe\u013ci pret ES-Mersukosas l\u012bgumu\u00a0\u2014\u00a0Lente.lv"},"content":{"rendered":"<p>Lauksaimnieku protesti un ES-Mersukosas tirdzniec\u012bbas l\u012bgums: Spriedze Brisel\u0113<\/p>\n<p>K\u0101 inform\u0113 telekan\u0101ls EuroNews, t\u016bksto\u0161iem lauksaimnieku tre\u0161dienas r\u012bt\u0101 dev\u0101s uz Brisel\u0113 notieko\u0161o Eiropas Savien\u012bbas samitu, blo\u0137\u0113jot satiksmi ar traktoriem un protest\u0113jot pret str\u012bd\u012bgo tirdzniec\u012bbas vieno\u0161anos starp ES un Dienvidamerikas valstu bloku Mersukosa. Vi\u0146u sa\u0161utums bija j\u016btams gais\u0101, jo, demonstrantiem pievienojoties arvien vair\u0101k dusm\u012bgu cilv\u0113ku, tika izmantoti kartupe\u013ci un olas, lai paustu savu neapmierin\u0101t\u012bbu, savuk\u0101rt policija atbild\u0113ja ar asaru g\u0101zi un \u016bdens lielgabaliem. \u0160\u012b situ manifest\u0101cija notiek laik\u0101, kad bloka l\u012bderi gatavojas apspriest \u0161o kaisl\u012bbas raiso\u0161o tirdzniec\u012bbas pakta projektu.<\/p>\n<p>Pretrun\u012bgi v\u0113rt\u0113jumi par tirdzniec\u012bbas vieno\u0161anos<\/p>\n<p>Tiek\u0161an\u0101s p\u0113c ekonomisk\u0101s br\u012bv\u012bbas un neatkar\u012bbas no glob\u0101laj\u0101m lielvar\u0101m ir st\u016brakmens argument\u0101cija vieno\u0161an\u0101s atbalst\u012bt\u0101jiem. Vi\u0146i uzskata, ka \u0161is l\u012bgums var\u0113tu kalpot k\u0101 dz\u012bv\u012bbas gl\u0101b\u0113js, pied\u0101v\u0101jot alternat\u012bvu \u0136\u012bnas stingraj\u0101m eksporta kontrol\u0113m un Amerikas Savienoto Valstu protekcionistiskajai tarifu politikai. Ta\u010du kriti\u0137u balsis neklust \u2013 vi\u0146i br\u012bdina par potenci\u0101lo kait\u0113jumu videi un ES lauksaimniec\u012bbas nozarei, kas jau t\u0101pat saskaras ar neskait\u0101m\u0101m gr\u016bt\u012bb\u0101m. K\u0101 metaforu varam teikt, ka l\u012bguma pretinieki baid\u0101s, ka tas var\u0113tu b\u016bt k\u0101 atv\u0113rt durvis lietum, kas izskalos m\u016bsu r\u016bp\u012bgi koptos augl\u012bgos laukus.<\/p>\n<p>Nacion\u0101l\u0101 pretest\u012bba un diplom\u0101tisk\u0101s sp\u0113les<\/p>\n<p>L\u012bguma pie\u0146em\u0161ana saskaras ar arvien sp\u0113c\u012bg\u0101ku pretest\u012bbu, \u012bpa\u0161i no Francijas un It\u0101lijas. It\u0101lijas premjerministre D\u017eord\u017ea Meloni skaidri nor\u0101d\u012bja, ka vieno\u0161an\u0101s parakst\u012b\u0161ana b\u016btu priek\u0161laic\u012bga, pieprasot \u201catbilsto\u0161as savstarp\u0113jas garantijas\u201d lauksaimniec\u012bbas sektoram. Fran\u010du prezidents Emanuels Makrons, non\u0101kot Brisel\u0113, pastiprin\u0101ja savu iebildumu, uzsverot, ka situ\u0101cija nav gatava parakst\u012b\u0161anai un aicinot uz turpm\u0101k\u0101m sarun\u0101m. Vi\u0146\u0161 ir run\u0101jis ar kol\u0113\u0123iem no Polijas, Be\u013c\u0123ijas, Austrijas un \u012arijas, pau\u017eot vienotu nost\u0101ju. Vi\u0146a vald\u012bba pieprasa stingr\u0101kus dro\u0161\u012bbas pas\u0101kumus, ieskaitot stingr\u0101kus pestic\u012bdu ierobe\u017eojumus un pastiprin\u0101tu kontroli ES ost\u0101s. \u0160\u012b it\u0101\u013cu nost\u0101ja, pievienojoties fran\u010du l\u012bderim, dod pietiekami daudz balsu, lai blo\u0137\u0113tu Eiropas Komisijas prezidentes Urzulas fon der Leienas pl\u0101nus parakst\u012bt \u0161o vieno\u0161anos sestdien. Lai l\u012bgums tiktu virz\u012bts uz priek\u0161u, nepiecie\u0161ams vismaz divu tre\u0161da\u013cu ES dal\u012bbvalstu atbalsts.<\/p>\n<p>V\u0113sturiskais l\u012bgums un glob\u0101l\u0101s amb\u012bcijas<\/p>\n<p>\u0160\u012b tirdzniec\u012bbas vieno\u0161an\u0101s, kas veidojusies 25 gadu garum\u0101, ir paredz\u0113ta, lai nov\u0113rstu tirdzniec\u012bbas barjeras starp ES un piec\u0101m Mersukosas valst\u012bm \u2013 Braz\u012bliju, Argent\u012bnu, Urugvaju, Paragvaju un Bol\u012bviju \u2013 15 gadu laik\u0101. T\u0101s m\u0113r\u0137is ir rad\u012bt vienu no pasaul\u0113 liel\u0101kaj\u0101m tirdzniec\u012bbas zon\u0101m, aptverot 780 miljonus cilv\u0113ku un aptuveni ceturto da\u013cu glob\u0101l\u0101 IKP. Vado\u0146i, piem\u0113ram, V\u0101cijas kanclers Fr\u012bdrihs Mercs, uzsver, ka \u0161\u0101da l\u012bguma noraid\u012b\u0161ana vai atlik\u0161ana kait\u0113tu ES starptautiskajam t\u0113lam un uzticam\u012bbai glob\u0101laj\u0101 tirdzniec\u012bbas ar\u0113n\u0101. Agate Demarais no Eiropas \u0100rpolitikas padomes nor\u0101da, ka \u0161\u012b vieno\u0161an\u0101s ir ar\u012b da\u013ca no pla\u0161\u0101kas strat\u0113\u0123isk\u0101s konkurences starp Rietumiem un \u0136\u012bnu par ietekmi Lat\u012b\u0146amerik\u0101. Ja vieno\u0161an\u0101s netiks nosl\u0113gta, past\u0101v risks, ka Lat\u012b\u0146amerikas ekonomikas arvien vair\u0101k piev\u0113rs\u012bsies Pekinai.<\/p>\n<p>Da\u017e\u0101d\u0101s domstarp\u012bbas un cer\u012bbas uz nosl\u0113gumu<\/p>\n<p>Neskatoties uz iesp\u0113jamo atlik\u0161anu, Urzula fon der Leiena un Eiropas Padomes prezidents Ant\u00f3nio Costa joproj\u0101m ir paredz\u0113ti, lai parakst\u012btu vieno\u0161anos Braz\u012blij\u0101 \u0161aj\u0101 ned\u0113\u013cas nogal\u0113. Fon der Leiena uzsver nepiecie\u0161am\u012bbu mazin\u0101t p\u0101rm\u0113r\u012bgu atkar\u012bbu no cit\u0101m valst\u012bm, apgalvojot: <\/p>\n<blockquote><p> \u201cMums ir j\u0101atbr\u012bvojas no m\u016bsu p\u0101rm\u0113r\u012bg\u0101s atkar\u012bbas, un tas ir iesp\u0113jams tikai ar br\u012bv\u0101s tirdzniec\u012bbas l\u012bgumu t\u012bklu.\u201d <\/p><\/blockquote>\n<p> Vi\u0146a nor\u0101da uz \u0161\u012bs vieno\u0161an\u0101s milz\u012bgo noz\u012bmi un nepiecie\u0161am\u012bbu ieg\u016bt \u201cza\u013co gaismu\u201d Mersukosas l\u012bgumam. Politiska dinamika Dienvidamerik\u0101<\/p>\n<p>Dienvidamerik\u0101 politisk\u0101s spriedzes dinamika, \u012bpa\u0161i starp Argent\u012bnas libert\u0101ro prezidentu Havjeru Mileju un Braz\u012blijas kreiso l\u012bderi Luizu Inasiu Lulam da Silva, nav mazin\u0101jusi vi\u0146u ap\u0146\u0113m\u012bbu nosl\u0113gt aliansi ar Eiropu. Urugvajas ekonomikas un finan\u0161u ministrs Gabriels Odone pauda optimismu, ka vieno\u0161an\u0101s tiks apstiprin\u0101ta Eiropas Savien\u012bb\u0101 un l\u012bgums tiks parakst\u012bts. Lula, kura valsts ir liel\u0101k\u0101 Dienvidamerikas ekonomika, ir licis uz \u0161o l\u012bgumu savu diplom\u0101tisko presti\u017eu, \u012bpa\u0161i pirms gaid\u0101maj\u0101m visp\u0101r\u0113j\u0101m v\u0113l\u0113\u0161an\u0101m. Vi\u0146\u0161 pauda neapmierin\u0101t\u012bbu ar It\u0101lijas un Francijas pretest\u012bbu, uzsverot, ka sestdiena iz\u0161\u0137irs vieno\u0161an\u0101s likteni. Lula piebilda, ka, ja vieno\u0161an\u0101s netiks nosl\u0113gta tagad, Braz\u012blija vairs nesl\u0113gs jaunus l\u012bgumus vi\u0146a prezident\u016bras laik\u0101, uzsverot, ka \u0161is pakts \u201caizst\u0101v\u0113s multikultur\u0101lismu\u201d laik\u0101, kad ASV prezidents Donalds Tramps tiecas uz unilateralismu. Milejs, kur\u0161 ir Trampa ideolo\u0123isks sabiedrotais, ar\u012b atbalsta l\u012bgumu, uzskatot, ka Mersukosa ir j\u0101izmanto k\u0101 \u201c\u0161autene, kas \u013cauj mums efekt\u012bvi iek\u013c\u016bt pasaules tirgos\u201d, nevis k\u0101 \u201cvairogs, kas m\u016bs pasarg\u0101 no pasaules\u201d.<\/p>\n","protected":false},"excerpt":{"rendered":"Lauksaimnieku protesti un ES-Mersukosas tirdzniec\u012bbas l\u012bgums: Spriedze Brisel\u0113 K\u0101 inform\u0113 telekan\u0101ls EuroNews, t\u016bksto\u0161iem lauksaimnieku tre\u0161dienas r\u012bt\u0101 dev\u0101s uz&hellip;\n","protected":false},"author":2,"featured_media":81129,"comment_status":"","ping_status":"","sticky":false,"template":"","format":"standard","meta":{"footnotes":""},"categories":[14],"tags":[23,57,28,29,20376,20377,20374,32,33,22,30,31,35,39,38,36,37,34,20375,40,20,26,27,19854,24,25,54,55,56,21,58],"class_list":{"0":"post-81128","1":"post","2":"type-post","3":"status-publish","4":"format-standard","5":"has-post-thumbnail","7":"category-zinas-no-arvalstim","8":"tag-aktualitates","9":"tag-arvalstim","10":"tag-breaking-news","11":"tag-breakingnews","12":"tag-briseles-samits","13":"tag-eiropas-lauksaimnieciba","14":"tag-es-mersukosas-ligums","15":"tag-featured-news","16":"tag-featurednews","17":"tag-headlines","18":"tag-latest-news","19":"tag-latestnews","20":"tag-latvia","21":"tag-latvian","22":"tag-latviesu","23":"tag-latviesu-valoda","24":"tag-latviesuvaloda","25":"tag-latvija","26":"tag-lauksaimnieku-protesti","27":"tag-lv","28":"tag-news","29":"tag-popularakas-zinas","30":"tag-popularakaszinas","31":"tag-tirdzniecibas-vienosanas","32":"tag-top-stories","33":"tag-topstories","34":"tag-world","35":"tag-world-news","36":"tag-worldnews","37":"tag-zinas","38":"tag-zinas-no-arvalstim"},"share_on_mastodon":{"url":"https:\/\/pubeurope.com\/@lv\/115752771528542533","error":""},"_links":{"self":[{"href":"https:\/\/www.europesays.com\/lv\/wp-json\/wp\/v2\/posts\/81128","targetHints":{"allow":["GET"]}}],"collection":[{"href":"https:\/\/www.europesays.com\/lv\/wp-json\/wp\/v2\/posts"}],"about":[{"href":"https:\/\/www.europesays.com\/lv\/wp-json\/wp\/v2\/types\/post"}],"author":[{"embeddable":true,"href":"https:\/\/www.europesays.com\/lv\/wp-json\/wp\/v2\/users\/2"}],"replies":[{"embeddable":true,"href":"https:\/\/www.europesays.com\/lv\/wp-json\/wp\/v2\/comments?post=81128"}],"version-history":[{"count":0,"href":"https:\/\/www.europesays.com\/lv\/wp-json\/wp\/v2\/posts\/81128\/revisions"}],"wp:featuredmedia":[{"embeddable":true,"href":"https:\/\/www.europesays.com\/lv\/wp-json\/wp\/v2\/media\/81129"}],"wp:attachment":[{"href":"https:\/\/www.europesays.com\/lv\/wp-json\/wp\/v2\/media?parent=81128"}],"wp:term":[{"taxonomy":"category","embeddable":true,"href":"https:\/\/www.europesays.com\/lv\/wp-json\/wp\/v2\/categories?post=81128"},{"taxonomy":"post_tag","embeddable":true,"href":"https:\/\/www.europesays.com\/lv\/wp-json\/wp\/v2\/tags?post=81128"}],"curies":[{"name":"wp","href":"https:\/\/api.w.org\/{rel}","templated":true}]}}