{"id":81130,"date":"2025-12-20T16:11:09","date_gmt":"2025-12-20T16:11:09","guid":{"rendered":"https:\/\/www.europesays.com\/lv\/81130\/"},"modified":"2025-12-20T16:11:09","modified_gmt":"2025-12-20T16:11:09","slug":"iecelti-pirags-berzins-un-znotins-lente-lv","status":"publish","type":"post","link":"https:\/\/www.europesays.com\/lv\/81130\/","title":{"rendered":"Iecelti P\u012br\u0101gs, B\u0113rzi\u0146\u0161 un Znoti\u0146\u0161\u00a0\u2014\u00a0Lente.lv"},"content":{"rendered":"<p>Jauna Paula Stradi\u0146a kl\u012bnisk\u0101s universit\u0101tes slimn\u012bcas padome s\u0101k darbu<\/p>\n<p>Paula Stradi\u0146a kl\u012bnisk\u0101s universit\u0101tes slimn\u012bcas (PSKUS) p\u0101rvald\u012bb\u0101 notikusi b\u016btiska mai\u0146a: Vesel\u012bbas ministrijas (VM) p\u0101rraudz\u012bb\u0101 eso\u0161aj\u0101 \u0101rk\u0101rtas dal\u012bbnieku sapulc\u0113 ir apstiprin\u0101ts jaunais slimn\u012bcas padomes sast\u0101vs. \u0160\u012b padome, kas darbosies tr\u012bs cilv\u0113ku sast\u0101v\u0101, tika apstiprin\u0101ta 2025. gada 19. decembr\u012b. K\u0101 inform\u0113 port\u0101ls jauns.lv, \u0161is solis ir noz\u012bm\u012bgs posms slimn\u012bcas ilgtermi\u0146a att\u012bst\u012bbas un p\u0101rvald\u012bbas stiprin\u0101\u0161an\u0101.<\/p>\n<p>Jaun\u0101 padome ir izveidota p\u0113c r\u016bp\u012bga atlases procesa, kur\u0101 tika sa\u0146emti 20 pieteikumi. Kandid\u0101tu izv\u0113rt\u0113\u0161ana norit\u0113ja tr\u012bs k\u0101rt\u0101s, nodro\u0161inot pla\u0161u un neatkar\u012bgu izv\u0113rt\u0113jumu. \u0160im procesam piesaist\u012bja nomin\u0101cijas komisiju ar p\u0101rst\u0101vjiem no Valsts kancelejas, Vesel\u012bbas ministrijas, biedr\u012bbas \u201cBaltijas Korporat\u012bv\u0101s p\u0101rvald\u012bbas instit\u016bts\u201d un Latvijas \u0100rstu biedr\u012bbas. Padomes locek\u013cu vad\u012bbas kompeten\u010du nov\u0113rt\u0113\u0161an\u0101 iesaist\u012bta ar\u012b person\u0101la atlases komp\u0101nija SIA \u201cEiroperson\u0101ls\u201d.<\/p>\n<p>Padomes locek\u013cu profesion\u0101lais spektrs<\/p>\n<p>Jaun\u0101 tr\u012bs personu padome ir veidota, iek\u013caujot ekspertus ar specifisku kompetenci trim svar\u012bg\u0101kaj\u0101m jom\u0101m:<\/p>\n<ul>\n<li>Vesel\u012bbas apr\u016bpes jom\u0101 iecelts profesors Valdis P\u012br\u0101gs. Vi\u0146\u0161 ir atz\u012bts \u0101rsts, zin\u0101tnieks un akad\u0113miskais l\u012bderis ar pla\u0161u starptautisku pieredzi, \u012bpa\u0161i endokrinolo\u0123ijas, diab\u0113ta un personaliz\u0113t\u0101s medic\u012bnas jom\u0101.<\/li>\n<li>Finan\u0161u jom\u0101 padom\u0113 darbosies Reinis B\u0113rzi\u0146\u0161, diplom\u0113ts finansists ar specializ\u0101ciju banku darb\u012bb\u0101 un starptautiskaj\u0101s finans\u0113s.<\/li>\n<li>Att\u012bst\u012bbas jaut\u0101jumos iecelts Kri\u0161j\u0101nis Znoti\u0146\u0161.<\/li>\n<\/ul>\n<p>\u0160\u0101da specializ\u0101cija nor\u0101da uz VM m\u0113r\u0137tiec\u012bgu pieeju, m\u0113\u0123inot nodro\u0161in\u0101t gan kl\u012bnisko, gan finansi\u0101lo un strat\u0113\u0123isko vad\u012bbu ar augsta l\u012bme\u0146a profesion\u0101\u013cu piesaisti. Profesora P\u012br\u0101ga pieredze medic\u012bnas zin\u0101tn\u0113 un vad\u012bb\u0101, k\u0101 ar\u012b B\u0113rzi\u0146a finan\u0161u ekspert\u012bze, tiek uzskat\u012btas par b\u016btisku atbalstu slimn\u012bcas sare\u017e\u0123\u012bto finan\u0161u un medic\u012bnas procesa l\u012bdzsvaro\u0161anai.<\/p>\n<p>Strat\u0113\u0123isk\u0101 loma un izaicin\u0101jumi<\/p>\n<p>Jaun\u0101s padomes galvenais uzdevums b\u016bs nodro\u0161in\u0101t efekt\u012bvu slimn\u012bcas darbu, \u012bpa\u0161i \u0146emot v\u0113r\u0101 t\u0101s strat\u0113\u0123isko noz\u012bmi valsts vesel\u012bbas apr\u016bpes sist\u0113m\u0101. Lai kandid\u0101ti tiktu izvirz\u012bti, tiem otraj\u0101 atlases k\u0101rt\u0101 bija j\u0101iesniedz strat\u0113\u0123iskais redz\u0113jums par PSKUS att\u012bst\u012bbu un galvenajiem n\u0101kotnes izaicin\u0101jumiem. Tas liecina, ka padomes mand\u0101ts sniedzas t\u0101l\u0101k par ikdienas operacion\u0101lo vad\u012bbu, fokus\u0113joties uz ilgtsp\u0113j\u012bgu izaugsmi.<\/p>\n<p>Iepriek\u0161\u0113j\u0101s padomes darbs, \u012bpa\u0161i saist\u012bb\u0101 ar A2 korpusa b\u016bvniec\u012bbas projektu un risku p\u0101rvald\u012bbu, tika kritiski v\u0113rt\u0113ts. Lai gan iepriek\u0161\u0113j\u0101 pagaidu padome Normunda Sta\u0146\u0113vi\u010da vad\u012bb\u0101 stabiliz\u0113ja p\u0101rvald\u012bbu un veica b\u016btiskus strat\u0113\u0123iskus l\u0113mumus, tostarp nodeva A2 korpusa b\u016bvniec\u012bbu VN\u012a p\u0101rzi\u0146\u0101, jaun\u0101 padome turpina \u0161o procesu ar jaunu, past\u0101v\u012bgu kompeten\u010du b\u0101zi.<\/p>\n<p>P\u0101rvald\u012bbas konteksts un n\u0101kotnes perspekt\u012bvas<\/p>\n<p>Vesel\u012bbas ministrija, k\u0101 slimn\u012bcas kapit\u0101la da\u013cu tur\u0113t\u0101ja, \u0161\u0101diem l\u0113mumiem pieiet ar m\u0113r\u0137i nodro\u0161in\u0101t atbild\u012bgu un profesion\u0101lu p\u0101rvald\u012bbu. PSKUS ir viena no Latvijas liel\u0101kaj\u0101m \u0101rstniec\u012bbas iest\u0101d\u0113m, un t\u0101s efektivit\u0101te tie\u0161\u0101 veid\u0101 ietekm\u0113 valsts medic\u012bnas sist\u0113mas sp\u0113ju nodro\u0161in\u0101t augsta l\u012bme\u0146a pacientu apr\u016bpi un izpild\u012bt Eiropas Savien\u012bbas finans\u0113juma nosac\u012bjumus.<\/p>\n<blockquote><p>Jaun\u0101 padomes strukt\u016bra, kur\u0101 katra locek\u013ca kompetence ir prec\u012bzi defin\u0113ta, \u013cauj cer\u0113t uz caurskat\u0101m\u0101ku un m\u0113r\u0137tiec\u012bg\u0101ku l\u0113mumu pie\u0146em\u0161anu, kas ir atsl\u0113ga veiksm\u012bgai lielo valsts projektu virz\u012bbai.<\/p><\/blockquote>\n<p>Paredzams, ka jaun\u0101 padome \u0101tri p\u0101r\u0146ems pilnas pilnvaras, lai turpin\u0101tu darbu pie galvenajiem att\u012bst\u012bbas projektiem un nodro\u0161in\u0101tu, ka slimn\u012bca sp\u0113j koncentr\u0113ties uz savu pamatfunkciju \u2013 pacientu \u0101rst\u0113\u0161anu \u2013 vienlaikus uzturot stingru finan\u0161u un att\u012bst\u012bbas uzraudz\u012bbu. Sabiedr\u012bba un medic\u012bnas nozares profesion\u0101\u013ci gaida pirmos publiskos pazi\u0146ojumus no jaun\u0101 kolekt\u012bva par tuv\u0101k\u0101s n\u0101kotnes priorit\u0101t\u0113m.<\/p>\n","protected":false},"excerpt":{"rendered":"Jauna Paula Stradi\u0146a kl\u012bnisk\u0101s universit\u0101tes slimn\u012bcas padome s\u0101k darbu Paula Stradi\u0146a kl\u012bnisk\u0101s universit\u0101tes slimn\u012bcas (PSKUS) p\u0101rvald\u012bb\u0101 notikusi b\u016btiska&hellip;\n","protected":false},"author":2,"featured_media":81131,"comment_status":"","ping_status":"","sticky":false,"template":"","format":"standard","meta":{"footnotes":""},"categories":[12],"tags":[23,28,29,32,33,22,30,31,35,39,38,36,37,34,40,20,26,27,20379,20381,20378,24,25,20380,1454,21],"class_list":{"0":"post-81130","1":"post","2":"type-post","3":"status-publish","4":"format-standard","5":"has-post-thumbnail","7":"category-latvija","8":"tag-aktualitates","9":"tag-breaking-news","10":"tag-breakingnews","11":"tag-featured-news","12":"tag-featurednews","13":"tag-headlines","14":"tag-latest-news","15":"tag-latestnews","16":"tag-latvia","17":"tag-latvian","18":"tag-latviesu","19":"tag-latviesu-valoda","20":"tag-latviesuvaloda","21":"tag-latvija","22":"tag-lv","23":"tag-news","24":"tag-popularakas-zinas","25":"tag-popularakaszinas","26":"tag-pskus-padome","27":"tag-slimnicu-parvaldiba","28":"tag-stradina-slimnica","29":"tag-top-stories","30":"tag-topstories","31":"tag-valdis-pirags","32":"tag-veselibas-ministrija","33":"tag-zinas"},"share_on_mastodon":{"url":"https:\/\/pubeurope.com\/@lv\/115752775414256146","error":""},"_links":{"self":[{"href":"https:\/\/www.europesays.com\/lv\/wp-json\/wp\/v2\/posts\/81130","targetHints":{"allow":["GET"]}}],"collection":[{"href":"https:\/\/www.europesays.com\/lv\/wp-json\/wp\/v2\/posts"}],"about":[{"href":"https:\/\/www.europesays.com\/lv\/wp-json\/wp\/v2\/types\/post"}],"author":[{"embeddable":true,"href":"https:\/\/www.europesays.com\/lv\/wp-json\/wp\/v2\/users\/2"}],"replies":[{"embeddable":true,"href":"https:\/\/www.europesays.com\/lv\/wp-json\/wp\/v2\/comments?post=81130"}],"version-history":[{"count":0,"href":"https:\/\/www.europesays.com\/lv\/wp-json\/wp\/v2\/posts\/81130\/revisions"}],"wp:featuredmedia":[{"embeddable":true,"href":"https:\/\/www.europesays.com\/lv\/wp-json\/wp\/v2\/media\/81131"}],"wp:attachment":[{"href":"https:\/\/www.europesays.com\/lv\/wp-json\/wp\/v2\/media?parent=81130"}],"wp:term":[{"taxonomy":"category","embeddable":true,"href":"https:\/\/www.europesays.com\/lv\/wp-json\/wp\/v2\/categories?post=81130"},{"taxonomy":"post_tag","embeddable":true,"href":"https:\/\/www.europesays.com\/lv\/wp-json\/wp\/v2\/tags?post=81130"}],"curies":[{"name":"wp","href":"https:\/\/api.w.org\/{rel}","templated":true}]}}