{"id":81138,"date":"2025-12-20T16:16:09","date_gmt":"2025-12-20T16:16:09","guid":{"rendered":"https:\/\/www.europesays.com\/lv\/81138\/"},"modified":"2025-12-20T16:16:09","modified_gmt":"2025-12-20T16:16:09","slug":"asv-piedava-potenciali-jaunu-formatu-sarunam-ar-ukrainu-un-krieviju-apgalvo-zelenskis","status":"publish","type":"post","link":"https:\/\/www.europesays.com\/lv\/81138\/","title":{"rendered":"ASV pied\u0101v\u0101 potenci\u0101li jaunu form\u0101tu sarun\u0101m ar Ukrainu un Krieviju, apgalvo Zelenskis"},"content":{"rendered":"<p>&#8220;Amerikas Savienot\u0101s Valstis teica, ka r\u012bkos atsevi\u0161\u0137u tik\u0161anos ar Krievijas p\u0101rst\u0101vjiem, un, cik es saprotu, vi\u0146i ierosin\u0101ja \u0161\u0101du form\u0101tu: <a href=\"https:\/\/www.tvnet.lv\/term\/8497\/ukraina\" class=\"topicLink\" target=\"_blank\" rel=\"nofollow noopener\">Ukraina<\/a>, Amerika, &#8220;krievi&#8221; &#8211; un, t\u0101 k\u0101 tur ir ar\u012b Eiropas p\u0101rst\u0101vji, tad, iesp\u0113jams, ar\u012b Eiropa. K\u0101p\u0113c es saku, iesp\u0113jams? T\u0101p\u0113c, ka b\u016btu lo\u0123iski r\u012bkot \u0161\u0101du kop\u012bgu tik\u0161anos,&#8221; sac\u012bja Zelenskis.<\/p>\n<p>P\u0113c Zelenska teikt\u0101, Kijiva par form\u0101tu lems p\u0113c tam, kad b\u016bs skaidrs, vai divpus\u0113j\u0101s sarunas ar <a href=\"https:\/\/www.tvnet.lv\/term\/555410\/asv\" class=\"topicLink\" target=\"_blank\" rel=\"nofollow noopener\">ASV<\/a> p\u0101rst\u0101vjiem, kas ats\u0101k\u0101s piektdien, b\u016bs pozit\u012bvas.<\/p>\n<p>Sestdien Maiami notiks Krievijas un ASV p\u0101rst\u0101vju sarunas, lai apspriestu pl\u0101nu, k\u0101 izbeigt karu Ukrain\u0101. Paredz\u0113ts, ka no ASV puses piedal\u012bsies ASV prezidenta Donalda Trampa \u012bpa\u0161ais v\u0113stnieks St\u012bvs Vitkofs un prezidenta znots D\u017eareds Ku\u0161ners.<\/p>\n<p>Piektdien Maiami notika Ukrainas deleg\u0101cijas sarunas ar ASV un Eiropas partneriem. No ASV puses Maiami sarun\u0101s piedal\u012bj\u0101s Vitkofs un Ku\u0161ners, savuk\u0101rt Eiropas valstis p\u0101rst\u0101v\u0113ja Lielbrit\u0101nijas, Francijas un V\u0101cijas nacion\u0101l\u0101s dro\u0161\u012bbas padomnieki.<\/p>\n<p>&#8220;Nosl\u0113gusies tik\u0161an\u0101s Savienotaj\u0101s Valst\u012bs ar Amerikas un Eiropas partneriem,&#8221; pazi\u0146oja Ukrainas deleg\u0101cijas vad\u012bt\u0101js Ukrainas Nacion\u0101l\u0101s dro\u0161\u012bbas un aizsardz\u012bbas padomes sekret\u0101rs Rustems Umerovs. &#8220;Vienoj\u0101mies ar amerik\u0101\u0146u partneriem par turpm\u0101kajiem so\u013ciem un kop\u012bga darba turpin\u0101\u0161anu tuv\u0101kaj\u0101 n\u0101kotn\u0113.&#8221;<\/p>\n<p>Pa\u0161laik nav pl\u0101nota Ukrainas, Krievijas un ASV p\u0101rst\u0101vju tr\u012bspus\u0113ja tik\u0161an\u0101s.<\/p>\n","protected":false},"excerpt":{"rendered":"&#8220;Amerikas Savienot\u0101s Valstis teica, ka r\u012bkos atsevi\u0161\u0137u tik\u0161anos ar Krievijas p\u0101rst\u0101vjiem, un, cik es saprotu, vi\u0146i ierosin\u0101ja \u0161\u0101du&hellip;\n","protected":false},"author":2,"featured_media":81139,"comment_status":"","ping_status":"","sticky":false,"template":"","format":"standard","meta":{"footnotes":""},"categories":[14],"tags":[23,57,292,28,29,32,33,22,234,74,30,31,35,39,38,36,37,34,40,20,26,27,24,25,276,178,54,55,56,21,58],"class_list":{"0":"post-81138","1":"post","2":"type-post","3":"status-publish","4":"format-standard","5":"has-post-thumbnail","7":"category-zinas-no-arvalstim","8":"tag-aktualitates","9":"tag-arvalstim","10":"tag-asv","11":"tag-breaking-news","12":"tag-breakingnews","13":"tag-featured-news","14":"tag-featurednews","15":"tag-headlines","16":"tag-krievija","17":"tag-krievijas-iebrukums-ukraina","18":"tag-latest-news","19":"tag-latestnews","20":"tag-latvia","21":"tag-latvian","22":"tag-latviesu","23":"tag-latviesu-valoda","24":"tag-latviesuvaloda","25":"tag-latvija","26":"tag-lv","27":"tag-news","28":"tag-popularakas-zinas","29":"tag-popularakaszinas","30":"tag-top-stories","31":"tag-topstories","32":"tag-ukraina","33":"tag-volodimirs-zelenskis","34":"tag-world","35":"tag-world-news","36":"tag-worldnews","37":"tag-zinas","38":"tag-zinas-no-arvalstim"},"share_on_mastodon":{"url":"https:\/\/pubeurope.com\/@lv\/115752795178891395","error":""},"_links":{"self":[{"href":"https:\/\/www.europesays.com\/lv\/wp-json\/wp\/v2\/posts\/81138","targetHints":{"allow":["GET"]}}],"collection":[{"href":"https:\/\/www.europesays.com\/lv\/wp-json\/wp\/v2\/posts"}],"about":[{"href":"https:\/\/www.europesays.com\/lv\/wp-json\/wp\/v2\/types\/post"}],"author":[{"embeddable":true,"href":"https:\/\/www.europesays.com\/lv\/wp-json\/wp\/v2\/users\/2"}],"replies":[{"embeddable":true,"href":"https:\/\/www.europesays.com\/lv\/wp-json\/wp\/v2\/comments?post=81138"}],"version-history":[{"count":0,"href":"https:\/\/www.europesays.com\/lv\/wp-json\/wp\/v2\/posts\/81138\/revisions"}],"wp:featuredmedia":[{"embeddable":true,"href":"https:\/\/www.europesays.com\/lv\/wp-json\/wp\/v2\/media\/81139"}],"wp:attachment":[{"href":"https:\/\/www.europesays.com\/lv\/wp-json\/wp\/v2\/media?parent=81138"}],"wp:term":[{"taxonomy":"category","embeddable":true,"href":"https:\/\/www.europesays.com\/lv\/wp-json\/wp\/v2\/categories?post=81138"},{"taxonomy":"post_tag","embeddable":true,"href":"https:\/\/www.europesays.com\/lv\/wp-json\/wp\/v2\/tags?post=81138"}],"curies":[{"name":"wp","href":"https:\/\/api.w.org\/{rel}","templated":true}]}}