{"id":81153,"date":"2025-12-20T16:28:11","date_gmt":"2025-12-20T16:28:11","guid":{"rendered":"https:\/\/www.europesays.com\/lv\/81153\/"},"modified":"2025-12-20T16:28:11","modified_gmt":"2025-12-20T16:28:11","slug":"ukraina-ik-dienu-sarazo-teju-1000-specialo-militaro-dronu-lai-cinitos-ar-ienaidnieku-2","status":"publish","type":"post","link":"https:\/\/www.europesays.com\/lv\/81153\/","title":{"rendered":"Ukraina ik dienu sara\u017eo teju 1000 speci\u0101lo milit\u0101ro dronu, lai c\u012bn\u012btos ar ienaidnieku"},"content":{"rendered":"<p>Kam\u0113r citviet s\u0101cies Ziemassv\u0113tku gaid\u012b\u0161anas laiks, kar\u0161 Ukrain\u0101 joproj\u0101m turpin\u0101s. Ukrainas Aizsardz\u012bbas ministrija pazi\u0146ojusi, ka kop\u0161 decembra s\u0101kuma t\u0101 saviem karav\u012briem ik dienu pieg\u0101d\u0101 ap 950 p\u0101rtv\u0113r\u0113jdronu, kas ir \u012bpa\u0161i paredz\u0113ti c\u012b\u0146ai pret ienaidnieka \u201cShahed\u201d bezpilota lidapar\u0101tiem.\n<\/p>\n<p>Teju 1000 p\u0101rtv\u0113r\u0113jdronu sara\u017eo\u0161ana un pieg\u0101de vienas dienas laik\u0101 ir noz\u012bm\u012bgs progress \u0161\u0101du bezpilota lidapar\u0101tu izmanto\u0161an\u0101. Gada s\u0101kum\u0101 tie v\u0113l atrad\u0101s prototipa izstr\u0101des stadij\u0101, bet \u0161obr\u012bd k\u013cuvu\u0161i par noz\u012bm\u012bgu elementu c\u012b\u0146\u0101 pret Krieviju.\n<\/p>\n<p>Tie ir pirm\u0101s personas skata (first-person-view \u2013 FPV) droni, kas izstr\u0101d\u0101ti, lai izn\u012bcin\u0101tu ienaidnieka bezpilota lidpar\u0101tus \u201cShahed\u201d, tajos ietriecoties vai izmantojot spr\u0101gstvielas. Tipiskam p\u0101rtv\u0113r\u0113jdronam ir \u010detri ar motoru darbin\u0101mi propelleri, ta\u010du at\u0161\u0137ir\u012bb\u0101 no citiem \u0161ie bie\u017ei tiek veidoti k\u0101 lode vai ra\u0137ete. Ukrainas izmantotajiem p\u0101rtv\u0113r\u0113jdroniem j\u0101b\u016bt ar\u012b \u013coti \u0101triem, lai notriektu pretinieka lidapar\u0101tus. Piem\u0113ram, \u201cShahed\u201d droni lido ar \u0101trumu 185 km\/h. B\u016btiski noz\u012bme ir \u0161o p\u0101rtv\u0113r\u0113jdronu regul\u0101r\u0101 uzlabo\u0161an\u0101 un jaun\u0101ko tehnolo\u0123iju izmanto\u0161an\u0101, kas no sve\u0161a ar\u012b ienaidniekam.\n<\/p>\n<p>Ukrainas Aizsardz\u012bbas ministrija ar\u012b inform\u0113jusi, ka \u0161obr\u012bd nosl\u0113gta sadarb\u012bba ar vair\u0101k nek\u0101 10 p\u0101rtv\u0113r\u0113jdronu ra\u017eot\u0101jiem, kuriem n\u0101kamgad b\u016bs j\u0101str\u0101d\u0101 v\u0113l akt\u012bv\u0101k, lai pal\u012bdz\u0113tu Ukrainai \u0161aj\u0101 kar\u0101 ar Krieviju.<\/p>\n","protected":false},"excerpt":{"rendered":"Kam\u0113r citviet s\u0101cies Ziemassv\u0113tku gaid\u012b\u0161anas laiks, kar\u0161 Ukrain\u0101 joproj\u0101m turpin\u0101s. Ukrainas Aizsardz\u012bbas ministrija pazi\u0146ojusi, ka kop\u0161 decembra s\u0101kuma&hellip;\n","protected":false},"author":2,"featured_media":81118,"comment_status":"","ping_status":"","sticky":false,"template":"","format":"standard","meta":{"footnotes":""},"categories":[14],"tags":[23,57,28,29,32,33,22,30,31,35,39,38,36,37,34,40,20,26,27,24,25,54,55,56,21,58],"class_list":{"0":"post-81153","1":"post","2":"type-post","3":"status-publish","4":"format-standard","5":"has-post-thumbnail","7":"category-zinas-no-arvalstim","8":"tag-aktualitates","9":"tag-arvalstim","10":"tag-breaking-news","11":"tag-breakingnews","12":"tag-featured-news","13":"tag-featurednews","14":"tag-headlines","15":"tag-latest-news","16":"tag-latestnews","17":"tag-latvia","18":"tag-latvian","19":"tag-latviesu","20":"tag-latviesu-valoda","21":"tag-latviesuvaloda","22":"tag-latvija","23":"tag-lv","24":"tag-news","25":"tag-popularakas-zinas","26":"tag-popularakaszinas","27":"tag-top-stories","28":"tag-topstories","29":"tag-world","30":"tag-world-news","31":"tag-worldnews","32":"tag-zinas","33":"tag-zinas-no-arvalstim"},"share_on_mastodon":{"url":"https:\/\/pubeurope.com\/@lv\/115752842492930424","error":""},"_links":{"self":[{"href":"https:\/\/www.europesays.com\/lv\/wp-json\/wp\/v2\/posts\/81153","targetHints":{"allow":["GET"]}}],"collection":[{"href":"https:\/\/www.europesays.com\/lv\/wp-json\/wp\/v2\/posts"}],"about":[{"href":"https:\/\/www.europesays.com\/lv\/wp-json\/wp\/v2\/types\/post"}],"author":[{"embeddable":true,"href":"https:\/\/www.europesays.com\/lv\/wp-json\/wp\/v2\/users\/2"}],"replies":[{"embeddable":true,"href":"https:\/\/www.europesays.com\/lv\/wp-json\/wp\/v2\/comments?post=81153"}],"version-history":[{"count":0,"href":"https:\/\/www.europesays.com\/lv\/wp-json\/wp\/v2\/posts\/81153\/revisions"}],"wp:featuredmedia":[{"embeddable":true,"href":"https:\/\/www.europesays.com\/lv\/wp-json\/wp\/v2\/media\/81118"}],"wp:attachment":[{"href":"https:\/\/www.europesays.com\/lv\/wp-json\/wp\/v2\/media?parent=81153"}],"wp:term":[{"taxonomy":"category","embeddable":true,"href":"https:\/\/www.europesays.com\/lv\/wp-json\/wp\/v2\/categories?post=81153"},{"taxonomy":"post_tag","embeddable":true,"href":"https:\/\/www.europesays.com\/lv\/wp-json\/wp\/v2\/tags?post=81153"}],"curies":[{"name":"wp","href":"https:\/\/api.w.org\/{rel}","templated":true}]}}