{"id":81156,"date":"2025-12-20T16:34:13","date_gmt":"2025-12-20T16:34:13","guid":{"rendered":"https:\/\/www.europesays.com\/lv\/81156\/"},"modified":"2025-12-20T16:34:13","modified_gmt":"2025-12-20T16:34:13","slug":"krievijas-enu-flotei-pievienojas-brunota-apsardze-baltijas-jura-lente-lv","status":"publish","type":"post","link":"https:\/\/www.europesays.com\/lv\/81156\/","title":{"rendered":"Krievijas \u00ab\u0113nu flotei\u00bb pievienojas bru\u0146ota apsardze Baltijas j\u016br\u0101\u00a0\u2014\u00a0Lente.lv"},"content":{"rendered":"<p>Jauns Solis Sankciju Apk\u0101rtrakst\u012b\u0161an\u0101: Bru\u0146ota Apsardze Uz Tankku\u0123iem<\/p>\n<p>Zviedrijas karaflote ir publiskojusi satrauco\u0161as zi\u0146as par Krievijas flotili, kas paz\u012bstama k\u0101 \u00ab\u0113nu flote\u00bb. Tiek zi\u0146ots, ka uz \u0161iem ku\u0123iem, kuri galvenok\u0101rt tiek izmantoti, lai apietu starptautisk\u0101s sankcijas, par\u0101d\u012bjusies bru\u0146ota apsardze. K\u0101 inform\u0113 Latvijas Sabiedriskie Mediji, Zviedrijas J\u016bras sp\u0113ku operat\u012bv\u0101s vad\u012bbas priek\u0161nieks Marko Petkovi\u010ds apstiprin\u0101jis \u0161o nov\u0113rojumu Zviedrijas sabiedriskajai telev\u012bzijai SVT. \u0160is gad\u012bjums iez\u012bm\u0113 jaunu, nopietn\u0101ku eskal\u0101cijas pak\u0101pi \u0161\u012bs sist\u0113mas aizsardz\u012bb\u0101, jo t\u0101 ir pirm\u0101 reize, kad k\u0101da Eiropas Savien\u012bbas (ES) dal\u012bbvalsts ofici\u0101li apstiprina \u0161\u0101du par\u0101d\u012bbu uz \u0161iem civilajiem, sankcijas apiet gribo\u0161ajiem tankku\u0123iem.<\/p>\n<p>Uz tankku\u0123iem, kas p\u0101rvad\u0101 Krievijas naftu, paman\u012btas personas, kas \u0123\u0113rbu\u0161\u0101s milit\u0101rpersonu form\u0101s un biju\u0161as apbru\u0146otas. Lai gan, sprie\u017eot p\u0113c visa, \u0161\u012bs personas, visticam\u0101k, nav da\u013ca no Krievijas regul\u0101rajiem bru\u0146otajiem sp\u0113kiem, bet gan pieder priv\u0101tiem apsardzes uz\u0146\u0113mumiem, to kl\u0101tb\u016btne civilaj\u0101 ku\u0123niec\u012bb\u0101 nor\u0101da uz \u0161\u012bs \u00ab\u0113nu flotes\u00bb strat\u0113\u0123isko noz\u012bmi Maskavai.<\/p>\n<p>\u00ab\u0112nu Flotes\u00bb B\u016bt\u012bba un Milit\u0101r\u0101s Kl\u0101tb\u016btnes Pastiprin\u0101\u0161an\u0101s<\/p>\n<p>Krievijas \u00ab\u0113nu flote\u00bb ir k\u013cuvusi par b\u016btisku meh\u0101nismu, lai nodro\u0161in\u0101tu Krievijas naftas eksportu, neskatoties uz Rietumu noteiktajiem ierobe\u017eojumiem. T\u0101 sast\u0101v no liela skaita tehniski novecoju\u0161u un bie\u017ei vien slikti apdro\u0161in\u0101tu tankku\u0123u, kuru \u012bpa\u0161umties\u012bbas ir apzin\u0101ti necaursp\u012bd\u012bgas un kas ku\u0123o zem da\u017e\u0101du re\u0123istr\u0101cijas karogiem. Tiek l\u0113sts, ka ap 90% no Krievijas j\u0113lnaftas eksporta ir atkar\u012bgi no \u0161\u012bs flotes, kas finans\u0113 valsts milit\u0101r\u0101s darb\u012bbas.<\/p>\n<p>Marko Petkovi\u010ds ar\u012b nor\u0101d\u012bjis, ka Krievija kopum\u0101 ir palielin\u0101jusi savu milit\u0101ro kl\u0101tb\u016btni Baltijas j\u016br\u0101. Krievijas kara ku\u0123i \u00abvisai past\u0101v\u012bgi\u00bb uzturas noteikt\u0101s zon\u0101s, kas izvietotas blakus galvenajiem ku\u0123o\u0161anas ce\u013ciem Somu l\u012bc\u012b un Baltijas j\u016br\u0101. \u0160\u012b past\u0101v\u012bg\u0101 kl\u0101tb\u016btne tiek interpret\u0113ta k\u0101 koordin\u0113ts atbalsts vai uzraudz\u012bba, kas nodro\u0161ina \u00ab\u0113nu flotes\u00bb oper\u0101ciju dro\u0161\u012bbu.<\/p>\n<p>Iepriek\u0161\u0113jie Br\u012bdin\u0101jumi un ES Reakcija<\/p>\n<p>Lai gan Zviedrijas apstiprin\u0101jums ir jauns, zi\u0146as par aizdom\u012bgu person\u0101lu uz \u0161iem ku\u0123iem izskan\u0113ja jau iepriek\u0161. Piem\u0113ram, agr\u0101k decembr\u012b d\u0101\u0146u p\u0113tniecisk\u0101s \u017eurn\u0101listikas vietne \u00abDanWatch\u00bb zi\u0146oja par mask\u0113\u0161an\u0101s t\u0113rpos \u0123\u0113rbtiem cilv\u0113kiem uz \u00ab\u0113nu flotes\u00bb tankku\u0123a \u0112resunda \u0161aurum\u0101, starp kuriem identific\u0113ts k\u0101ds biju\u0161ais Krievijas speci\u0101lo uzdevumu vien\u012bbas komandieris no Ka\u013ci\u0146ingradas. \u0160iem cilv\u0113kiem bija statuss k\u0101 \u00abpapildu komanda\u00bb bez ofici\u0101liem pien\u0101kumiem.<\/p>\n<p>\u0160\u012b situ\u0101cija aktualiz\u0113jas laik\u0101, kad Eiropas Savien\u012bba pastiprina sankcijas pret Krievijas ener\u0123\u0113tikas sektoru. Neskatoties uz ES un G7 centieniem ierobe\u017eot \u0161o pel\u0113ko tirgu, \u00ab\u0113nu flote\u00bb ir sp\u0113jusi ne tikai saglab\u0101t, bet pat palielin\u0101t savu darb\u012bbu. Jaun\u0101s sankcijas ir v\u0113rstas pret uz\u0146\u0113mumiem, kas p\u0101rvalda \u0161os tankku\u0123us, ta\u010du to apie\u0161anas strat\u0113\u0123ija k\u013c\u016bst arvien sare\u017e\u0123\u012bt\u0101ka.<\/p>\n<p>Implik\u0101cijas Baltijas J\u016bras Re\u0123ionam un Dro\u0161\u012bbai<\/p>\n<p>Bru\u0146otas apsardzes par\u0101d\u012b\u0161an\u0101s uz tankku\u0123iem Baltijas j\u016br\u0101 rada papildu dro\u0161\u012bbas un vides riskus re\u0123ion\u0101. \u0160ie ku\u0123i, kas bie\u017ei p\u0101rvad\u0101 j\u0113lnaftu, ir iev\u0113rojams vides apdraud\u0113jums, jo daudziem tr\u016bkst atbilsto\u0161a apdro\u0161in\u0101juma un tehnisk\u0101 st\u0101vok\u013ca p\u0101rbaudes. Pieaugo\u0161\u0101 milit\u0101r\u0101 kl\u0101tb\u016btne un dro\u0161\u012bbas pas\u0101kumu pastiprin\u0101\u0161ana uz \u0161iem kravas ku\u0123iem ir skaidrs sign\u0101ls par Krievijas ap\u0146\u0113m\u012bbu aizsarg\u0101t savus kritiskos ien\u0101kumu avotus.<\/p>\n<p>Zviedrijas amatpersonas, lai gan nor\u0101da, ka situ\u0101cija tiek cie\u0161i uzraudz\u012bta un pagaid\u0101m nav tie\u0161a riska sign\u0101lu, uzsver, ka uniform\u0113t\u0101 person\u0101la kl\u0101tb\u016btne apliecina \u00ab\u0113nu flotes\u00bb nenov\u0113rt\u0113jamo noz\u012bmi Kremlim. T\u0101pat tiek nov\u0113rota Krievijas karaflotes liel\u0101ka stacion\u0101ra kl\u0101tb\u016btne strat\u0113\u0123iski svar\u012bg\u0101s zon\u0101s piekrast\u0113, kas pal\u012bdz \u0161\u012bs sist\u0113mas uztur\u0113\u0161an\u0101.<\/p>\n<p>Turpm\u0101k\u0101 Uzraudz\u012bba un Starptautisk\u0101 Rea\u0123\u0113\u0161ana<\/p>\n<p>\u0160is jaun\u0101kais Zviedrijas atkl\u0101jums, visticam\u0101k, rosin\u0101s ES dal\u012bbvalstis un NATO piev\u0113rst v\u0113l liel\u0101ku uzman\u012bbu \u0161o ku\u0123u p\u0101rvietojumiem Baltijas j\u016br\u0101. Eskal\u0101cijas risks, kas saist\u012bts ar nezin\u0101mu, bru\u0146otu person\u0101lu uz civilajiem tankku\u0123iem, prasa koordin\u0113tu atbildi, lai nodro\u0161in\u0101tu ku\u0123o\u0161anas dro\u0161\u012bbu un samazin\u0101tu iesp\u0113jamos incidentus, \u012bpa\u0161i \u0161auraj\u0101s un intens\u012bvi izmantotaj\u0101s Baltijas j\u016bras \u016bden\u012bs. Situ\u0101cija liecina, ka \u00ab\u0113nu flotes\u00bb pasludin\u0101\u0161ana par nacion\u0101l\u0101s dro\u0161\u012bbas jaut\u0101jumu Krievijai, t\u0101s aizsardz\u012bbas pas\u0101kumi k\u013c\u016bst arvien man\u0101m\u0101ki ar\u012b \u0101r\u0113jiem nov\u0113rot\u0101jiem.<\/p>\n","protected":false},"excerpt":{"rendered":"Jauns Solis Sankciju Apk\u0101rtrakst\u012b\u0161an\u0101: Bru\u0146ota Apsardze Uz Tankku\u0123iem Zviedrijas karaflote ir publiskojusi satrauco\u0161as zi\u0146as par Krievijas flotili, kas&hellip;\n","protected":false},"author":2,"featured_media":81157,"comment_status":"","ping_status":"","sticky":false,"template":"","format":"standard","meta":{"footnotes":""},"categories":[14],"tags":[23,57,1934,28,29,20304,32,33,22,10040,30,31,35,39,38,36,37,34,40,20306,20,26,27,24,25,54,55,56,21,58,20305],"class_list":{"0":"post-81156","1":"post","2":"type-post","3":"status-publish","4":"format-standard","5":"has-post-thumbnail","7":"category-zinas-no-arvalstim","8":"tag-aktualitates","9":"tag-arvalstim","10":"tag-baltijas-jura","11":"tag-breaking-news","12":"tag-breakingnews","13":"tag-brunota-apsardze","14":"tag-featured-news","15":"tag-featurednews","16":"tag-headlines","17":"tag-krievijas-enu-flote","18":"tag-latest-news","19":"tag-latestnews","20":"tag-latvia","21":"tag-latvian","22":"tag-latviesu","23":"tag-latviesu-valoda","24":"tag-latviesuvaloda","25":"tag-latvija","26":"tag-lv","27":"tag-naftas-sankcijas","28":"tag-news","29":"tag-popularakas-zinas","30":"tag-popularakaszinas","31":"tag-top-stories","32":"tag-topstories","33":"tag-world","34":"tag-world-news","35":"tag-worldnews","36":"tag-zinas","37":"tag-zinas-no-arvalstim","38":"tag-zviedrijas-karaflote"},"share_on_mastodon":{"url":"https:\/\/pubeurope.com\/@lv\/115752865979186286","error":""},"_links":{"self":[{"href":"https:\/\/www.europesays.com\/lv\/wp-json\/wp\/v2\/posts\/81156","targetHints":{"allow":["GET"]}}],"collection":[{"href":"https:\/\/www.europesays.com\/lv\/wp-json\/wp\/v2\/posts"}],"about":[{"href":"https:\/\/www.europesays.com\/lv\/wp-json\/wp\/v2\/types\/post"}],"author":[{"embeddable":true,"href":"https:\/\/www.europesays.com\/lv\/wp-json\/wp\/v2\/users\/2"}],"replies":[{"embeddable":true,"href":"https:\/\/www.europesays.com\/lv\/wp-json\/wp\/v2\/comments?post=81156"}],"version-history":[{"count":0,"href":"https:\/\/www.europesays.com\/lv\/wp-json\/wp\/v2\/posts\/81156\/revisions"}],"wp:featuredmedia":[{"embeddable":true,"href":"https:\/\/www.europesays.com\/lv\/wp-json\/wp\/v2\/media\/81157"}],"wp:attachment":[{"href":"https:\/\/www.europesays.com\/lv\/wp-json\/wp\/v2\/media?parent=81156"}],"wp:term":[{"taxonomy":"category","embeddable":true,"href":"https:\/\/www.europesays.com\/lv\/wp-json\/wp\/v2\/categories?post=81156"},{"taxonomy":"post_tag","embeddable":true,"href":"https:\/\/www.europesays.com\/lv\/wp-json\/wp\/v2\/tags?post=81156"}],"curies":[{"name":"wp","href":"https:\/\/api.w.org\/{rel}","templated":true}]}}