{"id":81160,"date":"2025-12-20T16:40:38","date_gmt":"2025-12-20T16:40:38","guid":{"rendered":"https:\/\/www.europesays.com\/lv\/81160\/"},"modified":"2025-12-20T16:40:38","modified_gmt":"2025-12-20T16:40:38","slug":"tramps-uzruna-tautu-atkal-kritize-baidena-politiku","status":"publish","type":"post","link":"https:\/\/www.europesays.com\/lv\/81160\/","title":{"rendered":"Tramps uzrun\u0101 tautu, atkal kritiz\u0113 Baidena politiku"},"content":{"rendered":"<p class=\"lead\">\n                                ASV prezidents Donalds Tramps tre\u0161dien no Balt\u0101 nama uzrun\u0101ja Savienoto Valstu iedz\u012bvot\u0101jus, aizst\u0101vot sav\u0101 otraj\u0101 pilnvaru termi\u0146\u0101 \u012bstenoto politiku, k\u0101 ar\u012b asi kritiz\u0113jot priek\u0161g\u0101j\u0113ju D\u017eo Baidenu.\n                            <\/p>\n<p>Nek\u0101dus \u013coti noz\u012bm\u012bgus jaunumus prezidents gan neizzi\u0146oja. Par noz\u012bm\u012bg\u0101ko uzskat\u0101ms Trampa pazi\u0146ojums, ka visas ASV akt\u012bv\u0101 dienesta milit\u0101rpersonas \u2013 gandr\u012bz pusotrs miljons cilv\u0113ku \u2013 sa\u0146ems pr\u0113miju jeb &#8220;karot\u0101ja dividendi&#8221; 1776 dol\u0101ru apm\u0113r\u0101. \u0160is skaitlis uzskat\u0101ms par atsauci uz ASV dibin\u0101\u0161anas gadu, turkl\u0101t n\u0101kamgad ASV svin\u0113s savas neatkar\u012bbas 250. gadsk\u0101rtu. Kop\u0101 \u0161is l\u0113mums ASV bud\u017eetam izmaks\u0101s 2,6 miljardus dol\u0101ru. Tramps ar\u012b sol\u012bja, ka n\u0101kamgad n\u0101ks klaj\u0101 ar &#8220;m\u0101jok\u013cu reformu pl\u0101niem&#8221;. Prezidents ar\u012b atg\u0101din\u0101ja, ka n\u0101kamgad vi\u0146am b\u016bs iesp\u0113ja izraudz\u012bties n\u0101kamo Feder\u0101l\u0101s rezervju sist\u0113mas vad\u012bt\u0101ju, jo nosl\u0113gsies D\u017eeroma Pauela pilnvaru termi\u0146\u0161. Tramps pazi\u0146oja, ka n\u0101kamais ASV centr\u0101l\u0101s bankas vad\u012bt\u0101js &#8220;tic\u0113s zem\u0101m procentu likm\u0113m&#8221;.<\/p>\n<p>Runas laik\u0101 Tramps vair\u0101kk\u0101rt piemin\u0113ja Baidenu un kritiz\u0113ja sava priek\u0161g\u0101j\u0113ja politiku imigr\u0101cijas, noziedz\u012bbas un ekonomikas jaut\u0101jumos. Prezidents run\u0101 piev\u0113rs\u0101s ekonomikai, kuru amerik\u0101\u0146i aptauj\u0101s ir atzinu\u0161i par noz\u012bm\u012bg\u0101ko probl\u0113mu. &#8220;Augst\u0101 infl\u0101cija&#8221; tikusi piedz\u012bvota demokr\u0101tu administr\u0101cijas laik\u0101, bet, &#8220;pateicoties tarifiem&#8221;, Savienot\u0101s Valstis ir nopeln\u012bju\u0161as daudz naudas, apgalvoja Tramps. ASV mediji gan nor\u0101da, ka p\u0113d\u0113jo infl\u0101cijas k\u0101pumu ASV piedz\u012bvoju\u0161as tie\u0161i p\u0113c Trampa pavasar\u012b ieviestajiem augstajiem tarifiem. Ar\u012b bezdarbs, kas gan kopum\u0101 joproj\u0101m ir zems, Trampa otr\u0101 termi\u0146a laik\u0101 ir pieaudzis no 4% l\u012bdz 4,6%. Tas ir augst\u0101kais r\u0101d\u012bt\u0101js p\u0113d\u0113jo piecu gadu laik\u0101, nor\u0101da telekan\u0101ls NBC. Trampa reitingi p\u0113d\u0113j\u0101 laik\u0101 ir samazin\u0101ju\u0161ies, un \u012bpa\u0161i tas nov\u0113rojams amerik\u0101\u0146u v\u0113rt\u0113jum\u0101 par republik\u0101\u0146u administr\u0101cijas sasniegumiem ekonomiskajos jaut\u0101jumos.<\/p>\n<p>P\u0113c aptuveni 20 min\u016btes ilg\u0101s runas Tramps bija dzirdams sarun\u0101joties ar Balt\u0101 nama person\u0101la vad\u012bt\u0101ju S\u016bziju Vailsu. No prezidenta teikt\u0101 noprotams, ka Vailsa vi\u0146am bija ieteikusi n\u0101kt klaj\u0101 ar \u0161\u0101du uzrunu tautai, lai m\u0113\u0123in\u0101tu uzlabot republik\u0101\u0146u sare\u017e\u0123\u012bto politisko situ\u0101ciju. Republik\u0101\u0146i \u0161ogad jau vair\u0101kos \u0161tatos ir cietu\u0161i zaud\u0113jumus noz\u012bm\u012bg\u0101s v\u0113l\u0113\u0161an\u0101s, bet \u012bpa\u0161i iz\u0161\u0137iro\u0161s b\u016bs n\u0101kamais gads, kad gaid\u0101mas Kongresa v\u0113l\u0113\u0161anas.<\/p>\n<p>Demokr\u0101tu politi\u0137i p\u0113c prezidenta runas kritiz\u0113ja vi\u0146a m\u0113\u0123in\u0101jumu visu atbild\u012bbu novelt uz Baidenu. Trampa runa esot bijusi &#8220;atrauta no realit\u0101tes un paties\u012bbas&#8221;, p\u0113c prezidenta uzst\u0101\u0161an\u0101s nor\u0101d\u012bja demokr\u0101tu maz\u0101kuma l\u012bderis P\u0101rst\u0101vju pal\u0101t\u0101 Hak\u012bms D\u017eefr\u012bzs.<\/p>\n<p class=\"paragraph-muted\">Izv\u0113lies savu soct\u012bklu platformu, lai sekotu LASI.LV: <a href=\"https:\/\/www.facebook.com\/portals.lasi.lv\" target=\"_blank\" rel=\"noopener noreferrer nofollow\">Facebook<\/a>, <a href=\"https:\/\/twitter.com\/lasilvportals\" target=\"_blank\" rel=\"noopener noreferrer nofollow\">X<\/a>, <a href=\"https:\/\/bsky.app\/profile\/lasilv.bsky.social\" target=\"_blank\" rel=\"noopener noreferrer nofollow\">Bluesky<\/a>, <a href=\"https:\/\/www.draugiem.lv\/lasilv\/?pg=4\" target=\"_blank\" rel=\"noopener noreferrer nofollow\">Draugiem<\/a> vai ar\u012b <a href=\"https:\/\/www.instagram.com\/lasilv_zinas\/\" target=\"_blank\" rel=\"noopener noreferrer nofollow\">Instagram<\/a>. Pievienojies m\u016bsu las\u012bt\u0101ju pulkam, lai sa\u0146emtu \u012bpa\u0161i tev atlas\u012btu noder\u012bgu, praktisku un aktu\u0101lu saturu.\u00a0<\/p>\n<p><a href=\"https:\/\/lasi.lv\/abonesana\" rel=\"nofollow noopener\" target=\"_blank\">Abon\u0113<\/a>\u00a0LASI.LV gadam\u00a0vai k\u0101du no\u00a0&#8220;Latvijas Mediju&#8221; periodiskajiem izdevumiem 2026. gadam, un laim\u0113 1500 eiro vai Philips kafijas autom\u0101tu. Loterijas at\u013caujas nr. 8744.<\/p>\n<p><img decoding=\"async\" src=\"https:\/\/www.europesays.com\/lv\/wp-content\/uploads\/2025\/12\/1765963873_985_2025100311425268df8c8c1572e.jpg\" alt=\"\" loading=\"lazy\"\/><\/p>\n<p style=\"margin-left:auto;\">Pieraksties LASI.LV redaktora v\u0113stkopai <a href=\"https:\/\/lasi.lv\/vestkopa\/lasi-lv-galvena-redaktora-vestkopa\" rel=\"nofollow noopener\" target=\"_blank\">\u0161eit<\/a>.<\/p>\n<p>Pieraksties v\u0113stkopai un divas reizes ned\u0113\u013c\u0101 sa\u0146em padzi\u013cin\u0101tu LASI.LV galven\u0101 redaktora aktu\u0101lo zi\u0146u, kompetentu viedok\u013cu un interesant\u0101ko interviju apkopojumu.<\/p>\n<p>Ko tu sa\u0146emsi:<\/p>\n<ul>\n<li>Daudzveid\u012bgus koment\u0101rus un kompetentus Latvijas Mediju \u017eurn\u0101listu un autoru viedok\u013cus par aktu\u0101lo<\/li>\n<li>Ekspertu koment\u0101rus par da\u017e\u0101diem praktiskiem, noder\u012bgiem tematiem<\/li>\n<li>Aizraujo\u0161us materi\u0101lus par v\u0113sturi, psiholo\u0123iju, kult\u016bru<\/li>\n<li>Gata \u0160\u013c\u016bkas karikat\u016bru<\/li>\n<li>Tav\u0101 e-pasta kast\u012bt\u0113 katru ceturtdienu<\/li>\n<\/ul>\n<p style=\"margin-left:auto;\">\u00a0<\/p>\n<p><script async src=\"https:\/\/platform.twitter.com\/widgets.js\" charset=\"utf-8\"><\/script><script async src=\"\/\/www.instagram.com\/embed.js\"><\/script><\/p>\n","protected":false},"excerpt":{"rendered":"ASV prezidents Donalds Tramps tre\u0161dien no Balt\u0101 nama uzrun\u0101ja Savienoto Valstu iedz\u012bvot\u0101jus, aizst\u0101vot sav\u0101 otraj\u0101 pilnvaru termi\u0146\u0101 \u012bstenoto&hellip;\n","protected":false},"author":2,"featured_media":68560,"comment_status":"","ping_status":"","sticky":false,"template":"","format":"standard","meta":{"footnotes":""},"categories":[14],"tags":[23,57,28,29,32,33,22,30,31,35,39,38,36,37,34,40,20,26,27,24,25,54,55,56,21,58],"class_list":{"0":"post-81160","1":"post","2":"type-post","3":"status-publish","4":"format-standard","5":"has-post-thumbnail","7":"category-zinas-no-arvalstim","8":"tag-aktualitates","9":"tag-arvalstim","10":"tag-breaking-news","11":"tag-breakingnews","12":"tag-featured-news","13":"tag-featurednews","14":"tag-headlines","15":"tag-latest-news","16":"tag-latestnews","17":"tag-latvia","18":"tag-latvian","19":"tag-latviesu","20":"tag-latviesu-valoda","21":"tag-latviesuvaloda","22":"tag-latvija","23":"tag-lv","24":"tag-news","25":"tag-popularakas-zinas","26":"tag-popularakaszinas","27":"tag-top-stories","28":"tag-topstories","29":"tag-world","30":"tag-world-news","31":"tag-worldnews","32":"tag-zinas","33":"tag-zinas-no-arvalstim"},"share_on_mastodon":{"url":"https:\/\/pubeurope.com\/@lv\/115752889639562519","error":""},"_links":{"self":[{"href":"https:\/\/www.europesays.com\/lv\/wp-json\/wp\/v2\/posts\/81160","targetHints":{"allow":["GET"]}}],"collection":[{"href":"https:\/\/www.europesays.com\/lv\/wp-json\/wp\/v2\/posts"}],"about":[{"href":"https:\/\/www.europesays.com\/lv\/wp-json\/wp\/v2\/types\/post"}],"author":[{"embeddable":true,"href":"https:\/\/www.europesays.com\/lv\/wp-json\/wp\/v2\/users\/2"}],"replies":[{"embeddable":true,"href":"https:\/\/www.europesays.com\/lv\/wp-json\/wp\/v2\/comments?post=81160"}],"version-history":[{"count":0,"href":"https:\/\/www.europesays.com\/lv\/wp-json\/wp\/v2\/posts\/81160\/revisions"}],"wp:featuredmedia":[{"embeddable":true,"href":"https:\/\/www.europesays.com\/lv\/wp-json\/wp\/v2\/media\/68560"}],"wp:attachment":[{"href":"https:\/\/www.europesays.com\/lv\/wp-json\/wp\/v2\/media?parent=81160"}],"wp:term":[{"taxonomy":"category","embeddable":true,"href":"https:\/\/www.europesays.com\/lv\/wp-json\/wp\/v2\/categories?post=81160"},{"taxonomy":"post_tag","embeddable":true,"href":"https:\/\/www.europesays.com\/lv\/wp-json\/wp\/v2\/tags?post=81160"}],"curies":[{"name":"wp","href":"https:\/\/api.w.org\/{rel}","templated":true}]}}