{"id":81161,"date":"2025-12-20T16:41:09","date_gmt":"2025-12-20T16:41:09","guid":{"rendered":"https:\/\/www.europesays.com\/lv\/81161\/"},"modified":"2025-12-20T16:41:09","modified_gmt":"2025-12-20T16:41:09","slug":"veselibas-inspekcija-nosledz-parbaudi-lieta-par-iespejamu-badinasanu-ezerkrastos-nolaidiba-netika-konstateta-lente-lv","status":"publish","type":"post","link":"https:\/\/www.europesays.com\/lv\/81161\/","title":{"rendered":"Vesel\u012bbas inspekcija nosl\u0113dz p\u0101rbaudi liet\u0101 par iesp\u0113jamu badin\u0101\u0161anu &#8220;Ezerkrastos&#8221;; nolaid\u012bba netika konstat\u0113ta\u00a0\u2014\u00a0Lente.lv"},"content":{"rendered":"<p>Inspekcija nekonstat\u0113 nolaid\u012bbu, iesaka uzlabot svara uzraudz\u012bbu<\/p>\n<p>P\u0113c ilgsto\u0161as izmekl\u0113\u0161anas saist\u012bb\u0101 ar gad\u012bjumu, kur\u0101 Valsts soci\u0101l\u0101s apr\u016bpes centra (VSAC) &#8220;R\u012bga&#8221; fili\u0101l\u0113 &#8220;Ezerkrasti&#8221; iesp\u0113jami tika badin\u0101ts jaunietis ar smagiem att\u012bst\u012bbas trauc\u0113jumiem, Vesel\u012bbas inspekcija (VI) ir pabeigusi savu p\u0101rbaudi. K\u0101 inform\u0113 Latvijas Sabiedriskie Mediji, VI nav guvusi objekt\u012bvus pier\u0101d\u012bjumus par \u0101rstniec\u012bbas personu nolaid\u012bbu vai apzin\u0101tu profesion\u0101lo pien\u0101kumu neveik\u0161anu. \u0160is gad\u012bjums k\u013cuva publisks, kad biedr\u012bba &#8220;Latvijas kust\u012bba par neatkar\u012bgu dz\u012bvi&#8221; pauda ba\u017eas par to, ka 18 gadus vecs klients no &#8220;Ezerkrastiem&#8221; uz grupu dz\u012bvokli p\u0101rcelts ar svaru vien 28 kilogrami.<\/p>\n<p>Rekomend\u0101cijas svara m\u0113r\u012bjumu preciz\u0113\u0161anai<\/p>\n<p>Lai gan p\u0101rk\u0101pumi netika konstat\u0113ti, VI ir izdevusi rekomend\u0101cijas iest\u0101dei turpm\u0101k uzlabot klientu uzraudz\u012bbas procesus. Inspekcija aicina VSAC &#8220;R\u012bga&#8221; fili\u0101li nodro\u0161in\u0101t objekt\u012bvus svara m\u0113r\u012bjumus visiem klientiem jau vi\u0146u iest\u0101\u0161an\u0101s br\u012bd\u012b, \u012bpa\u0161i, ja vizu\u0101li konstat\u0113jamas b\u016btiskas svara novirzes no normas. T\u0101pat tiek ieteikts \u0101rstiem un speci\u0101listiem sniegt detaliz\u0113t\u0101kas nor\u0101des par svara kontroles dinamiku un bie\u017eumu.<\/p>\n<p>Pamatojums un izv\u0113rt\u0113jums<\/p>\n<p>VI savu sl\u0113dzienu balst\u012bja uz p\u0101rbaud\u012btu medic\u012bnisko dokument\u0101ciju, sa\u0146emtajiem speci\u0101listu paskaidrojumiem un kl\u0101tienes viz\u012btes laik\u0101 veiktaj\u0101m intervij\u0101m ar fili\u0101les person\u0101lu. Inspekcijas ieskat\u0101, konkr\u0113to situ\u0101ciju, kas noveda pie svara zuduma, ietekm\u0113ja vair\u0101ku faktoru kopums, ieskaitot klienta smago vesel\u012bbas st\u0101vokli, dz\u012bves apst\u0101k\u013cu mai\u0146u un iesp\u0113jamu papildu saslim\u0161anu. Dokument\u0101cija liecin\u0101jusi, ka klientam tika nodro\u0161in\u0101ta visa \u0101rsta un uztura speci\u0101lista noz\u012bm\u0113t\u0101 baro\u0161ana.<\/p>\n<p>Citas iest\u0101des veic savu izmekl\u0113\u0161anu<\/p>\n<p>Ir svar\u012bgi atz\u012bm\u0113t, ka Vesel\u012bbas inspekcijas atzinums nav vien\u012bgais, kas tiek gaid\u012bts \u0161aj\u0101 liet\u0101. Jau iepriek\u0161 tika zi\u0146ots, ka \u0122ener\u0101lprokurat\u016bra ir s\u0101kusi atsevi\u0161\u0137u p\u0101rbaudi, lai izv\u0113rt\u0113tu VSAC amatpersonu r\u012bc\u012bbu un to, vai nav noticis k\u0101ds noziedz\u012bgs nodar\u012bjums. \u0160\u012b izmekl\u0113\u0161ana ir v\u0113rsta uz pla\u0161\u0101ku notiku\u0161\u0101 apst\u0101k\u013cu un iesp\u0113jamo amatpersonu atbild\u012bbas v\u0113rt\u0113\u0161anu.<\/p>\n<p>Fona inform\u0101cija un klienta st\u0101voklis<\/p>\n<p>Trauksmes c\u0113l\u0101ji, biedr\u012bba &#8220;Latvijas kust\u012bba par neatkar\u012bgu dz\u012bvi&#8221;, nor\u0101da, ka \u0123imenes \u0101rste, kas iepriek\u0161 apr\u016bp\u0113jusi jaunieti, apstiprin\u0101jusi, ka klients bijis nobad\u0101ts. Pats apr\u016bpes centrs \u0161\u0101du faktu noliedz. Lai gan atvese\u013co\u0161an\u0101s prasa laiku, tiek zi\u0146ots, ka jaunietis ir p\u0101rn\u0101cis uz grupu dz\u012bvokli, kur j\u016btas labi un ir atgriezies dz\u012bvesprieks. Vi\u0146\u0161 ir pie\u0146\u0113mies svar\u0101 un iesaist\u0101s da\u017e\u0101d\u0101s nodarb\u0113s.<\/p>\n","protected":false},"excerpt":{"rendered":"Inspekcija nekonstat\u0113 nolaid\u012bbu, iesaka uzlabot svara uzraudz\u012bbu P\u0113c ilgsto\u0161as izmekl\u0113\u0161anas saist\u012bb\u0101 ar gad\u012bjumu, kur\u0101 Valsts soci\u0101l\u0101s apr\u016bpes centra&hellip;\n","protected":false},"author":2,"featured_media":81162,"comment_status":"","ping_status":"","sticky":false,"template":"","format":"standard","meta":{"footnotes":""},"categories":[12],"tags":[23,28,29,20383,32,33,22,12277,30,31,35,39,38,36,37,34,40,20,26,27,3147,20384,24,25,691,21],"class_list":{"0":"post-81161","1":"post","2":"type-post","3":"status-publish","4":"format-standard","5":"has-post-thumbnail","7":"category-latvija","8":"tag-aktualitates","9":"tag-breaking-news","10":"tag-breakingnews","11":"tag-ezerkrasti","12":"tag-featured-news","13":"tag-featurednews","14":"tag-headlines","15":"tag-jaunietis","16":"tag-latest-news","17":"tag-latestnews","18":"tag-latvia","19":"tag-latvian","20":"tag-latviesu","21":"tag-latviesu-valoda","22":"tag-latviesuvaloda","23":"tag-latvija","24":"tag-lv","25":"tag-news","26":"tag-popularakas-zinas","27":"tag-popularakaszinas","28":"tag-sociala-aprupe","29":"tag-svara-kontrole","30":"tag-top-stories","31":"tag-topstories","32":"tag-veselibas-inspekcija","33":"tag-zinas"},"share_on_mastodon":{"url":"https:\/\/pubeurope.com\/@lv\/115752893385683025","error":""},"_links":{"self":[{"href":"https:\/\/www.europesays.com\/lv\/wp-json\/wp\/v2\/posts\/81161","targetHints":{"allow":["GET"]}}],"collection":[{"href":"https:\/\/www.europesays.com\/lv\/wp-json\/wp\/v2\/posts"}],"about":[{"href":"https:\/\/www.europesays.com\/lv\/wp-json\/wp\/v2\/types\/post"}],"author":[{"embeddable":true,"href":"https:\/\/www.europesays.com\/lv\/wp-json\/wp\/v2\/users\/2"}],"replies":[{"embeddable":true,"href":"https:\/\/www.europesays.com\/lv\/wp-json\/wp\/v2\/comments?post=81161"}],"version-history":[{"count":0,"href":"https:\/\/www.europesays.com\/lv\/wp-json\/wp\/v2\/posts\/81161\/revisions"}],"wp:featuredmedia":[{"embeddable":true,"href":"https:\/\/www.europesays.com\/lv\/wp-json\/wp\/v2\/media\/81162"}],"wp:attachment":[{"href":"https:\/\/www.europesays.com\/lv\/wp-json\/wp\/v2\/media?parent=81161"}],"wp:term":[{"taxonomy":"category","embeddable":true,"href":"https:\/\/www.europesays.com\/lv\/wp-json\/wp\/v2\/categories?post=81161"},{"taxonomy":"post_tag","embeddable":true,"href":"https:\/\/www.europesays.com\/lv\/wp-json\/wp\/v2\/tags?post=81161"}],"curies":[{"name":"wp","href":"https:\/\/api.w.org\/{rel}","templated":true}]}}