{"id":81163,"date":"2025-12-20T16:46:08","date_gmt":"2025-12-20T16:46:08","guid":{"rendered":"https:\/\/www.europesays.com\/lv\/81163\/"},"modified":"2025-12-20T16:46:08","modified_gmt":"2025-12-20T16:46:08","slug":"pat-neatceros-kad-man-saka-veidoties-ta-apzina-ka-sis-nav-tas-ka-mums-butu-jadzivo-santa","status":"publish","type":"post","link":"https:\/\/www.europesays.com\/lv\/81163\/","title":{"rendered":"Pat neatceros, kad man s\u0101ka veidoties t\u0101 apzi\u0146a, ka \u0161is nav tas, k\u0101 mums b\u016btu j\u0101dz\u012bvo \u2014 Santa"},"content":{"rendered":"<p>\u017d\u0113l, ka \u00abIEVAS\u00bb las\u012bt\u0101jas nevar \u0161o interviju klaus\u012bties un dzird\u0113t Eduarda neuzb\u0101z\u012bg\u0101 intelektu\u0101l\u0101 humora un balss tembra kombin\u0101ciju. Starp citu, t\u0101 ir ar\u012b vi\u0146a t\u0113va balss. Eduards, k\u0101dreiz\u0113j\u0101 Dailes te\u0101tra galven\u0101 re\u017eisora Arnolda Lini\u0146a un re\u017eisores un pedago\u0123es Ainas Mat\u012bsas d\u0113ls, p\u0113c balss l\u016bzuma atkl\u0101ja, ka vi\u0146a balss ir identiska t\u0113va balsij.\u00a0<\/p>\n<p>J\u016bs esat viens no tiem <a data-id=\"123940\" href=\"https:\/\/123940\/latvijas-radio?utm_source=internal&amp;utm_medium=article&amp;utm_campaign=theme_link\" target=\"_blank\" rel=\"nofollow\">Latvijas Radio<\/a> \u017eurn\u0101listiem, kas \u0161ovakar (intervijas dien\u0101 notika pla\u0161i protesti pret\u00a0 izst\u0101\u0161anos no Stambulas konvencijas \u2013 red.) tie\u0161raid\u0113 koment\u0113s notikumus no Doma laukuma. Ja tas neb\u016btu darba pien\u0101kums, vai j\u016bs \u0161ovakar dotos uz manifest\u0101ciju?<\/p>\n<p>Dro\u0161i vien. Mana p\u0101rliec\u012bba ir, ka \u0161is protests, \u0161\u0101da sabiedr\u012bbas gribas izpausme ir pamatota, un \u0161o sign\u0101lu m\u016bsu politisk\u0101 elite ir peln\u012bjusi. Es dom\u0101ju, tai tas n\u0101ks par labu. Tas, kas p\u0113d\u0113j\u0101s ned\u0113\u013c\u0101s noticis saist\u012bb\u0101 ar pretvardarb\u012bbas konvenciju, ir Latvijas k\u0101 valsts un demokr\u0101tiskas sabiedr\u012bbas necien\u012bgi. Par laimi, mums ir iesp\u0113ja paust savus uzskatus. M\u0113s dz\u012bvojam sabiedr\u012bb\u0101, kur tas nav liegts, kur nav j\u0101baid\u0101s, ka no s\u0101niel\u0101m izskries z\u0113ni aizsegt\u0101m sej\u0101m un stekiem un s\u0101ks san\u0101ku\u0161os apstr\u0101d\u0101t, k\u0101 tas notiek daudzviet pasaul\u0113.\u00a0<\/p>\n<p>K\u0101 j\u016bs liel\u0101k\u0101 m\u0113rog\u0101 redzat tos procesus, kas sav\u0113rp\u0101s ap Stambulas konvenciju?\u00a0<\/p>\n<blockquote><p>&#13;<\/p>\n<p>Cilv\u0113ks var b\u016bt idejiski drusku aizg\u0101jis pa f\u0101z\u0113m, bet tas vi\u0146u nepadara par \u013caunuma iemiesojumu.\u00a0<\/p>\n<p>&#13;\n<\/p><\/blockquote>\n<p>M\u0113s dz\u012bvojam b\u016btisku p\u0101rmai\u0146u laikmet\u0101, un iemesls liel\u0101 m\u0113r\u0101 ir tehnolo\u0123iju att\u012bst\u012bba. Tas ir apm\u0113ram tikpat b\u016btisks pagrieziens k\u0101 pirms 500\u00a0gadiem, kad rad\u0101s drukas ma\u0161\u012bnas un tipogr\u0101fijas industrija. Eirop\u0101 \u0161is jaunais laikmets n\u0101ca ar reform\u0101ciju un grandioziem satricin\u0101jumiem. Tagad ir glob\u0101lais t\u012bmeklis, soci\u0101lie t\u012bkli, kur inform\u0101cija aprit v\u0113l nesen neiedom\u0101jam\u0101 \u0101trum\u0101, un ir milz\u012bgas pa\u0161izpausmes iesp\u0113jas. Strauj\u0101 inform\u0101cijas aprite rada ar\u012b trauksmi un nedro\u0161\u012bbu, cilv\u0113ki j\u016btas izsisti no l\u012bdzsvara, un daudzi skat\u0101s atpaka\u013c pag\u0101tn\u0113, jo vi\u0146iem \u0161\u0137iet, ka labi ir t\u0101, k\u0101 bija agr\u0101k, un vajag c\u012bn\u012bties pret to, kas sabiedr\u012bb\u0101 l\u012bdz \u0161im nav bijis ierasts. Ar to daudziem saist\u012bta attieksme pret LGBT kopienu un papla\u0161in\u0101tu izpratni par cilv\u0113ka ties\u012bb\u0101m. No t\u0101 liel\u0101 m\u0113r\u0101 tiek veidots fobiju un agresijas bubulis. Redzu, ka nask\u0101ki \u0161aj\u0101s izpausm\u0113s ir tie, kas sevi pozicion\u0113 k\u0101 konservat\u012bvos. Nesaku, ka visi konservat\u012bvie, bet tie, kurus var\u0113tu saukt par ultrakonservat\u012bvajiem vai konservat\u012bvajiem populistiem, kam viss, kas ir kreiss un liber\u0101ls, ir \u013caunums, sabiedr\u012bbu graujo\u0161s, \u0123imenei naid\u012bgs. Tur s\u0101kas m\u012bti par spalvainiem t\u0113vi\u0146iem skolnie\u010du du\u0161\u0101s. Man \u0161\u0137iet, ka daudzmaz kritiski dom\u0101jo\u0161s cilv\u0113ks saprot\u00a0\u2013 tie ir peksti\u0146i. Un es neticu, ka deput\u0101ti, kuri balsoja par konvencijas denons\u0113\u0161anu, pa\u0161i tie\u0161\u0101m tic, ka t\u0101 apdraud tradicion\u0101lo \u0123imeni un ir naid\u012bga tradicion\u0101laj\u0101m v\u0113rt\u012bb\u0101m.\u00a0<\/p>\n","protected":false},"excerpt":{"rendered":"\u017d\u0113l, ka \u00abIEVAS\u00bb las\u012bt\u0101jas nevar \u0161o interviju klaus\u012bties un dzird\u0113t Eduarda neuzb\u0101z\u012bg\u0101 intelektu\u0101l\u0101 humora un balss tembra kombin\u0101ciju.&hellip;\n","protected":false},"author":2,"featured_media":81164,"comment_status":"","ping_status":"","sticky":false,"template":"","format":"standard","meta":{"footnotes":""},"categories":[14],"tags":[23,57,28,29,32,33,22,30,31,35,39,38,36,37,34,40,20,26,27,24,25,54,55,56,21,58],"class_list":{"0":"post-81163","1":"post","2":"type-post","3":"status-publish","4":"format-standard","5":"has-post-thumbnail","7":"category-zinas-no-arvalstim","8":"tag-aktualitates","9":"tag-arvalstim","10":"tag-breaking-news","11":"tag-breakingnews","12":"tag-featured-news","13":"tag-featurednews","14":"tag-headlines","15":"tag-latest-news","16":"tag-latestnews","17":"tag-latvia","18":"tag-latvian","19":"tag-latviesu","20":"tag-latviesu-valoda","21":"tag-latviesuvaloda","22":"tag-latvija","23":"tag-lv","24":"tag-news","25":"tag-popularakas-zinas","26":"tag-popularakaszinas","27":"tag-top-stories","28":"tag-topstories","29":"tag-world","30":"tag-world-news","31":"tag-worldnews","32":"tag-zinas","33":"tag-zinas-no-arvalstim"},"share_on_mastodon":{"url":"https:\/\/pubeurope.com\/@lv\/115752913194015265","error":""},"_links":{"self":[{"href":"https:\/\/www.europesays.com\/lv\/wp-json\/wp\/v2\/posts\/81163","targetHints":{"allow":["GET"]}}],"collection":[{"href":"https:\/\/www.europesays.com\/lv\/wp-json\/wp\/v2\/posts"}],"about":[{"href":"https:\/\/www.europesays.com\/lv\/wp-json\/wp\/v2\/types\/post"}],"author":[{"embeddable":true,"href":"https:\/\/www.europesays.com\/lv\/wp-json\/wp\/v2\/users\/2"}],"replies":[{"embeddable":true,"href":"https:\/\/www.europesays.com\/lv\/wp-json\/wp\/v2\/comments?post=81163"}],"version-history":[{"count":0,"href":"https:\/\/www.europesays.com\/lv\/wp-json\/wp\/v2\/posts\/81163\/revisions"}],"wp:featuredmedia":[{"embeddable":true,"href":"https:\/\/www.europesays.com\/lv\/wp-json\/wp\/v2\/media\/81164"}],"wp:attachment":[{"href":"https:\/\/www.europesays.com\/lv\/wp-json\/wp\/v2\/media?parent=81163"}],"wp:term":[{"taxonomy":"category","embeddable":true,"href":"https:\/\/www.europesays.com\/lv\/wp-json\/wp\/v2\/categories?post=81163"},{"taxonomy":"post_tag","embeddable":true,"href":"https:\/\/www.europesays.com\/lv\/wp-json\/wp\/v2\/tags?post=81163"}],"curies":[{"name":"wp","href":"https:\/\/api.w.org\/{rel}","templated":true}]}}